{"id":640883,"date":"2024-11-15T00:00:23","date_gmt":"2024-11-15T06:00:23","guid":{"rendered":"https:\/\/www.diarioimagen.net\/?p=640883"},"modified":"2024-11-15T01:14:08","modified_gmt":"2024-11-15T07:14:08","slug":"mas-de-60-mil-beneficiados-en-jornadas-cancun-nos-une","status":"publish","type":"post","link":"https:\/\/www.diarioimagen.net\/?p=640883","title":{"rendered":"M\u00e1s de 60 mil beneficiados en Jornadas \u201c\u00a1Canc\u00fan nos Une!\u201d"},"content":{"rendered":"<h2>Hora 14<\/h2>\n<h5>Mauricio Conde Olivares<\/h5>\n<p>&nbsp;<\/p>\n<p>M\u00e9xico iniciaba la era satelital con base en tecnolog\u00eda estadounidense, dejando para despu\u00e9s el desarrollo de la innovaci\u00f3n japonesa mediante el uso de la fibra \u00f3ptica. Era el inicio de los Sat\u00e9lites Morelos con la conducci\u00f3n de se\u00f1ales de telecomunicaciones, voz y datos por todo nuestro territorio, que marcaba adem\u00e1s la presencia de nuestro pa\u00eds en el espacio sideral apoder\u00e1ndonos para siempre de una \u00f3rbita alrededor de la Tierra para situar estos artefactos.<\/p>\n<p>El autor de esta columna como encargado de prensa del Primer Astronauta Mexicano, Rodolfo Neri Vela, desde mi responsabilidad entonces como Jefe de Informaci\u00f3n de la SCT, con el propio ingeniero durante un a\u00f1o recorrimos el pa\u00eds para que brindar\u00e1 conferencias ante la comunidad estudiantil mexicana sobre los experimentos realizados en el espacio y de paso atendiera entrevistas a los medios de comunicaci\u00f3n.<\/p>\n<p>Hoy, toca comentar que al concluir el Congreso Nacional de Actividades Espaciales (CONACES 2024), el alto funcionario de la agencia espacial estadounidense (NASA) Andr\u00e9s Mart\u00ednez, asegur\u00f3 que nuestro pa\u00eds tiene todo para lograr una gran presencia en el \u00e1mbito espacial.<\/p>\n<p>Ante la Secretar\u00eda de Infraestructura, Comunicaciones y Transportes (SICT), a trav\u00e9s de la Agencia Espacial Mexicana (AEM), el Ejecutivo de Programas del Directorado de Misiones de Desarrollo de Sistemas de Exploraci\u00f3n, asever\u00f3 que \u201cmi visi\u00f3n es muy clara, M\u00e9xico tiene capacidad, conocimiento, y ha tenido gran desempe\u00f1o en todas sus colaboraciones con NASA\u201d.<\/p>\n<p>En su oportunidad, el director general de AEM, Salvador Landeros Ayala, record\u00f3 que M\u00e9xico tiene m\u00e1s de una d\u00e9cada colaborando exitosamente en proyectos con NASA, y se congratul\u00f3 por la presencia de Mart\u00ednez, responsable de desarrollar sistemas, sat\u00e9lites y nueva tecnolog\u00eda para misiones espaciales.<\/p>\n<p>Mart\u00ednez rememor\u00f3 la exitosa misi\u00f3n del AztechSat-1, primer Nanosat\u00e9lite mexicano en la Estaci\u00f3n Espacial Internacional, ingenio que logr\u00f3 un innovador enlace intersatelital para la necesidad mundial de que los nanosat\u00e9lites dejen de depender exclusivamente de sus estaciones en tierra.<\/p>\n<p>El logro fue muy reconocido a nivel internacional y por la propia NASA, de la cual Mart\u00ednez destac\u00f3 tambi\u00e9n la visita de su titular Bill Nelson, a la Presidencia y el Senado de nuestro pa\u00eds el pasado mes de abril, donde expres\u00f3 el inter\u00e9s para hacer proyectos regionales m\u00e1s grandes con M\u00e9xico<\/p>\n<p>Al respecto, el coordinador general de Formaci\u00f3n de Capital humano de la AEM, Carlos Duarte, destac\u00f3 que hay muy buenas noticias tras el anuncio de la presidenta de M\u00e9xico de que se consolidar\u00e1 el Programa Espacial Mexicano y se pondr\u00e1 en \u00f3rbita un sat\u00e9lite propio.<\/p>\n<p>\u201cUna esperanza para quienes creemos en el poder transformador del espacio, por un futuro mejor y m\u00e1s sostenible. Lo que celebramos en CONACES 2024, mucho m\u00e1s que un congreso, fue un encuentro de sue\u00f1os, miradas hacia el cielo, y corazones latiendo al un\u00edsono\u201d, concluy\u00f3 Duarte.<\/p>\n<p>Agreg\u00f3 que, tras la presentaci\u00f3n en CONACES de la alta ejecutiva de Space-X, Kathryn Lueders, el gobernador de Tamaulipas, Am\u00e9rico Villarreal Anaya, visit\u00f3 sus instalaciones cerca de Brownsville, Texas, en los Estados Unidos, muy pr\u00f3ximas a Matamoros, para concluir la agenda de trabajo.<\/p>\n<p>\u201cFelicito a todas las personas que participaron en la organizaci\u00f3n de este gran evento\u201d, celebr\u00f3 Mart\u00ednez el d\u00eda de cierre del CONACES 2024, que dej\u00f3 huella por su enfoque binacional, y que podr\u00e1 devenir en parteaguas de consolidaci\u00f3n del desarrollo espacial de Tamaulipas y del pa\u00eds.<\/p>\n<p>Ahora, pasemos al espacio cu\u00e1ntico.<\/p>\n<p>Palo Alto Networks public\u00f3 sus predicciones para la industria de la ciberseguridad con un llamado especial a los equipos cibern\u00e9ticos para que se preparen con una visi\u00f3n cu\u00e1ntica, con el fin de que establezcan una hoja de ruta resistente para preparar a sus organizaciones de cara al futuro de esta creciente amenaza y oportunidad. Con base en los profundos conocimientos de sus expertos en ciberseguridad, Palo Alto Networks detalla cinco predicciones sobre lo que dar\u00e1 forma al panorama de la ciberseguridad en 2025.<\/p>\n<p>Las organizaciones abordar\u00e1n las primeras etapas de la preparaci\u00f3n cu\u00e1ntica<\/p>\n<p>La computaci\u00f3n cu\u00e1ntica, el riesgo cu\u00e1ntico y la tecnolog\u00eda necesaria para protegerlo, cifrarlo y asegurarlo pasar\u00e1n a la discusi\u00f3n tecnol\u00f3gica principal. Si bien los ataques cu\u00e1nticos pr\u00e1cticos contra los m\u00e9todos de cifrado ampliamente utilizados a\u00fan no son factibles, es probable que sean posibles en la pr\u00f3xima d\u00e9cada, por lo que el momento de que las organizaciones se preparen es ahora.<\/p>\n<p>En 2024, investigadores chinos rompieron con \u00e9xito los cifrados RSA cl\u00e1sicos de 50 bits utilizando una computadora de recocido cu\u00e1ntico. Aunque esto no es motivo de alarma (RSA utiliza &lt;2048 bits), exacerba a\u00fan m\u00e1s la necesidad repentina y urgente de algoritmos criptogr\u00e1ficos resistentes a la cu\u00e1ntica.<\/p>\n<p>En 2025, la carrera por desplegar esos algoritmos se centrar\u00e1 m\u00e1s en los CISO, especialmente en los servicios financieros y en los que protegen la infraestructura nacional cr\u00edtica.<\/p>\n<p>El primer paso, a corto plazo, deber\u00eda ser la preparaci\u00f3n de una hoja de ruta de resistencia cu\u00e1ntica que incluir\u00eda:<\/p>\n<p>Una evaluaci\u00f3n del riesgo y el mapa de las aplicaciones de desarrollo propio y las tecnolog\u00edas de los proveedores con criptograf\u00eda poscu\u00e1ntica (PQC) como requisito inmediato.<\/p>\n<p>Una estrategia de migraci\u00f3n a algoritmos criptogr\u00e1ficos y de recocido resistentes, teniendo en cuenta los impactos en los recursos de hardware que introdujo latencias (experiencia de usuario) y el mantenimiento (e.g. key rotaciones).<\/p>\n<p>En l\u00ednea con las prioridades de la alta direcci\u00f3n para 2025, dichos planes deben incluir una visi\u00f3n sobre c\u00f3mo la cu\u00e1ntica podr\u00eda reducir eficazmente para las organizaciones el consumo de energ\u00eda y las emisiones de carbono al permitir estrategias de control s\u00f3lidas y conscientes de la incertidumbre en la gesti\u00f3n de las cargas de trabajo de la IA que consumen mucha energ\u00eda.<\/p>\n<p>Con este an\u00e1lisis en su lugar, los CISO podr\u00e1n desacreditar cualquier exageraci\u00f3n en torno a la cu\u00e1ntica con sus tableros, detallando cu\u00e1l es la amenaza ahora, c\u00f3mo se gestionar\u00e1 y cu\u00e1les podr\u00edan ser los beneficios comerciales de hacerlo.<\/p>\n<p>Otras predicciones de Palo Alto Networks incluyen:<\/p>\n<p><strong>1.-<\/strong> La medici\u00f3n estricta de los esfuerzos en ciberseguridad se convierte en la norma a medida que se profundiza el impacto de la IA en los ciberataques: los profesionales de la seguridad deben ser proactivos a la hora de establecer para s\u00ed mismos y sus equipos m\u00e9tricos espec\u00edficas con las que realizar un seguimiento, llegando a indicadores clave de rendimiento (KPI) espec\u00edficos.<\/p>\n<p><strong>2.-<\/strong> El auge de los copilotos de IA obliga a reescribir las descripciones de los puestos de trabajo en ciberseguridad: Con la creciente popularidad y sofisticaci\u00f3n de los copilotos de seguridad habilitados para la IA, desde asistentes \u00fatiles hasta \u201ccompa\u00f1eros de equipo\u201d totalmente aut\u00f3nomos, la descripci\u00f3n del trabajo humano para cada funci\u00f3n de ciberseguridad tendr\u00e1 que reescribirse en el pr\u00f3ximo a\u00f1o.<br \/>\n<strong>3.-<\/strong> El papel de la ciberseguridad en la lucha clim\u00e1tica &#8211; Los profesionales de la ciberseguridad aspiran a la \u201cdoble victoria\u201d de reducir los costos y la huella de carbono: las organizaciones deben adoptar pr\u00e1cticas m\u00e1s ecol\u00f3gicas para minimizar el impacto medioambiental de su infraestructura digital, desde la adopci\u00f3n de la consolidaci\u00f3n hasta la optimizaci\u00f3n de los modelos de IA para la eficiencia energ\u00e9tica.<br \/>\n<strong>4.-<\/strong> Redefinici\u00f3n del cumplimiento: Los equipos cibern\u00e9ticos se ven obligados a demostrar el \u201cimpacto\u201d por encima de la \u201cintenci\u00f3n\u201d: Con el aumento de las regulaciones relacionadas con la ciberseguridad, las organizaciones tendr\u00e1n que ir m\u00e1s all\u00e1 de las pol\u00edticas escritas, aprobadas e implementadas. Una tendencia creciente hacia el suministro de pruebas y garant\u00edas en tiempo real a los reguladores se convertir\u00e1 en una norma.<\/p>\n<p>\u201cEl creciente uso de la IA en la ciberseguridad y otras operaciones comerciales requiere una inmensa potencia computacional, lo que aumenta significativamente el consumo de energ\u00eda y las emisiones de carbono. A medida que las empresas adoptan m\u00e1s tecnolog\u00edas impulsadas por la IA, los CIO y los CISO se enfrentan a una mayor presi\u00f3n para equilibrar los avances tecnol\u00f3gicos con los objetivos de sostenibilidad corporativa. Esto obligar\u00e1 a las organizaciones a optimizar los modelos de IA para la eficiencia energ\u00e9tica y a adoptar pr\u00e1cticas m\u00e1s ecol\u00f3gicas para minimizar el impacto medioambiental de su infraestructura digital\u201d, finaliz\u00f3 Haider Pasha, Director de Seguridad de Palo Alto Networks, EMEA y LATAM.<\/p>\n<p>Pasemos estimado lector a otro tema. En Canc\u00fan, como cada semana, la Presidenta Municipal de Benito Ju\u00e1rez, Ana Paty Peralta, encabez\u00f3 la Jornada de Atenci\u00f3n Ciudadana \u201c\u00a1Canc\u00fan nos Une!\u201d, en esta ocasi\u00f3n en el Palacio Municipal, como una modalidad para otorgar facilidades a las familias cancunenses que acudieron por diferentes gestiones y audiencias personalizadas con la autoridad.<\/p>\n<p>En entrevista posterior, indic\u00f3 que gracias a esta estrategia se ha beneficiado a m\u00e1s de 60 mil 450 cancunenses desde su inicio en la administraci\u00f3n anterior hasta la fecha, ya que en apoyo de la econom\u00eda familiar y de todos los sectores sociales, se acercan para atender las necesidades de las y los cancunenses, de manera aleatoria una semana en las diversas Supermanzanas de la ciudad y en el recinto de gobierno; empero, lo anterior ser\u00e1 motivo de otro an\u00e1lisis en posterior entrega de <strong><em>HORA 14<\/em><\/strong>.<\/p>\n<p><em><a href=\"mailto:%20mauricio_conde@msn.com\" target=\"_blank\" rel=\"noopener noreferrer\">mauricioconde59@outlook.com<\/a><\/em><br \/>\nX<em>: <a href=\"https:\/\/twitter.com\/mauconde?lang=es\" target=\"_blank\" rel=\"noopener\">@mauconde<\/a><\/em><\/p>\n","protected":false},"excerpt":{"rendered":"<p><span style=\"color: #005497;\"><strong>Mauricio Conde Olivares<\/strong><\/span><\/p>\n","protected":false},"author":3,"featured_media":0,"comment_status":"open","ping_status":"open","sticky":false,"template":"","format":"standard","meta":{"_monsterinsights_skip_tracking":false,"_monsterinsights_sitenote_active":false,"_monsterinsights_sitenote_note":"","_monsterinsights_sitenote_category":0,"footnotes":""},"categories":[35889],"tags":[43712,43674,44860],"class_list":["post-640883","post","type-post","status-publish","format-standard","hentry","category-mauricio-conde-olivares","tag-mauricio-conde-olivares","tag-opinion","tag-hora-14"],"_links":{"self":[{"href":"https:\/\/www.diarioimagen.net\/index.php?rest_route=\/wp\/v2\/posts\/640883","targetHints":{"allow":["GET"]}}],"collection":[{"href":"https:\/\/www.diarioimagen.net\/index.php?rest_route=\/wp\/v2\/posts"}],"about":[{"href":"https:\/\/www.diarioimagen.net\/index.php?rest_route=\/wp\/v2\/types\/post"}],"author":[{"embeddable":true,"href":"https:\/\/www.diarioimagen.net\/index.php?rest_route=\/wp\/v2\/users\/3"}],"replies":[{"embeddable":true,"href":"https:\/\/www.diarioimagen.net\/index.php?rest_route=%2Fwp%2Fv2%2Fcomments&post=640883"}],"version-history":[{"count":0,"href":"https:\/\/www.diarioimagen.net\/index.php?rest_route=\/wp\/v2\/posts\/640883\/revisions"}],"wp:attachment":[{"href":"https:\/\/www.diarioimagen.net\/index.php?rest_route=%2Fwp%2Fv2%2Fmedia&parent=640883"}],"wp:term":[{"taxonomy":"category","embeddable":true,"href":"https:\/\/www.diarioimagen.net\/index.php?rest_route=%2Fwp%2Fv2%2Fcategories&post=640883"},{"taxonomy":"post_tag","embeddable":true,"href":"https:\/\/www.diarioimagen.net\/index.php?rest_route=%2Fwp%2Fv2%2Ftags&post=640883"}],"curies":[{"name":"wp","href":"https:\/\/api.w.org\/{rel}","templated":true}]}}