{"id":640956,"date":"2024-11-18T00:01:25","date_gmt":"2024-11-18T06:01:25","guid":{"rendered":"https:\/\/www.diarioimagen.net\/?p=640956"},"modified":"2024-11-19T00:01:21","modified_gmt":"2024-11-19T06:01:21","slug":"austeridad-pero-sin-afectar-la-operacion-del-pais-claudia-sheinbaum","status":"publish","type":"post","link":"https:\/\/www.diarioimagen.net\/?p=640956","title":{"rendered":"Austeridad, pero sin afectar la operaci\u00f3n del pa\u00eds: Claudia Sheinbaum"},"content":{"rendered":"<p>&nbsp;<\/p>\n<h2 style=\"text-align: center;\">Cambios en la distribuci\u00f3n del presupuesto<\/h2>\n<p><em>\u00a0<\/em><\/p>\n<ul>\n<li><strong><em>La econom\u00eda est\u00e1 s\u00f3lida, fuerte y vamos a salir adelante el pr\u00f3ximo a\u00f1o, se\u00f1ala<\/em><\/strong><\/li>\n<\/ul>\n<p>&nbsp;<\/p>\n<div id=\"attachment_641045\" style=\"width: 470px\" class=\"wp-caption aligncenter\"><a href=\"https:\/\/www.diarioimagen.net\/?attachment_id=641045\" rel=\"attachment wp-att-641045\"><img loading=\"lazy\" decoding=\"async\" aria-describedby=\"caption-attachment-641045\" class=\"size-full wp-image-641045\" src=\"https:\/\/www.diarioimagen.net\/wp-content\/uploads\/2024\/11\/claudia-10.jpg\" alt=\"\" width=\"460\" height=\"270\" srcset=\"https:\/\/www.diarioimagen.net\/wp-content\/uploads\/2024\/11\/claudia-10.jpg 460w, https:\/\/www.diarioimagen.net\/wp-content\/uploads\/2024\/11\/claudia-10-240x141.jpg 240w\" sizes=\"auto, (max-width: 460px) 100vw, 460px\" \/><\/a><p id=\"caption-attachment-641045\" class=\"wp-caption-text\">Claudia Sheinbaum Pardo se\u00f1al\u00f3 que habr\u00e1 cambios importantes en la manera de distribuci\u00f3n del presupuesto, por que se reduce el d\u00e9ficit y eso implica un esfuerzo mayor de todo el gobierno de austeridad republicana.<\/p><\/div>\n<p>&nbsp;<\/p>\n<p>La presidenta Claudia Sheinbaum afirm\u00f3 que el Paquete Econ\u00f3mico de 2025 implicar\u00e1 un esfuerzo mayor del gobierno en austeridad republicana, pero sin que se afecte la operaci\u00f3n del pa\u00eds.<\/p>\n<p>\u201cEl Paquete Econ\u00f3mico 2025 es muy s\u00f3lido, vienen cambios importantes en la manera de distribuci\u00f3n del presupuesto, se reduce el d\u00e9ficit y eso implica tambi\u00e9n un esfuerzo mayor de todo el gobierno de austeridad republicana, pero eso no implica afectar la operaci\u00f3n del pa\u00eds ni mucho menos, ni del gobierno\u201d, se\u00f1al\u00f3 la primera mandataria.<\/p>\n<p>\u201cPero s\u00ed algunos ajustes. Obviamente se garantizan los programas de bienestar, inversiones p\u00fablicas, y se hace una reorientaci\u00f3n, y al fortalecer Pemex, pues tambi\u00e9n vamos a fortalecer toda la econom\u00eda del pa\u00eds.<\/p>\n<p>\u201cLa econom\u00eda de M\u00e9xico est\u00e1 s\u00f3lida, est\u00e1 fuerte y vamos a salir adelante el pr\u00f3ximo a\u00f1o, expuso Sheimbaunm Pardo.<\/p>\n<p>Sobre la posibilidad de una reforma fiscal, la titular del Ejecutivo federal indic\u00f3 que por el momento no hay necesidad de hacerla profundamente.<\/p>\n<p>\u201cEste a\u00f1o hay algunos ajustes en la miscel\u00e1nea, menores, y el pr\u00f3ximo a\u00f1o nos vamos a dedicar todav\u00eda m\u00e1s, lo dije en la campa\u00f1a, a fortalecer la recaudaci\u00f3n de aduanas, a disminuir los tr\u00e1mites en el SAT para aumentar la recaudaci\u00f3n, en el fortalecimiento de la recaudaci\u00f3n, en evitar la evasi\u00f3n, que todav\u00eda con todo y lo que hizo Andr\u00e9s manuel L\u00f3pez Obrador hay todav\u00eda evasi\u00f3n fiscal\u201d, agreg\u00f3.<\/p>\n<p>\u201cAhora queda en la Constituci\u00f3n las facturas falsas como prisi\u00f3n preventiva oficiosa y vamos a dedicar un esfuerzo muy importante a ello, todav\u00eda est\u00e1 lamentablemente este tema.<\/p>\n<p>\u201cVamos a trabajar en ello y en el transcurso del a\u00f1o en todo caso revisar, porque tambi\u00e9n se revisa con los distintos sectores del pa\u00eds, por ejemplo ahora el aumento al salario m\u00ednimo viene por consenso, lo anunciaremos en su momento, pero igual si son necesarias reformas adicionales lo estaremos trabajando a lo largo del pr\u00f3ximo a\u00f1o.<\/p>\n<p>\u201cPero todav\u00eda yo creo, es m\u00e1s lo hemos estudiado por varios meses, hay muchas oportunidades de recaudaci\u00f3n sin necesidad de una reforma fiscal profunda\u201d dijo.<\/p>\n<p style=\"text-align: center;\"><strong>\u201cNecesaria, una pol\u00edtica de austeridad en UNAM\u201d<\/strong><\/p>\n<p>La presidenta Sheinbuam Pardo tambi\u00e9n opin\u00f3 que si bien la solicitud de presupuesto para la Universidad Nacional Aut\u00f3noma de M\u00e9xico (UNAM) es un asunto que compete a la comunidad universitaria, es necesario que la instituci\u00f3n tenga una pol\u00edtica de austeridad republicana en el ejercicio de sus recursos.<\/p>\n<p>\u201cYo lo he dicho, y con respeto a la autonom\u00eda universitaria, esto es algo que tiene que decidir las y los universitarios, pero, con respeto, conozco a mi alma mater y tambi\u00e9n tiene que haber programas de austeridad republicana\u201d, se\u00f1al\u00f3 la jefa del Ejecutivo en su conferencia de prensa diaria en Palacio Nacional al ser consultada sobre el tema.<\/p>\n<p>A\u00f1adi\u00f3 que su gobierno entrar\u00e1 en contacto con el rector Leonardo Lomel\u00ed, quien ha anunciado que la UNAM solicitar\u00e1 para 2025 un presupuesto de 52 mil 500 millones de pesos y que este es, en t\u00e9rminos reales, igual al de 2024, cuando la instituci\u00f3n cont\u00f3 con recursos por 50 mil millones de pesos.<\/p>\n<p style=\"text-align: center;\"><strong>Recupera la Constituci\u00f3n su sentido social con reformas: Sheinbaum<\/strong><\/p>\n<p>Sobre la reuni\u00f3n que sostuvo con legisladores de Morena, la mandataria asegur\u00f3 que les dio un mensaje de agradecimiento por las reformas hechas a la Carta Magna, pues la Constituci\u00f3n est\u00e1 recuperando su sentido social con las reformas constitucionales promovidas por la Cuarta Transformaci\u00f3n.<\/p>\n<p>\u201cFue un aplauso, un reconocimiento\u201d, se\u00f1al\u00f3 al comentar la reuni\u00f3n que tuvo a puerta cerrada con diputados y senadores en Palacio Nacional. \u201cSon el Constituyente, les dije ayer, de 2024, porque est\u00e1 reform\u00e1ndo\u00a0 la Constituci\u00f3n para bien del pa\u00eds y recuperando su sentido social y democr\u00e1tico\u201d.<\/p>\n<p>Sheinbaum Pardo asever\u00f3 que las reformas se tuvieron que hacer para corregir enmiendas aprobadas durante el periodo neoliberal. \u201cEl pueblo, que fue olvidado durante tantos a\u00f1os, hoy recupera su participaci\u00f3n en la Constituci\u00f3n Pol\u00edtica, en la democracia, en las libertades, en el reconocimiento de derechos, como los derechos de las mujeres\u201d.<\/p>\n<p>\u201cPorque por m\u00e1s que digan nuestros adversarios, la oposici\u00f3n, algunos que lo que quieren es recuperar sus fueros, sus intereses y privilegios, la Constituci\u00f3n es una constituci\u00f3n republicana y democr\u00e1tica que fortalece la democracia misma\u201d, a\u00f1adi\u00f3.<\/p>\n<p style=\"text-align: center;\"><strong>Secunda Sheinbaum mesura en Departamento<br \/>\nde Estado de EU sobre seguridad<\/strong><\/p>\n<p>En cuanto a la relaci\u00f3n con Estados Unidos, Sheinbaum Pardo se\u00f1al\u00f3 que est\u00e1 de acuerdo en que debe haber coordinaci\u00f3n con Washington, como plante\u00f3 el vocero del Departamento de Estado, Vedant Patel, a ra\u00edz de las cr\u00edticas del embajador Ken Salazar a la estrategia de seguridad del ex presidente Andr\u00e9s Manuel L\u00f3pez Obrador.<\/p>\n<p>\u201cAyer vi notas de que el Departamento de Estado estuvo de acuerdo con la declaraci\u00f3n del embajador de Estados Unidos, pero lo que dice el vocero es que tiene que haber coordinaci\u00f3n y en eso estamos totalmente de acuerdo, ni siquiera hace una valoraci\u00f3n de la pol\u00edtica de seguridad, como lo hizo el embajador\u201d, se\u00f1al\u00f3.<\/p>\n","protected":false},"excerpt":{"rendered":"<p>La presidenta Claudia Sheinbaum afirm\u00f3 que el Paquete Econ\u00f3mico de 2025 implicar\u00e1 un esfuerzo mayor del gobierno en austeridad republicana, pero sin que se afecte la operaci\u00f3n del pa\u00eds.<\/p>\n","protected":false},"author":3,"featured_media":641045,"comment_status":"open","ping_status":"open","sticky":false,"template":"","format":"standard","meta":{"_monsterinsights_skip_tracking":false,"_monsterinsights_sitenote_active":false,"_monsterinsights_sitenote_note":"","_monsterinsights_sitenote_category":0,"footnotes":""},"categories":[17,8],"tags":[94597,101242,72207,16548],"class_list":["post-640956","post","type-post","status-publish","format-standard","has-post-thumbnail","hentry","category-especiales","category-finanzas","tag-afecta","tag-autridad","tag-claudia-sheinbaum-pardo","tag-operacion"],"_links":{"self":[{"href":"https:\/\/www.diarioimagen.net\/index.php?rest_route=\/wp\/v2\/posts\/640956","targetHints":{"allow":["GET"]}}],"collection":[{"href":"https:\/\/www.diarioimagen.net\/index.php?rest_route=\/wp\/v2\/posts"}],"about":[{"href":"https:\/\/www.diarioimagen.net\/index.php?rest_route=\/wp\/v2\/types\/post"}],"author":[{"embeddable":true,"href":"https:\/\/www.diarioimagen.net\/index.php?rest_route=\/wp\/v2\/users\/3"}],"replies":[{"embeddable":true,"href":"https:\/\/www.diarioimagen.net\/index.php?rest_route=%2Fwp%2Fv2%2Fcomments&post=640956"}],"version-history":[{"count":0,"href":"https:\/\/www.diarioimagen.net\/index.php?rest_route=\/wp\/v2\/posts\/640956\/revisions"}],"wp:featuredmedia":[{"embeddable":true,"href":"https:\/\/www.diarioimagen.net\/index.php?rest_route=\/wp\/v2\/media\/641045"}],"wp:attachment":[{"href":"https:\/\/www.diarioimagen.net\/index.php?rest_route=%2Fwp%2Fv2%2Fmedia&parent=640956"}],"wp:term":[{"taxonomy":"category","embeddable":true,"href":"https:\/\/www.diarioimagen.net\/index.php?rest_route=%2Fwp%2Fv2%2Fcategories&post=640956"},{"taxonomy":"post_tag","embeddable":true,"href":"https:\/\/www.diarioimagen.net\/index.php?rest_route=%2Fwp%2Fv2%2Ftags&post=640956"}],"curies":[{"name":"wp","href":"https:\/\/api.w.org\/{rel}","templated":true}]}}