{"id":640967,"date":"2024-11-18T00:09:31","date_gmt":"2024-11-18T06:09:31","guid":{"rendered":"https:\/\/www.diarioimagen.net\/?p=640967"},"modified":"2024-11-19T00:26:14","modified_gmt":"2024-11-19T06:26:14","slug":"lista-la-sexta-temporada-de-teatro-universitario-2024-de-la-uaemex","status":"publish","type":"post","link":"https:\/\/www.diarioimagen.net\/?p=640967","title":{"rendered":"Lista, la Sexta Temporada de Teatro Universitario 2024 de la UAEM\u00e9x"},"content":{"rendered":"<p>&nbsp;<\/p>\n<div id=\"attachment_641033\" style=\"width: 470px\" class=\"wp-caption aligncenter\"><a href=\"https:\/\/www.diarioimagen.net\/?attachment_id=641033\" rel=\"attachment wp-att-641033\"><img loading=\"lazy\" decoding=\"async\" aria-describedby=\"caption-attachment-641033\" class=\"size-full wp-image-641033\" src=\"https:\/\/www.diarioimagen.net\/wp-content\/uploads\/2024\/11\/uaem-lista-sexta.jpg\" alt=\"\" width=\"460\" height=\"270\" srcset=\"https:\/\/www.diarioimagen.net\/wp-content\/uploads\/2024\/11\/uaem-lista-sexta.jpg 460w, https:\/\/www.diarioimagen.net\/wp-content\/uploads\/2024\/11\/uaem-lista-sexta-240x141.jpg 240w\" sizes=\"auto, (max-width: 460px) 100vw, 460px\" \/><\/a><p id=\"caption-attachment-641033\" class=\"wp-caption-text\">El director de la Compa\u00f1\u00eda Universitaria de Teatro, Juan Carlos Embriz Gonzaga, hizo un llamado a difundir estas actividades en favor del fortalecimiento de la cultura mexiquense.<\/p><\/div>\n<p>&nbsp;<\/p>\n<p><strong>Toluca, Estado de M\u00e9xico.<\/strong>\u2014 La Universidad Aut\u00f3noma del Estado de M\u00e9xico (UAEM\u00e9x) present\u00f3, en el Teatro Universitario \u201cLos Jaguares\u201d, la Sexta Temporada de Teatro Universitario 2024 que se compone de cinco puestas en escena.<\/p>\n<p>El director de la Compa\u00f1\u00eda Universitaria de Teatro, Juan Carlos Embriz Gonzaga, destac\u00f3 la importancia de apoyar a las obras teatrales de la universidad porque representan una fuente de creatividad y talento, al tiempo de fortalece la cultura mexiquense.<\/p>\n<p>En el Teatro Universitario \u201cLos Jaguares\u201d se presentar\u00e1, \u201cLa Pastorela, El Riality, Next Generation\u201d del grupo teatral Imakinaci\u00f3n Teatro, creaci\u00f3n y direcci\u00f3n de Jos\u00e9 Antonio Flores Cedillo; una obra al estilo cabaret que expone el ensimismamiento de la poblaci\u00f3n, la sobreexposici\u00f3n a los reality shows y el sensacionalismo. Dirigida a adolescentes y adultos, esta disponible del 14 de noviembre al 15 de diciembre, de jueves a s\u00e1bado a las 17 horas y domingos a las 16 horas.<\/p>\n<p>Asimismo, se presenta \u201cDominico. Hay un perro en el Pesebre\u201d, pastorela creada y dirigida por Embriz Gonzaga, que aborda el tema de los animales como seres sintientes y con derechos, el feminismo y otras situaciones actuales. Apta para todo p\u00fablico, estar\u00e1 disponible del 21 de noviembre al 15 de diciembre en horario de jueves a s\u00e1bado a las 19 horas y domingos a las 18 horas.<\/p>\n<p>El grupo Theodomay Teatro presenta la pastorela que lleva por t\u00edtulo \u201cLas Trampas del Diablo\u201d. Dirigida por Alejandro Caballo D\u00edaz, es una puesta en escena de creaci\u00f3n colectiva, en la cual se tratan temas como el uso de redes sociales y violencia de g\u00e9nero. Se podr\u00e1 disfrutar desde el 19 de noviembre al 10 de diciembre los lunes y martes a las 19 horas.<\/p>\n<p>Tambi\u00e9n, se presentar\u00e1 la obra creada y dirigida por Ang\u00e9lica Hern\u00e1ndez, \u201cPeque\u00f1as historias\u201d, que relata c\u00f3mo tres trabajadores de una jugueter\u00eda se adentran en un mundo on\u00edrico para encontrarse con sus versiones infantiles y su deber es sanar heridas para ser mejores personas en la adultez. Esta pieza teatral es apta para todo p\u00fablico, principalmente para las infancias, pero con intenci\u00f3n de llegar al p\u00fablico adulto. Se presenta s\u00e1bados y domingos a las 13 horas, desde el 16 de noviembre hasta el 15 de diciembre.<\/p>\n<p>De igual modo, la obra de teatro contempor\u00e1neo \u201cKabarett de las Ilusiones\u201d, del alumnado de la licenciatura en Artes Teatrales y el grupo Catarsis Teatro, es una versi\u00f3n libre y dirigida por Israel R\u00edos Hern\u00e1ndez a partir del texto \u201cEl Balc\u00f3n\u201d del dramaturgo franc\u00e9s Jean Genet. Es una s\u00e1tira de la sociedad actual, la cual est\u00e1 disponible desde el 6 de noviembre y hasta el 11 de diciembre los mi\u00e9rcoles a las 17 horas. Apta para adolescentes y adultos.<\/p>\n<p>Adem\u00e1s, para esta temporada se cuenta con la participaci\u00f3n de Teatro Panal en la Plaza \u201cAdriana Barraza\u201d con eventos gratuitos todos los s\u00e1bados de 11 a 12 horas y de Arte y Cultura Viva en el Teatro Isabelino \u201cAntonio H. Zimbr\u00f3n\u201d del Centro Cultural Universitario \u201cCasa de las Diligencias\u201d con entrada gratuita todos los domingos de 15 a 16 horas.<\/p>\n","protected":false},"excerpt":{"rendered":"<p>La Universidad Aut\u00f3noma del Estado de M\u00e9xico (UAEM\u00e9x) present\u00f3, en el Teatro Universitario \u201cLos Jaguares\u201d, la Sexta Temporada de Teatro Universitario 2024 que se compone de cinco puestas en escena.<\/p>\n","protected":false},"author":3,"featured_media":641033,"comment_status":"open","ping_status":"open","sticky":false,"template":"","format":"standard","meta":{"_monsterinsights_skip_tracking":false,"_monsterinsights_sitenote_active":false,"_monsterinsights_sitenote_note":"","_monsterinsights_sitenote_category":0,"footnotes":""},"categories":[5],"tags":[71782,67878],"class_list":["post-640967","post","type-post","status-publish","format-standard","has-post-thumbnail","hentry","category-estado-de-mexico","tag-teatro-universitario","tag-uaemex"],"_links":{"self":[{"href":"https:\/\/www.diarioimagen.net\/index.php?rest_route=\/wp\/v2\/posts\/640967","targetHints":{"allow":["GET"]}}],"collection":[{"href":"https:\/\/www.diarioimagen.net\/index.php?rest_route=\/wp\/v2\/posts"}],"about":[{"href":"https:\/\/www.diarioimagen.net\/index.php?rest_route=\/wp\/v2\/types\/post"}],"author":[{"embeddable":true,"href":"https:\/\/www.diarioimagen.net\/index.php?rest_route=\/wp\/v2\/users\/3"}],"replies":[{"embeddable":true,"href":"https:\/\/www.diarioimagen.net\/index.php?rest_route=%2Fwp%2Fv2%2Fcomments&post=640967"}],"version-history":[{"count":0,"href":"https:\/\/www.diarioimagen.net\/index.php?rest_route=\/wp\/v2\/posts\/640967\/revisions"}],"wp:featuredmedia":[{"embeddable":true,"href":"https:\/\/www.diarioimagen.net\/index.php?rest_route=\/wp\/v2\/media\/641033"}],"wp:attachment":[{"href":"https:\/\/www.diarioimagen.net\/index.php?rest_route=%2Fwp%2Fv2%2Fmedia&parent=640967"}],"wp:term":[{"taxonomy":"category","embeddable":true,"href":"https:\/\/www.diarioimagen.net\/index.php?rest_route=%2Fwp%2Fv2%2Fcategories&post=640967"},{"taxonomy":"post_tag","embeddable":true,"href":"https:\/\/www.diarioimagen.net\/index.php?rest_route=%2Fwp%2Fv2%2Ftags&post=640967"}],"curies":[{"name":"wp","href":"https:\/\/api.w.org\/{rel}","templated":true}]}}