{"id":640973,"date":"2024-11-18T00:05:32","date_gmt":"2024-11-18T06:05:32","guid":{"rendered":"https:\/\/www.diarioimagen.net\/?p=640973"},"modified":"2024-11-19T00:15:00","modified_gmt":"2024-11-19T06:15:00","slug":"disponen-productores-de-470-mil-arboles-de-navidad","status":"publish","type":"post","link":"https:\/\/www.diarioimagen.net\/?p=640973","title":{"rendered":"Disponen productores de 470 mil \u00e1rboles de Navidad"},"content":{"rendered":"<p>&nbsp;<\/p>\n<ul>\n<li><em><strong>Edomex, principal abastecedor<\/strong><\/em><\/li>\n<\/ul>\n<p>&nbsp;<\/p>\n<div id=\"attachment_641083\" style=\"width: 470px\" class=\"wp-caption aligncenter\"><a href=\"https:\/\/www.diarioimagen.net\/?attachment_id=641083\" rel=\"attachment wp-att-641083\"><img loading=\"lazy\" decoding=\"async\" aria-describedby=\"caption-attachment-641083\" class=\"size-full wp-image-641083\" src=\"https:\/\/www.diarioimagen.net\/wp-content\/uploads\/2024\/11\/disponen-productores.jpg\" alt=\"\" width=\"460\" height=\"270\" srcset=\"https:\/\/www.diarioimagen.net\/wp-content\/uploads\/2024\/11\/disponen-productores.jpg 460w, https:\/\/www.diarioimagen.net\/wp-content\/uploads\/2024\/11\/disponen-productores-240x141.jpg 240w\" sizes=\"auto, (max-width: 460px) 100vw, 460px\" \/><\/a><p id=\"caption-attachment-641083\" class=\"wp-caption-text\">Al inaugurar la temporada de venta de \u00e1rboles de Navidad en el Estado de M\u00e9xico, con el corte del primer \u00e1rbol, Mar\u00eda Eugenia Rojano Vald\u00e9s, secretaria del Campo, asegur\u00f3 que el gobierno de Delfina G\u00f3mez seguir\u00e1 impulsando esta importante actividad silv\u00edcola.<\/p><\/div>\n<p>&nbsp;<\/p>\n<p><strong>Xonacatl\u00e1n, Estado de M\u00e9xico.\u2014<\/strong> El Estado de M\u00e9xico se ha posicionado como el principal productor de \u00e1rboles de Navidad en el pa\u00eds y para este a\u00f1o se tiene un estimado de 470 mil piezas disponibles para dar color y alegr\u00eda a los hogares.<\/p>\n<p>Al inaugurar la temporada de venta de \u00e1rboles de Navidad en el Estado de M\u00e9xico con el corte del primer \u00e1rbol, Mar\u00eda Eugenia Rojano Vald\u00e9s, titulr de la Secretar\u00cda del Campo, asegur\u00f3 que el gobierno de la maestra Delfina G\u00f3mez \u00c1lvarez seguir\u00e1 impulsando esta importante actividad silv\u00edcola que genera empleos y ayuda a proteger los bosques al ser una alternativa a la tala clandestina.<\/p>\n<p>\u201cCortar un \u00e1rbol de Navidad no implica tala sino que es parte del proceso de silvicultura, genera empleos, sirve para regular el clima y retenci\u00f3n de suelo\u201d, dijo.<\/p>\n<p>Ante ejidatarios de San Miguel Miniapan y Santiago Tejocotillo, en Xonacatl\u00e1n, Rojano Vald\u00e9s record\u00f3 que 38 municipios mexiquenses se dedican a la producci\u00f3n de \u00e1rboles navide\u00f1os siendo los principales Amecameca, Xonacatl\u00e1n, Valle de Bravo, Villa del Carb\u00f3n y Tlalmanalco.<\/p>\n<p>El Estado de M\u00e9xico, agreg\u00f3, tiene 637 plantaciones legalmente constituidas y 233 en v\u00edas de regularizaci\u00f3n, los cuales seguir\u00e1n siendo apoyados, pues la silvicultura es crucial para la conservaci\u00f3n de los bosques, el agua y las especies de flora y fauna.<\/p>\n<p>\u201cDesde el primer d\u00eda que llegamos emprendimos la tarea de rescatar al campo, transformarlo desde las vocaciones productivas y restaurativas de los ecosistemas en cada territorio, no s\u00f3lo producir sino partir de nuestro ambiente\u201d, indic\u00f3.<\/p>\n<p>En el corte del primer \u00e1rbol de Navidad de la temporada tambi\u00e9n particip\u00f3 Alfredo Gonz\u00e1lez Gonz\u00e1lez, Presidente municipal de Xonacatl\u00e1n; Joaqu\u00edn Rodr\u00edguez, Presidente de la Uni\u00f3n de Productores de \u00c1rboles de Navidad de San Miguel; y Pilar Rend\u00f3n Gonz\u00e1lez, T\u00e9cnica en plantaciones forestales de la Protectora de Bosques del Estado de M\u00e9xico (Probosque).<\/p>\n","protected":false},"excerpt":{"rendered":"<p>El Estado de M\u00e9xico se ha posicionado como el principal productor de \u00e1rboles de Navidad en el pa\u00eds y para este a\u00f1o se tiene un estimado de 470 mil piezas disponibles para dar color y alegr\u00eda a los hogares.<\/p>\n","protected":false},"author":3,"featured_media":641083,"comment_status":"open","ping_status":"open","sticky":false,"template":"","format":"standard","meta":{"_monsterinsights_skip_tracking":false,"_monsterinsights_sitenote_active":false,"_monsterinsights_sitenote_note":"","_monsterinsights_sitenote_category":0,"footnotes":""},"categories":[5,99730],"tags":[51406,105,101243],"class_list":["post-640973","post","type-post","status-publish","format-standard","has-post-thumbnail","hentry","category-estado-de-mexico","category-edomex","tag-arboles","tag-navidad","tag-productore"],"_links":{"self":[{"href":"https:\/\/www.diarioimagen.net\/index.php?rest_route=\/wp\/v2\/posts\/640973","targetHints":{"allow":["GET"]}}],"collection":[{"href":"https:\/\/www.diarioimagen.net\/index.php?rest_route=\/wp\/v2\/posts"}],"about":[{"href":"https:\/\/www.diarioimagen.net\/index.php?rest_route=\/wp\/v2\/types\/post"}],"author":[{"embeddable":true,"href":"https:\/\/www.diarioimagen.net\/index.php?rest_route=\/wp\/v2\/users\/3"}],"replies":[{"embeddable":true,"href":"https:\/\/www.diarioimagen.net\/index.php?rest_route=%2Fwp%2Fv2%2Fcomments&post=640973"}],"version-history":[{"count":0,"href":"https:\/\/www.diarioimagen.net\/index.php?rest_route=\/wp\/v2\/posts\/640973\/revisions"}],"wp:featuredmedia":[{"embeddable":true,"href":"https:\/\/www.diarioimagen.net\/index.php?rest_route=\/wp\/v2\/media\/641083"}],"wp:attachment":[{"href":"https:\/\/www.diarioimagen.net\/index.php?rest_route=%2Fwp%2Fv2%2Fmedia&parent=640973"}],"wp:term":[{"taxonomy":"category","embeddable":true,"href":"https:\/\/www.diarioimagen.net\/index.php?rest_route=%2Fwp%2Fv2%2Fcategories&post=640973"},{"taxonomy":"post_tag","embeddable":true,"href":"https:\/\/www.diarioimagen.net\/index.php?rest_route=%2Fwp%2Fv2%2Ftags&post=640973"}],"curies":[{"name":"wp","href":"https:\/\/api.w.org\/{rel}","templated":true}]}}