{"id":640975,"date":"2024-11-18T00:02:27","date_gmt":"2024-11-18T06:02:27","guid":{"rendered":"https:\/\/www.diarioimagen.net\/?p=640975"},"modified":"2024-11-19T00:04:42","modified_gmt":"2024-11-19T06:04:42","slug":"el-dif-cuautitlan-izcalli-mejora-condiciones-de-estancias-infantiles","status":"publish","type":"post","link":"https:\/\/www.diarioimagen.net\/?p=640975","title":{"rendered":"El DIF Cuautitl\u00e1n Izcalli mejora condiciones de estancias\u00a0infantiles"},"content":{"rendered":"<p>&nbsp;<\/p>\n<ul>\n<li><em><strong>Agradecimiento de padres de familia<\/strong><\/em><\/li>\n<\/ul>\n<p><strong>\u00a0<\/strong><\/p>\n<h6>Arturo Baena<\/h6>\n<p>&nbsp;<\/p>\n<div id=\"attachment_641079\" style=\"width: 470px\" class=\"wp-caption aligncenter\"><a href=\"https:\/\/www.diarioimagen.net\/?attachment_id=641079\" rel=\"attachment wp-att-641079\"><img loading=\"lazy\" decoding=\"async\" aria-describedby=\"caption-attachment-641079\" class=\"size-full wp-image-641079\" src=\"https:\/\/www.diarioimagen.net\/wp-content\/uploads\/2024\/11\/dif-cuautitlan.jpg\" alt=\"\" width=\"460\" height=\"270\" srcset=\"https:\/\/www.diarioimagen.net\/wp-content\/uploads\/2024\/11\/dif-cuautitlan.jpg 460w, https:\/\/www.diarioimagen.net\/wp-content\/uploads\/2024\/11\/dif-cuautitlan-240x141.jpg 240w\" sizes=\"auto, (max-width: 460px) 100vw, 460px\" \/><\/a><p id=\"caption-attachment-641079\" class=\"wp-caption-text\">El Sistema Municipal DIF en Cuautitl\u00e1n Izcalli entreg\u00f3 los trabajos de rehabilitaci\u00f3n y acondicionamiento de cinco estancias infantiles.<\/p><\/div>\n<p>&nbsp;<\/p>\n<p><strong>Cuautitl\u00e1n Izcalli, Estado de M\u00e9xico.\u2014<\/strong> Padres de familia y ciudadan\u00eda agradecieron a la presidenta municipal, Karla Fiesco Garc\u00eda, y a la presidenta del Sistema Municipal DIF, Jessica Villase\u00f1or Garc\u00eda, la entrega de los trabajos de rehabilitaci\u00f3n y acondicionamiento de las cinco estancias Infantiles que tiene el SMDIF.<\/p>\n<p>Durante un evento realizado en la estancia de Infonavit Norte, la alcaldesa Fiesco Garc\u00eda destac\u00f3 la importancia de trabajar por la infancia y agreg\u00f3 que hasta el \u00faltimo d\u00eda de su gesti\u00f3n seguir\u00e1 trabajando por las ni\u00f1as y ni\u00f1os izcallenses.<\/p>\n<p>Se\u00f1al\u00f3 que estas estancias se encontraban en p\u00e9simas condiciones y gracias al trabajo en equipo, se ha devuelto la vida y color a estos espacios para el correcto aprendizaje y desarrollo integral de la ni\u00f1ez.<\/p>\n<p>Por su parte, la presidenta del SMDIF, Jessica Villase\u00f1or, destac\u00f3 que durante los 3 a\u00f1os de este gobierno se ha procurado cobijar los sue\u00f1os y por ello se realiz\u00f3 la rehabilitaci\u00f3n de los espacios p\u00fablicos que son el segundo hogar de muchas familias.<\/p>\n<p>Agreg\u00f3 que las obras y trabajos efectuados mejoran las condiciones de los espacios, convirti\u00e9ndolos en lugares dignos para las y los hijos de padres trabajadores.<\/p>\n<p>Los Centros de Asistencia Social para las Infancias, mejor conocidos como Estancias Infantiles, se encuentran ubicadas en Infonavit Norte, Bosques del Alba, Cofrad\u00eda III, Lomas de Cuautitl\u00e1n y Bosques de la Hacienda y mantienen abiertas sus inscripciones todo el a\u00f1o.<\/p>\n","protected":false},"excerpt":{"rendered":"<p>Padres de familia y ciudadan\u00eda agradecieron a la presidenta municipal, Karla Fiesco Garc\u00eda, y a la presidenta del Sistema Municipal DIF, Jessica Villase\u00f1or Garc\u00eda, la entrega de los trabajos de rehabilitaci\u00f3n y acondicionamiento de las cinco estancias Infantiles que tiene el SMDIF.<\/p>\n","protected":false},"author":3,"featured_media":641079,"comment_status":"open","ping_status":"open","sticky":false,"template":"","format":"standard","meta":{"_monsterinsights_skip_tracking":false,"_monsterinsights_sitenote_active":false,"_monsterinsights_sitenote_note":"","_monsterinsights_sitenote_category":0,"footnotes":""},"categories":[5],"tags":[971,43675,77303],"class_list":["post-640975","post","type-post","status-publish","format-standard","has-post-thumbnail","hentry","category-estado-de-mexico","tag-cuautitlan-izcalli","tag-estado-de-mexico","tag-estancias-infantiles"],"_links":{"self":[{"href":"https:\/\/www.diarioimagen.net\/index.php?rest_route=\/wp\/v2\/posts\/640975","targetHints":{"allow":["GET"]}}],"collection":[{"href":"https:\/\/www.diarioimagen.net\/index.php?rest_route=\/wp\/v2\/posts"}],"about":[{"href":"https:\/\/www.diarioimagen.net\/index.php?rest_route=\/wp\/v2\/types\/post"}],"author":[{"embeddable":true,"href":"https:\/\/www.diarioimagen.net\/index.php?rest_route=\/wp\/v2\/users\/3"}],"replies":[{"embeddable":true,"href":"https:\/\/www.diarioimagen.net\/index.php?rest_route=%2Fwp%2Fv2%2Fcomments&post=640975"}],"version-history":[{"count":0,"href":"https:\/\/www.diarioimagen.net\/index.php?rest_route=\/wp\/v2\/posts\/640975\/revisions"}],"wp:featuredmedia":[{"embeddable":true,"href":"https:\/\/www.diarioimagen.net\/index.php?rest_route=\/wp\/v2\/media\/641079"}],"wp:attachment":[{"href":"https:\/\/www.diarioimagen.net\/index.php?rest_route=%2Fwp%2Fv2%2Fmedia&parent=640975"}],"wp:term":[{"taxonomy":"category","embeddable":true,"href":"https:\/\/www.diarioimagen.net\/index.php?rest_route=%2Fwp%2Fv2%2Fcategories&post=640975"},{"taxonomy":"post_tag","embeddable":true,"href":"https:\/\/www.diarioimagen.net\/index.php?rest_route=%2Fwp%2Fv2%2Ftags&post=640975"}],"curies":[{"name":"wp","href":"https:\/\/api.w.org\/{rel}","templated":true}]}}