{"id":640977,"date":"2024-11-18T00:04:15","date_gmt":"2024-11-18T06:04:15","guid":{"rendered":"https:\/\/www.diarioimagen.net\/?p=640977"},"modified":"2024-11-18T01:29:57","modified_gmt":"2024-11-18T07:29:57","slug":"legisladores-mexiquenses-podrian-despenalizar-el-aborto","status":"publish","type":"post","link":"https:\/\/www.diarioimagen.net\/?p=640977","title":{"rendered":"Legisladores mexiquenses podr\u00edan despenalizar el aborto"},"content":{"rendered":"<p>&nbsp;<\/p>\n<ul>\n<li><em><strong>Este martes ingresan iniciativa<\/strong><\/em><\/li>\n<\/ul>\n<p>&nbsp;<\/p>\n<div id=\"attachment_641090\" style=\"width: 470px\" class=\"wp-caption aligncenter\"><a href=\"https:\/\/www.diarioimagen.net\/?attachment_id=641090\" rel=\"attachment wp-att-641090\"><img loading=\"lazy\" decoding=\"async\" aria-describedby=\"caption-attachment-641090\" class=\"size-full wp-image-641090\" src=\"https:\/\/www.diarioimagen.net\/wp-content\/uploads\/2024\/11\/legisladores-mexiquenses.jpg\" alt=\"\" width=\"460\" height=\"270\" srcset=\"https:\/\/www.diarioimagen.net\/wp-content\/uploads\/2024\/11\/legisladores-mexiquenses.jpg 460w, https:\/\/www.diarioimagen.net\/wp-content\/uploads\/2024\/11\/legisladores-mexiquenses-240x141.jpg 240w\" sizes=\"auto, (max-width: 460px) 100vw, 460px\" \/><\/a><p id=\"caption-attachment-641090\" class=\"wp-caption-text\">Ser\u00e1 ingresada a la C\u00e1mara de Diputados del Estado de M\u00e9xico la iniciativa que busca establecer\u00a0la interrupci\u00f3n legal\u00a0del embarazo.<\/p><\/div>\n<p>&nbsp;<\/p>\n<p><strong>Toluca, Estado de M\u00e9xico.\u2014<\/strong> Este martes 19 de noviembre ser\u00e1 ingresada a la C\u00e1mara de Diputados mexiquense, la iniciativa que busca establecer la Interrupci\u00f3n Legal del Embarazo\u00a0 y con ello garantizar a las mujeres su derecho a decidir sobre su cuerpo.<\/p>\n<p>Asi lo se\u00f1al\u00f3 Zaira Cedillo Silva, diputada del Grupo Parlamentario de Morena, durante el foro \u201cDespenalizaci\u00f3n del Aborto\u201d , realizado a propuesta de la organizaci\u00f3n \u201cMarea Verde\u201d. Zaira Cedillo puntualiz\u00f3 que se est\u00e1 haciendo todo lo necesario para que se presente, por consenso, una sola iniciativa que podr\u00eda emanar de la Junta de Coordinaci\u00f3n Pol\u00edtica (Jucopo).<\/p>\n<p>\u201cEstamos considerando no solo despenalizar el aborto en el C\u00f3digo Penal, sino tambi\u00e9n estamos considerando (reformar) el C\u00f3digo Administrativo para poder dar todas estas facultades hospitalarias que se requieren para garantizar la ILE\u201d, dijo.<\/p>\n<p>La representante popular que tiene una biograf\u00eda de lucha permanente en pro de las causas de las mujeres, consider\u00f3 que el 25 de noviembre, \u201cD\u00eda Internacional de la Eliminaci\u00f3n de la Violencia contra la Mujer\u201d, el Estado de M\u00e9xico tendr\u00e1 un motivo de celebraci\u00f3n.<\/p>\n<p>\u201cHacer las modificaciones jur\u00eddicas legales para hacer frente a la violencia que vivimos en nuestra entidad y una de las violencias que vivimos, pues es esta, el no poder acceder a nuestro derecho a decidir sobre nuestros propios cuerpos\u201d, enfatiz\u00f3 la legisladora.<\/p>\n","protected":false},"excerpt":{"rendered":"<p>Este martes 19 de noviembre ser\u00e1 ingresada a la C\u00e1mara de Diputados mexiquense, la iniciativa que busca establecer la Interrupci\u00f3n Legal del Embarazo\u00a0 y con ello garantizar a las mujeres su derecho a decidir sobre su cuerpo.<\/p>\n","protected":false},"author":3,"featured_media":641090,"comment_status":"open","ping_status":"open","sticky":false,"template":"","format":"standard","meta":{"_monsterinsights_skip_tracking":false,"_monsterinsights_sitenote_active":false,"_monsterinsights_sitenote_note":"","_monsterinsights_sitenote_category":0,"footnotes":""},"categories":[5],"tags":[48776,43675,70102],"class_list":["post-640977","post","type-post","status-publish","format-standard","has-post-thumbnail","hentry","category-estado-de-mexico","tag-aborto","tag-estado-de-mexico","tag-legalizar"],"_links":{"self":[{"href":"https:\/\/www.diarioimagen.net\/index.php?rest_route=\/wp\/v2\/posts\/640977","targetHints":{"allow":["GET"]}}],"collection":[{"href":"https:\/\/www.diarioimagen.net\/index.php?rest_route=\/wp\/v2\/posts"}],"about":[{"href":"https:\/\/www.diarioimagen.net\/index.php?rest_route=\/wp\/v2\/types\/post"}],"author":[{"embeddable":true,"href":"https:\/\/www.diarioimagen.net\/index.php?rest_route=\/wp\/v2\/users\/3"}],"replies":[{"embeddable":true,"href":"https:\/\/www.diarioimagen.net\/index.php?rest_route=%2Fwp%2Fv2%2Fcomments&post=640977"}],"version-history":[{"count":0,"href":"https:\/\/www.diarioimagen.net\/index.php?rest_route=\/wp\/v2\/posts\/640977\/revisions"}],"wp:featuredmedia":[{"embeddable":true,"href":"https:\/\/www.diarioimagen.net\/index.php?rest_route=\/wp\/v2\/media\/641090"}],"wp:attachment":[{"href":"https:\/\/www.diarioimagen.net\/index.php?rest_route=%2Fwp%2Fv2%2Fmedia&parent=640977"}],"wp:term":[{"taxonomy":"category","embeddable":true,"href":"https:\/\/www.diarioimagen.net\/index.php?rest_route=%2Fwp%2Fv2%2Fcategories&post=640977"},{"taxonomy":"post_tag","embeddable":true,"href":"https:\/\/www.diarioimagen.net\/index.php?rest_route=%2Fwp%2Fv2%2Ftags&post=640977"}],"curies":[{"name":"wp","href":"https:\/\/api.w.org\/{rel}","templated":true}]}}