{"id":640979,"date":"2024-11-18T00:03:25","date_gmt":"2024-11-18T06:03:25","guid":{"rendered":"https:\/\/www.diarioimagen.net\/?p=640979"},"modified":"2024-11-18T01:45:46","modified_gmt":"2024-11-18T07:45:46","slug":"morenistas-del-edomex-estan-listos-para-cambio-de-dirigencia","status":"publish","type":"post","link":"https:\/\/www.diarioimagen.net\/?p=640979","title":{"rendered":"Morenistas del Edomex est\u00e1n listos para cambio de\u00a0dirigencia"},"content":{"rendered":"<p>&nbsp;<\/p>\n<ul>\n<li><em><strong>Martha Guerrero asumir\u00eda en Los Reyes<\/strong><\/em><\/li>\n<\/ul>\n<p><strong>\u00a0<\/strong><\/p>\n<h6>Arturo Baena<\/h6>\n<p>&nbsp;<\/p>\n<div id=\"attachment_641081\" style=\"width: 470px\" class=\"wp-caption aligncenter\"><a href=\"https:\/\/www.diarioimagen.net\/?attachment_id=641081\" rel=\"attachment wp-att-641081\"><img loading=\"lazy\" decoding=\"async\" aria-describedby=\"caption-attachment-641081\" class=\"size-full wp-image-641081\" src=\"https:\/\/www.diarioimagen.net\/wp-content\/uploads\/2024\/11\/morenistas-del-edomex.jpg\" alt=\"\" width=\"460\" height=\"270\" srcset=\"https:\/\/www.diarioimagen.net\/wp-content\/uploads\/2024\/11\/morenistas-del-edomex.jpg 460w, https:\/\/www.diarioimagen.net\/wp-content\/uploads\/2024\/11\/morenistas-del-edomex-240x141.jpg 240w\" sizes=\"auto, (max-width: 460px) 100vw, 460px\" \/><\/a><p id=\"caption-attachment-641081\" class=\"wp-caption-text\">Representantes de Morena, como Israel Cruz, de Naucalpan, afirman que Morena est\u00e1 listo para el relevo en la dirigencia estatal.<\/p><\/div>\n<p>&nbsp;<\/p>\n<p><strong>Valle de M\u00e9xico.\u2014<\/strong> \u201cSi Martha Guerrero determina tomar posesi\u00f3n como alcaldesa de Los Reyes La Paz, Morena tendr\u00eda que definir a la nueva dirigencia del Estado de M\u00e9xico y estamos preparados para presentar y apoyar a importantes perfiles que la puedan sustituir como dirigente estatal de nuestro partido, si se diera el caso\u201d.<\/p>\n<p>As\u00ed lo expresaron representantes populares de ese instituto pol\u00edtico, como Israel Cruz, de Naucalpan, luego de que Maurilio Hern\u00e1ndez Gonz\u00e1lez, actual legislador local y uno de los liderazgos de la corriente pol\u00edtica \u201cMexiquenses de Coraz\u00f3n\u201d, dijo que est\u00e1n listos para el posible relevo.<\/p>\n<p>La militancia de Morena afirm\u00f3 que \u201cesperar\u00e1n la decisi\u00f3n de nuestra actual dirigente estatal de nuestro partido; \u201creiteramos que, tanto Martha Guerrero y Nazario Guti\u00e9rrez, han dado excelentes\u00a0 resultados que est\u00e1n a la vista de todos\u201d, dijo.<\/p>\n<p>Por otra parte, el joven regidor puntualiz\u00f3 que los triunfos electorales de los pasados procesos demuestran la unidad y fortaleza del partido guinda en diferentes municipios mexiquenses, como son Naucalpan, Tlalnepantla, Cuautitl\u00e1n Izcalli, entre otros.<\/p>\n<p>Mientras tanto, Maurilio Hernandez reconoci\u00f3 que Sandra Luz Falc\u00f3n podr\u00eda aspirar a la dirigencia pero tambi\u00e9n se cuenta con otros cuadros que conocen a fondo y lineamientos de Morena en el Estado de M\u00e9xico.<\/p>\n","protected":false},"excerpt":{"rendered":"<p>\u201cSi Martha Guerrero determina tomar posesi\u00f3n como alcaldesa de Los Reyes La Paz, Morena tendr\u00eda que definir a la nueva dirigencia del Estado de M\u00e9xico y estamos preparados para presentar y apoyar a importantes perfiles que la puedan sustituir como dirigente estatal de nuestro partido, si se diera el caso\u201d.<\/p>\n","protected":false},"author":3,"featured_media":641081,"comment_status":"open","ping_status":"open","sticky":false,"template":"","format":"standard","meta":{"_monsterinsights_skip_tracking":false,"_monsterinsights_sitenote_active":false,"_monsterinsights_sitenote_note":"","_monsterinsights_sitenote_category":0,"footnotes":""},"categories":[5],"tags":[15094,43675,97446,95046],"class_list":["post-640979","post","type-post","status-publish","format-standard","has-post-thumbnail","hentry","category-estado-de-mexico","tag-dirigencia","tag-estado-de-mexico","tag-listos","tag-morenistas"],"_links":{"self":[{"href":"https:\/\/www.diarioimagen.net\/index.php?rest_route=\/wp\/v2\/posts\/640979","targetHints":{"allow":["GET"]}}],"collection":[{"href":"https:\/\/www.diarioimagen.net\/index.php?rest_route=\/wp\/v2\/posts"}],"about":[{"href":"https:\/\/www.diarioimagen.net\/index.php?rest_route=\/wp\/v2\/types\/post"}],"author":[{"embeddable":true,"href":"https:\/\/www.diarioimagen.net\/index.php?rest_route=\/wp\/v2\/users\/3"}],"replies":[{"embeddable":true,"href":"https:\/\/www.diarioimagen.net\/index.php?rest_route=%2Fwp%2Fv2%2Fcomments&post=640979"}],"version-history":[{"count":0,"href":"https:\/\/www.diarioimagen.net\/index.php?rest_route=\/wp\/v2\/posts\/640979\/revisions"}],"wp:featuredmedia":[{"embeddable":true,"href":"https:\/\/www.diarioimagen.net\/index.php?rest_route=\/wp\/v2\/media\/641081"}],"wp:attachment":[{"href":"https:\/\/www.diarioimagen.net\/index.php?rest_route=%2Fwp%2Fv2%2Fmedia&parent=640979"}],"wp:term":[{"taxonomy":"category","embeddable":true,"href":"https:\/\/www.diarioimagen.net\/index.php?rest_route=%2Fwp%2Fv2%2Fcategories&post=640979"},{"taxonomy":"post_tag","embeddable":true,"href":"https:\/\/www.diarioimagen.net\/index.php?rest_route=%2Fwp%2Fv2%2Ftags&post=640979"}],"curies":[{"name":"wp","href":"https:\/\/api.w.org\/{rel}","templated":true}]}}