{"id":641001,"date":"2024-11-18T00:01:55","date_gmt":"2024-11-18T06:01:55","guid":{"rendered":"https:\/\/www.diarioimagen.net\/?p=641001"},"modified":"2024-11-18T23:59:07","modified_gmt":"2024-11-19T05:59:07","slug":"el-diputado-ricardo-monreal-tiene-que-ser-mas-congruente","status":"publish","type":"post","link":"https:\/\/www.diarioimagen.net\/?p=641001","title":{"rendered":"El diputado Ricardo Monreal tiene que ser m\u00e1s congruente"},"content":{"rendered":"<p><em>\u00a0<\/em><\/p>\n<ul>\n<li><strong><em>Declaraciones sobre una reforma fiscal profunda \u201cpega\u201d a la econom\u00eda<\/em><\/strong><\/li>\n<\/ul>\n<p>&nbsp;<\/p>\n<h4>Jos\u00e9 Luis Monta\u00f1ez<\/h4>\n<p>&nbsp;<\/p>\n<div id=\"attachment_641037\" style=\"width: 470px\" class=\"wp-caption aligncenter\"><a href=\"https:\/\/www.diarioimagen.net\/?attachment_id=641037\" rel=\"attachment wp-att-641037\"><img loading=\"lazy\" decoding=\"async\" aria-describedby=\"caption-attachment-641037\" class=\"size-full wp-image-641037\" src=\"https:\/\/www.diarioimagen.net\/wp-content\/uploads\/2024\/11\/monreal.jpg\" alt=\"\" width=\"460\" height=\"270\" srcset=\"https:\/\/www.diarioimagen.net\/wp-content\/uploads\/2024\/11\/monreal.jpg 460w, https:\/\/www.diarioimagen.net\/wp-content\/uploads\/2024\/11\/monreal-240x141.jpg 240w\" sizes=\"auto, (max-width: 460px) 100vw, 460px\" \/><\/a><p id=\"caption-attachment-641037\" class=\"wp-caption-text\">Declaraciones de Ricardo Monreal, coordinador de los diputados de Morena en San L\u00e1zaro, sobre una supuesta profunda reforma fiscal, puso nerviosos a los mercados.<\/p><\/div>\n<p>&nbsp;<\/p>\n<p>Abusando de su experiencia y malicia como pol\u00edtico, Ricardo Monreal, coordinador de los diputados de Morena en San L\u00e1zaro, hizo el pasado fin de semana una serie de declaraciones irresponsables, como el de una supuesta profunda reforma fiscal, que puso nerviosos a los mercados financieros.<\/p>\n<p>Lo hizo despu\u00e9s de que se difundi\u00f3 que viajaba en helic\u00f3ptero privado de un punto a otro en la Ciudad de M\u00e9xico. Cuestionada sobre el tema, la presidenta Claudia Sheinbaum dijo que los funcionarios p\u00fablicos tienen que ser congruentes con sus palabras y forma de proceder.<\/p>\n<p>Le hemos dicho muchas veces, dijo la jefa del Ejecutivo federal, debemos de poner el ejemplo en el tema de autoridad moral, pues la gente ya no acepta que los pol\u00edticos vivan como magnates o jeques \u00e1rabes.<\/p>\n<p>Tambi\u00e9n el senador Ad\u00e1n Augusto L\u00f3pez desentona con sus acciones, pues durante la elecci\u00f3n y reelecci\u00f3n de la Comisionada Nacional de los Derechos Humanos, Rosario Piedra, pidi\u00f3 a sus pares de partido que mostraran abiertamente por qui\u00e9n votaban en la sesi\u00f3n, para no fallar en la encomienda de su jefe pol\u00edtico, que escribe sus memorias en Palenque, Chiapas.<\/p>\n<p>Es cierto que la pol\u00edtica es negociaci\u00f3n, pero hay pol\u00edticos que se pasan de c\u00ednicos.<\/p>\n<p>No cree usted.<\/p>\n","protected":false},"excerpt":{"rendered":"<p>Abusando de su experiencia y malicia como pol\u00edtico, Ricardo Monreal, coordinador de los diputados de Morena en San L\u00e1zaro, hizo el pasado fin de semana una serie de declaraciones irresponsables, como el de una supuesta profunda reforma fiscal, que puso nerviosos a los mercados financieros.<\/p>\n","protected":false},"author":3,"featured_media":641037,"comment_status":"open","ping_status":"open","sticky":false,"template":"","format":"standard","meta":{"_monsterinsights_skip_tracking":false,"_monsterinsights_sitenote_active":false,"_monsterinsights_sitenote_note":"","_monsterinsights_sitenote_category":0,"footnotes":""},"categories":[17,3],"tags":[65372,11821,101248],"class_list":["post-641001","post","type-post","status-publish","format-standard","has-post-thumbnail","hentry","category-especiales","category-nacional","tag-congruente","tag-diputado","tag-ricardo-mnreal-avila"],"_links":{"self":[{"href":"https:\/\/www.diarioimagen.net\/index.php?rest_route=\/wp\/v2\/posts\/641001","targetHints":{"allow":["GET"]}}],"collection":[{"href":"https:\/\/www.diarioimagen.net\/index.php?rest_route=\/wp\/v2\/posts"}],"about":[{"href":"https:\/\/www.diarioimagen.net\/index.php?rest_route=\/wp\/v2\/types\/post"}],"author":[{"embeddable":true,"href":"https:\/\/www.diarioimagen.net\/index.php?rest_route=\/wp\/v2\/users\/3"}],"replies":[{"embeddable":true,"href":"https:\/\/www.diarioimagen.net\/index.php?rest_route=%2Fwp%2Fv2%2Fcomments&post=641001"}],"version-history":[{"count":0,"href":"https:\/\/www.diarioimagen.net\/index.php?rest_route=\/wp\/v2\/posts\/641001\/revisions"}],"wp:featuredmedia":[{"embeddable":true,"href":"https:\/\/www.diarioimagen.net\/index.php?rest_route=\/wp\/v2\/media\/641037"}],"wp:attachment":[{"href":"https:\/\/www.diarioimagen.net\/index.php?rest_route=%2Fwp%2Fv2%2Fmedia&parent=641001"}],"wp:term":[{"taxonomy":"category","embeddable":true,"href":"https:\/\/www.diarioimagen.net\/index.php?rest_route=%2Fwp%2Fv2%2Fcategories&post=641001"},{"taxonomy":"post_tag","embeddable":true,"href":"https:\/\/www.diarioimagen.net\/index.php?rest_route=%2Fwp%2Fv2%2Ftags&post=641001"}],"curies":[{"name":"wp","href":"https:\/\/api.w.org\/{rel}","templated":true}]}}