{"id":641003,"date":"2024-11-18T00:07:12","date_gmt":"2024-11-18T06:07:12","guid":{"rendered":"https:\/\/www.diarioimagen.net\/?p=641003"},"modified":"2024-11-19T00:07:32","modified_gmt":"2024-11-19T06:07:32","slug":"quintana-roo-fortalece-su-conectividad-aerea-internacional-destaca-sedetur","status":"publish","type":"post","link":"https:\/\/www.diarioimagen.net\/?p=641003","title":{"rendered":"Quintana Roo fortalece su conectividad a\u00e9rea internacional, destaca Sedetur"},"content":{"rendered":"<p><strong>\u00a0<\/strong><\/p>\n<h2 style=\"text-align: center;\">Apuesta de Avelo Airlines, de Estados Unidos<\/h2>\n<p>&nbsp;<\/p>\n<ul>\n<li><strong><em>Aeropuerto de Canc\u00fan, entre los m\u00e1s transitados y de mayor crecimiento en Am\u00e9rica Latina<br \/>\n<\/em><\/strong><\/li>\n<\/ul>\n<p><strong>\u00a0<\/strong><\/p>\n<div id=\"attachment_641058\" style=\"width: 470px\" class=\"wp-caption aligncenter\"><a href=\"https:\/\/www.diarioimagen.net\/?attachment_id=641058\" rel=\"attachment wp-att-641058\"><img loading=\"lazy\" decoding=\"async\" aria-describedby=\"caption-attachment-641058\" class=\"size-full wp-image-641058\" src=\"https:\/\/www.diarioimagen.net\/wp-content\/uploads\/2024\/11\/qr-fortalece.jpg\" alt=\"\" width=\"460\" height=\"270\" srcset=\"https:\/\/www.diarioimagen.net\/wp-content\/uploads\/2024\/11\/qr-fortalece.jpg 460w, https:\/\/www.diarioimagen.net\/wp-content\/uploads\/2024\/11\/qr-fortalece-240x141.jpg 240w\" sizes=\"auto, (max-width: 460px) 100vw, 460px\" \/><\/a><p id=\"caption-attachment-641058\" class=\"wp-caption-text\">El Aeropuerto Internacional de Canc\u00fan se prepara para recibir a la aerol\u00ednea Avelo Airlines, que iniciar\u00e1 operaciones el pr\u00f3ximo 20 de noviembre con vuelos directos desde el Aeropuerto Bradley de Hartford, en el noreste de EU.<\/p><\/div>\n<p>&nbsp;<\/p>\n<p><strong>Canc\u00fan.\u2014<\/strong> Quintana Roo fortalece su conectividad a\u00e9rea internacional con el aeropuerto Bradley de Hartford, Estados Unidos al iniciar operaciones la aerol\u00ednea Avelo a partir de este 20 de noviembre a la terminal a\u00e9rea de Canc\u00fan, inform\u00f3 la Secretar\u00eda Estatal de Turismo (Sedetur), que encabeza Bernardo Cueto Riestra.<\/p>\n<p>Este nuevo servicio operar\u00e1 dos veces por semana, brindando una opci\u00f3n c\u00f3moda y econ\u00f3mica para los viajeros que deseen visitar Canc\u00fan y la Riviera Maya. Con esta nueva ruta, Avelo refuerza su compromiso con la conectividad internacional de M\u00e9xico y en particular con el destino tur\u00edstico m\u00e1s importante del pa\u00eds.<\/p>\n<p>Quintana Roo contin\u00faa consolid\u00e1ndose como uno de los destinos m\u00e1s importantes para el turismo internacional, gracias al esfuerzo realizado en materia de turismo encabezado por la gobernadora Mara Lezama Espinosa, las aerol\u00edneas siguen apostando por el estado.<\/p>\n<p>En esta ocasi\u00f3n, el Aeropuerto Internacional de Canc\u00fan se prepara para recibir a la aerol\u00ednea Avelo Airlines, que iniciar\u00e1 operaciones el pr\u00f3ximo 20 de noviembre con vuelos directos desde el Aeropuerto Bradley de Hartford, en el noreste de Estados Unidos.<\/p>\n<p>La llegada de Avelo Airlines al Aeropuerto Internacional de Canc\u00fan no s\u00f3lo representa una nueva opci\u00f3n de transporte para los viajeros del noreste de Estados Unidos, sino tambi\u00e9n un reflejo del continuo crecimiento y \u00e9xito de la industria tur\u00edstica en Quintana Roo en la Nueva Era del Turismo que encabeza la gobernadora Mara Lezama.<\/p>\n<p>El estado ha logrado posicionarse como un destino de clase mundial gracias a las inversiones en infraestructura, la promoci\u00f3n constante y la calidad de los servicios que ofrece a los turistas.<\/p>\n<p>\u201cEste anuncio es una muestra m\u00e1s de que las aerol\u00edneas creen firmemente en el destino Canc\u00fan y en el trabajo conjunto que hemos realizado en materia tur\u00edstica bajo el liderazgo de la gobernadora Mara Lezama\u201d, dijo el titular de la Sedetur, Cueto Riestra.<\/p>\n<p>La apertura de esta nueva ruta no solo aumentar\u00e1 la conectividad entre el noreste de Estados Unidos y Canc\u00fan, sino que tambi\u00e9n contribuir\u00e1 al crecimiento de la industria tur\u00edstica para que a su vez se traduzca en prosperidad compartida, en nuestras comunidades locales, generando nuevos empleos y oportunidades econ\u00f3micas, mencion\u00f3.<\/p>\n<p>Finalmente, recalc\u00f3 que Quintana Roo, es l\u00edder en conectividad a\u00e9rea internacional, la llegada de Avelo Airlines al Aeropuerto Internacional de Canc\u00fan sigue a la tendencia positiva de nuevas rutas y conexiones internacionales, posicionando a Canc\u00fan como uno de los aeropuertos m\u00e1s transitados y con mayor crecimiento de Am\u00e9rica Latina.<\/p>\n","protected":false},"excerpt":{"rendered":"<p>Quintana Roo fortalece su conectividad a\u00e9rea internacional con el aeropuerto Bradley de Hartford, Estados Unidos al iniciar operaciones la aerol\u00ednea Avelo a partir de este 20 de noviembre a la terminal a\u00e9rea de Canc\u00fan, inform\u00f3 la Secretar\u00eda Estatal de Turismo (Sedetur), que encabeza Bernardo Cueto Riestra.<\/p>\n","protected":false},"author":3,"featured_media":641058,"comment_status":"open","ping_status":"open","sticky":false,"template":"","format":"standard","meta":{"_monsterinsights_skip_tracking":false,"_monsterinsights_sitenote_active":false,"_monsterinsights_sitenote_note":"","_monsterinsights_sitenote_category":0,"footnotes":""},"categories":[17,11],"tags":[101250,101249,43681],"class_list":["post-641003","post","type-post","status-publish","format-standard","has-post-thumbnail","hentry","category-especiales","category-turismo","tag-destacda","tag-sedetur","tag-turismo"],"_links":{"self":[{"href":"https:\/\/www.diarioimagen.net\/index.php?rest_route=\/wp\/v2\/posts\/641003","targetHints":{"allow":["GET"]}}],"collection":[{"href":"https:\/\/www.diarioimagen.net\/index.php?rest_route=\/wp\/v2\/posts"}],"about":[{"href":"https:\/\/www.diarioimagen.net\/index.php?rest_route=\/wp\/v2\/types\/post"}],"author":[{"embeddable":true,"href":"https:\/\/www.diarioimagen.net\/index.php?rest_route=\/wp\/v2\/users\/3"}],"replies":[{"embeddable":true,"href":"https:\/\/www.diarioimagen.net\/index.php?rest_route=%2Fwp%2Fv2%2Fcomments&post=641003"}],"version-history":[{"count":0,"href":"https:\/\/www.diarioimagen.net\/index.php?rest_route=\/wp\/v2\/posts\/641003\/revisions"}],"wp:featuredmedia":[{"embeddable":true,"href":"https:\/\/www.diarioimagen.net\/index.php?rest_route=\/wp\/v2\/media\/641058"}],"wp:attachment":[{"href":"https:\/\/www.diarioimagen.net\/index.php?rest_route=%2Fwp%2Fv2%2Fmedia&parent=641003"}],"wp:term":[{"taxonomy":"category","embeddable":true,"href":"https:\/\/www.diarioimagen.net\/index.php?rest_route=%2Fwp%2Fv2%2Fcategories&post=641003"},{"taxonomy":"post_tag","embeddable":true,"href":"https:\/\/www.diarioimagen.net\/index.php?rest_route=%2Fwp%2Fv2%2Ftags&post=641003"}],"curies":[{"name":"wp","href":"https:\/\/api.w.org\/{rel}","templated":true}]}}