{"id":641115,"date":"2024-11-19T00:02:17","date_gmt":"2024-11-19T06:02:17","guid":{"rendered":"https:\/\/www.diarioimagen.net\/?p=641115"},"modified":"2024-11-20T01:00:31","modified_gmt":"2024-11-20T07:00:31","slug":"busca-morena-edomex-llegar-a-los-10-millones-de-afiliados","status":"publish","type":"post","link":"https:\/\/www.diarioimagen.net\/?p=641115","title":{"rendered":"Busca Morena-Edomex llegar a los 10 millones de afiliados"},"content":{"rendered":"<p>&nbsp;<\/p>\n<ul>\n<li><em><strong>Ratifica Sisniega Otero compromiso con la 4T<\/strong><\/em><\/li>\n<\/ul>\n<p>&nbsp;<\/p>\n<div id=\"attachment_641204\" style=\"width: 470px\" class=\"wp-caption aligncenter\"><a href=\"https:\/\/www.diarioimagen.net\/?attachment_id=641204\" rel=\"attachment wp-att-641204\"><img loading=\"lazy\" decoding=\"async\" aria-describedby=\"caption-attachment-641204\" class=\"size-full wp-image-641204\" src=\"https:\/\/www.diarioimagen.net\/wp-content\/uploads\/2024\/11\/busca-morena.jpg\" alt=\"\" width=\"460\" height=\"270\" srcset=\"https:\/\/www.diarioimagen.net\/wp-content\/uploads\/2024\/11\/busca-morena.jpg 460w, https:\/\/www.diarioimagen.net\/wp-content\/uploads\/2024\/11\/busca-morena-240x141.jpg 240w\" sizes=\"auto, (max-width: 460px) 100vw, 460px\" \/><\/a><p id=\"caption-attachment-641204\" class=\"wp-caption-text\">Manuel Sisniega Otero, dirigente estatal de la agrupaci\u00f3n \u201cSumando y Multiplicando por el Estado de M\u00e9xico\u201d, asegur\u00f3 que con Claudia Sheinbaum, nuestro pa\u00eds va por el camino correcto.<\/p><\/div>\n<p>&nbsp;<\/p>\n<p><strong>Naucalpan, Estado de M\u00e9xico.\u2014<\/strong> \u201cCon Claudia Sheinbaum, nuestro pa\u00eds va por el camino correcto, es por ello que diversos l\u00edderes ratificamos nuestro compromiso de apoyarla y asi fortalecer la 4T, tal y como lo ha hecho el gobierno mexiquense y muy pronto la har\u00e1 el alcalde electo Isaac Montoya en esta localidad\u201d.<\/p>\n<p>As\u00ed lo expres\u00f3 Manuel Sisniega Otero, dirigente estatal de la agrupaci\u00f3n \u201cSumando y Multiplicando por el Estado de M\u00e9xico\u201d ante liderazgos de diversas colonias de Naucalpan, quienes se comprometieron a fortalecer la Cuarta Transformaci\u00f3n en este municipio.<\/p>\n<p>Durante el evento, al que acudieron las diputadas federales Marisela Silva y Josefina Anaya y diputados locales, Carmen de la Rosa y Carlos Zurita y otras personalidades, se tom\u00f3 protesta a ciudadanos que viven en este municipio,\u00a0 mismos que ratificaron que \u201capoyaremos la transformaci\u00f3n de nuestro pa\u00eds a trav\u00e9s de esta importante agrupaci\u00f3n\u201d, afirmaron.<\/p>\n<p>En ese sentido, tanto Manuel Sisniega y Carlos Zurita, coincidieron en se\u00f1alar que \u201cMorena no tiene due\u00f1o, s\u00f3lo el pueblo que vot\u00f3 por la continuidad e ir por el segundo piso de la transformaci\u00f3n que ahora encabeza la doctora Claudia Sheinbaum, \u201c, dijeron.<\/p>\n<p>Asimismo, Sisniega Otero, en su calidad de dirigente la agrupaci\u00f3n \u201cSumando y Multiplicando por el Estado de M\u00e9xico\u201d, se comprometi\u00f3 a sumar a 150 mil afiliados para poder lograr la meta que Luisa Maria Alcalde, dirigente nacional de Morena, se impuso de alcanzar 10 millones de afiliados para ese instituto pol\u00edtico.<\/p>\n<p>\u201cSumando y Multiplicando, est\u00e1 activamente invitando a m\u00e1s ciudadanos a integrarse al proyecto de la Cuarta Transformaci\u00f3n, especialmente en el Estado de M\u00e9xico y sin duda lo lograremos, pues en dos a\u00f1os y medio de trabajo ya estamos presentes en 72 municipios y para el 2025 estaremos en los 125 municipios de la entidad\u201d asegur\u00f3.<\/p>\n","protected":false},"excerpt":{"rendered":"<p>\u201cCon Claudia Sheinbaum, nuestro pa\u00eds va por el camino correcto, es por ello que diversos l\u00edderes ratificamos nuestro compromiso de apoyarla y asi fortalecer la 4T, tal y como lo ha hecho el gobierno mexiquense y muy pronto la har\u00e1 el alcalde electo Isaac Montoya en esta localidad\u201d.<\/p>\n","protected":false},"author":3,"featured_media":641204,"comment_status":"open","ping_status":"open","sticky":false,"template":"","format":"standard","meta":{"_monsterinsights_skip_tracking":false,"_monsterinsights_sitenote_active":false,"_monsterinsights_sitenote_note":"","_monsterinsights_sitenote_category":0,"footnotes":""},"categories":[5],"tags":[68,101255,20663],"class_list":["post-641115","post","type-post","status-publish","format-standard","has-post-thumbnail","hentry","category-estado-de-mexico","tag-edomex","tag-manuel-sisniega-otero","tag-morena"],"_links":{"self":[{"href":"https:\/\/www.diarioimagen.net\/index.php?rest_route=\/wp\/v2\/posts\/641115","targetHints":{"allow":["GET"]}}],"collection":[{"href":"https:\/\/www.diarioimagen.net\/index.php?rest_route=\/wp\/v2\/posts"}],"about":[{"href":"https:\/\/www.diarioimagen.net\/index.php?rest_route=\/wp\/v2\/types\/post"}],"author":[{"embeddable":true,"href":"https:\/\/www.diarioimagen.net\/index.php?rest_route=\/wp\/v2\/users\/3"}],"replies":[{"embeddable":true,"href":"https:\/\/www.diarioimagen.net\/index.php?rest_route=%2Fwp%2Fv2%2Fcomments&post=641115"}],"version-history":[{"count":0,"href":"https:\/\/www.diarioimagen.net\/index.php?rest_route=\/wp\/v2\/posts\/641115\/revisions"}],"wp:featuredmedia":[{"embeddable":true,"href":"https:\/\/www.diarioimagen.net\/index.php?rest_route=\/wp\/v2\/media\/641204"}],"wp:attachment":[{"href":"https:\/\/www.diarioimagen.net\/index.php?rest_route=%2Fwp%2Fv2%2Fmedia&parent=641115"}],"wp:term":[{"taxonomy":"category","embeddable":true,"href":"https:\/\/www.diarioimagen.net\/index.php?rest_route=%2Fwp%2Fv2%2Fcategories&post=641115"},{"taxonomy":"post_tag","embeddable":true,"href":"https:\/\/www.diarioimagen.net\/index.php?rest_route=%2Fwp%2Fv2%2Ftags&post=641115"}],"curies":[{"name":"wp","href":"https:\/\/api.w.org\/{rel}","templated":true}]}}