{"id":641117,"date":"2024-11-19T00:01:51","date_gmt":"2024-11-19T06:01:51","guid":{"rendered":"https:\/\/www.diarioimagen.net\/?p=641117"},"modified":"2024-11-20T01:00:37","modified_gmt":"2024-11-20T07:00:37","slug":"los-cargos-de-legisladores-se-ganan-no-se-deben-obtener-por-imposicion","status":"publish","type":"post","link":"https:\/\/www.diarioimagen.net\/?p=641117","title":{"rendered":"Los cargos de legisladores se ganan, no se deben obtener por imposici\u00f3n"},"content":{"rendered":"<p>&nbsp;<\/p>\n<ul>\n<li><em><strong>Afirma el l\u00edder social David Parra S\u00e1nchez<\/strong><\/em><\/li>\n<\/ul>\n<p><strong>\u00a0<\/strong><\/p>\n<h6>Arturo Baena<\/h6>\n<p>&nbsp;<\/p>\n<div id=\"attachment_641200\" style=\"width: 470px\" class=\"wp-caption aligncenter\"><a href=\"https:\/\/www.diarioimagen.net\/?attachment_id=641200\" rel=\"attachment wp-att-641200\"><img loading=\"lazy\" decoding=\"async\" aria-describedby=\"caption-attachment-641200\" class=\"size-full wp-image-641200\" src=\"https:\/\/www.diarioimagen.net\/wp-content\/uploads\/2024\/11\/los-cargos-de-legisladores.jpg\" alt=\"\" width=\"460\" height=\"270\" srcset=\"https:\/\/www.diarioimagen.net\/wp-content\/uploads\/2024\/11\/los-cargos-de-legisladores.jpg 460w, https:\/\/www.diarioimagen.net\/wp-content\/uploads\/2024\/11\/los-cargos-de-legisladores-240x141.jpg 240w\" sizes=\"auto, (max-width: 460px) 100vw, 460px\" \/><\/a><p id=\"caption-attachment-641200\" class=\"wp-caption-text\">David Parra S\u00e1nchez se\u00f1al\u00f3 que los cargos de elecci\u00f3n popular se ganan recorriendo calles, escuchando a la gente, haciendo campa\u00f1a de propuestas, no por imposiciones, que en nada ayudan a la democracia.<\/p><\/div>\n<p>&nbsp;<\/p>\n<p><strong>Naucalpan, Estado de M\u00e9xico.\u2014<\/strong> El pueblo es el que determina quien los representa en los Congresos, pero, actualmente, los legisladores plurinominales son elegidos por sus dirigentes partidistas y no necesitaron hacer campa\u00f1a, aparecer en boletas electorales ni promover el voto para ser parte de alguna de las C\u00e1maras de Diputados o Senadores, es decir, se les \u201cpremia\u201d por no hacer nada.<\/p>\n<p>As\u00ed lo expres\u00f3 el luchador social David Parra S\u00e1nchez, luego de destacar que \u201clos cargos de elecci\u00f3n popular, se ganan recorriendo calles, escuchando a la gente, haciendo campa\u00f1a de propuestas, gan\u00e1ndose el voto ciudadano y no por imposiciones, que en nada ayudan a la democracia de este pa\u00eds\u201d.<\/p>\n<p>Parra S\u00e1nchez, en su calidad de ex legislador, reiter\u00f3 que es necesario que a los representantes populares, se les deje de elegir a trav\u00e9s del compadrazgo, amiguismo o intereses oscuros, como ha ocurrido en la mayor\u00eda de los institutos pol\u00edticos en nuestro pa\u00eds.<\/p>\n<p>\u201cNecesitamos un sistema de representaci\u00f3n que incentive campa\u00f1as competitivas, mejores perfiles en las candidaturas y mayor cercan\u00eda con la ciudadan\u00eda, donde las y los candidatos con mejores resultados electorales puedan representar a la ciudadan\u00eda. Ello obligar\u00eda a que los partidos pol\u00edticos aseguren la llegada de perfiles m\u00e1s competitivos para contender en una elecci\u00f3n\u201d, reiter\u00f3.<\/p>\n<p>Por otra parte, Parra S\u00e1nchez destac\u00f3 que \u201cse debe de respetar la voluntad popular, que a trav\u00e9s de su sufragio, selecciona a quienes ser\u00e1n su voz\u00a0 en las c\u00e1maras, a aquellos que en verdad hicieron campa\u00f1as reales y no de simulaci\u00f3n y que \u201cganan\u201d, sin hacer absolutamente nada\u201d.<\/p>\n","protected":false},"excerpt":{"rendered":"<p>El pueblo es el que determina quien los representa en los Congresos, pero, actualmente, los legisladores plurinominales son elegidos por sus dirigentes partidistas y no necesitaron hacer campa\u00f1a, aparecer en boletas electorales ni promover el voto para ser parte de alguna de las C\u00e1maras de Diputados o Senadores, es decir, se les \u201cpremia\u201d por no hacer nada.<\/p>\n","protected":false},"author":3,"featured_media":641200,"comment_status":"open","ping_status":"open","sticky":false,"template":"","format":"standard","meta":{"_monsterinsights_skip_tracking":false,"_monsterinsights_sitenote_active":false,"_monsterinsights_sitenote_note":"","_monsterinsights_sitenote_category":0,"footnotes":""},"categories":[5],"tags":[17187,43675,93104,970],"class_list":["post-641117","post","type-post","status-publish","format-standard","has-post-thumbnail","hentry","category-estado-de-mexico","tag-cargos","tag-estado-de-mexico","tag-imposicion","tag-naucalpan"],"_links":{"self":[{"href":"https:\/\/www.diarioimagen.net\/index.php?rest_route=\/wp\/v2\/posts\/641117","targetHints":{"allow":["GET"]}}],"collection":[{"href":"https:\/\/www.diarioimagen.net\/index.php?rest_route=\/wp\/v2\/posts"}],"about":[{"href":"https:\/\/www.diarioimagen.net\/index.php?rest_route=\/wp\/v2\/types\/post"}],"author":[{"embeddable":true,"href":"https:\/\/www.diarioimagen.net\/index.php?rest_route=\/wp\/v2\/users\/3"}],"replies":[{"embeddable":true,"href":"https:\/\/www.diarioimagen.net\/index.php?rest_route=%2Fwp%2Fv2%2Fcomments&post=641117"}],"version-history":[{"count":0,"href":"https:\/\/www.diarioimagen.net\/index.php?rest_route=\/wp\/v2\/posts\/641117\/revisions"}],"wp:featuredmedia":[{"embeddable":true,"href":"https:\/\/www.diarioimagen.net\/index.php?rest_route=\/wp\/v2\/media\/641200"}],"wp:attachment":[{"href":"https:\/\/www.diarioimagen.net\/index.php?rest_route=%2Fwp%2Fv2%2Fmedia&parent=641117"}],"wp:term":[{"taxonomy":"category","embeddable":true,"href":"https:\/\/www.diarioimagen.net\/index.php?rest_route=%2Fwp%2Fv2%2Fcategories&post=641117"},{"taxonomy":"post_tag","embeddable":true,"href":"https:\/\/www.diarioimagen.net\/index.php?rest_route=%2Fwp%2Fv2%2Ftags&post=641117"}],"curies":[{"name":"wp","href":"https:\/\/api.w.org\/{rel}","templated":true}]}}