{"id":641119,"date":"2024-11-19T00:03:10","date_gmt":"2024-11-19T06:03:10","guid":{"rendered":"https:\/\/www.diarioimagen.net\/?p=641119"},"modified":"2024-11-20T01:00:23","modified_gmt":"2024-11-20T07:00:23","slug":"promoveran-potencial-de-edomex-para-la-transformacion-economica","status":"publish","type":"post","link":"https:\/\/www.diarioimagen.net\/?p=641119","title":{"rendered":"Promover\u00e1n potencial de Edomex para la transformaci\u00f3n econ\u00f3mica"},"content":{"rendered":"<p>&nbsp;<\/p>\n<ul>\n<li><em><strong>Tarea de Francisco Maldonado<\/strong><\/em><\/li>\n<\/ul>\n<p>&nbsp;<\/p>\n<div id=\"attachment_641202\" style=\"width: 470px\" class=\"wp-caption aligncenter\"><a href=\"https:\/\/www.diarioimagen.net\/?attachment_id=641202\" rel=\"attachment wp-att-641202\"><img loading=\"lazy\" decoding=\"async\" aria-describedby=\"caption-attachment-641202\" class=\"size-full wp-image-641202\" src=\"https:\/\/www.diarioimagen.net\/wp-content\/uploads\/2024\/11\/promoveran-potencial.jpg\" alt=\"\" width=\"460\" height=\"270\" srcset=\"https:\/\/www.diarioimagen.net\/wp-content\/uploads\/2024\/11\/promoveran-potencial.jpg 460w, https:\/\/www.diarioimagen.net\/wp-content\/uploads\/2024\/11\/promoveran-potencial-240x141.jpg 240w\" sizes=\"auto, (max-width: 460px) 100vw, 460px\" \/><\/a><p id=\"caption-attachment-641202\" class=\"wp-caption-text\">Francisco Fernando Coca Maldonado asumi\u00f3 el cargo de titular de la Coordinaci\u00f3n del Corredor Econ\u00f3mico del Bienestar en el Estado de M\u00e9xico.<\/p><\/div>\n<p>&nbsp;<\/p>\n<p><strong>Valle de M\u00e9xico.\u2014<\/strong> Al asumir el cargo como titular de la Coordinaci\u00f3n del Corredor Econ\u00f3mico del Bienestar en el Estado de M\u00e9xico, Francisco Fernando Coca Maldonado, afirm\u00f3 que la tarea fundamental que desarrollar\u00e1 en tierras mexiquenses es la de promover el potencial de la entidad, para generar la transformaci\u00f3n econ\u00f3mica que promueve la presidenta Claudia Sheinbaum.<\/p>\n<p>La instrucci\u00f3n del secretario de Econom\u00eda, Marcelo Ebrard, dijo Coca Maldonado, es que \u201cmediante mecanismos que incluyen la relocalizaci\u00f3n de empresas, el incremento de inversiones nacionales y extranjeras, la reactivaci\u00f3n de los sectores productivos de la entidad; se ampl\u00eden las oportunidades de empleo digno y bien remunerado para\u00a0 los mexiquenses\u201d. Adem\u00e1s, resalt\u00f3 que esta oportunidad de servicio que le dan el secretario Marcelo Ebrard y la presidenta Sheinbaum le permitir\u00e1 poner todo su empe\u00f1o en hacer que el Estado de M\u00e9xico sea una entidad clave para el desarrollo de M\u00e9xico y se consolide la transformaci\u00f3n que promueve el gobierno federal.<\/p>\n<p>As\u00ed lo afirm\u00f3 Coca Maldonado, tras una reuni\u00f3n plenaria de la Secretar\u00eda de Econom\u00eda, donde recibi\u00f3 el nombramiento. El nuevo funcionario tambi\u00e9n agradeci\u00f3 a la Presidenta Claudia Sheinbaum por la confianza depositada en \u00e9l para desempe\u00f1ar tan importante labor \u201cque desde el Gobierno Federal cumpliremos\u201d. Finalmente,\u00a0 Coca Maldonado asegur\u00f3 que \u201clograremos que desde la Unidad de Atenci\u00f3n a Corredores del Bienestar el segundo piso de La 4T sea cada d\u00eda m\u00e1s s\u00f3lido y que nuestro pa\u00eds y sus habitantes vivan en un ambiente econ\u00f3mico s\u00f3lido y en constante crecimiento\u201d.<\/p>\n","protected":false},"excerpt":{"rendered":"<p>Al asumir el cargo como titular de la Coordinaci\u00f3n del Corredor Econ\u00f3mico del Bienestar en el Estado de M\u00e9xico, Francisco Fernando Coca Maldonado, afirm\u00f3 que la tarea fundamental que desarrollar\u00e1 en tierras mexiquenses es la de promover el potencial de la entidad, para generar la transformaci\u00f3n econ\u00f3mica que promueve la presidenta Claudia Sheinbaum.<\/p>\n","protected":false},"author":3,"featured_media":641202,"comment_status":"open","ping_status":"open","sticky":false,"template":"","format":"standard","meta":{"_monsterinsights_skip_tracking":false,"_monsterinsights_sitenote_active":false,"_monsterinsights_sitenote_note":"","_monsterinsights_sitenote_category":0,"footnotes":""},"categories":[5],"tags":[11553,68,26582],"class_list":["post-641119","post","type-post","status-publish","format-standard","has-post-thumbnail","hentry","category-estado-de-mexico","tag-economica","tag-edomex","tag-transformacion"],"_links":{"self":[{"href":"https:\/\/www.diarioimagen.net\/index.php?rest_route=\/wp\/v2\/posts\/641119","targetHints":{"allow":["GET"]}}],"collection":[{"href":"https:\/\/www.diarioimagen.net\/index.php?rest_route=\/wp\/v2\/posts"}],"about":[{"href":"https:\/\/www.diarioimagen.net\/index.php?rest_route=\/wp\/v2\/types\/post"}],"author":[{"embeddable":true,"href":"https:\/\/www.diarioimagen.net\/index.php?rest_route=\/wp\/v2\/users\/3"}],"replies":[{"embeddable":true,"href":"https:\/\/www.diarioimagen.net\/index.php?rest_route=%2Fwp%2Fv2%2Fcomments&post=641119"}],"version-history":[{"count":0,"href":"https:\/\/www.diarioimagen.net\/index.php?rest_route=\/wp\/v2\/posts\/641119\/revisions"}],"wp:featuredmedia":[{"embeddable":true,"href":"https:\/\/www.diarioimagen.net\/index.php?rest_route=\/wp\/v2\/media\/641202"}],"wp:attachment":[{"href":"https:\/\/www.diarioimagen.net\/index.php?rest_route=%2Fwp%2Fv2%2Fmedia&parent=641119"}],"wp:term":[{"taxonomy":"category","embeddable":true,"href":"https:\/\/www.diarioimagen.net\/index.php?rest_route=%2Fwp%2Fv2%2Fcategories&post=641119"},{"taxonomy":"post_tag","embeddable":true,"href":"https:\/\/www.diarioimagen.net\/index.php?rest_route=%2Fwp%2Fv2%2Ftags&post=641119"}],"curies":[{"name":"wp","href":"https:\/\/api.w.org\/{rel}","templated":true}]}}