{"id":641138,"date":"2024-11-19T00:01:36","date_gmt":"2024-11-19T06:01:36","guid":{"rendered":"https:\/\/www.diarioimagen.net\/?p=641138"},"modified":"2024-11-20T00:58:51","modified_gmt":"2024-11-20T06:58:51","slug":"hacienda-asigna-149000-mdp-a-proyectos-ferroviarios-en-2025","status":"publish","type":"post","link":"https:\/\/www.diarioimagen.net\/?p=641138","title":{"rendered":"Hacienda asigna 149,000\u00a0mdp a proyectos ferroviarios en\u00a02025"},"content":{"rendered":"<p>&nbsp;<\/p>\n<h2 style=\"text-align: center;\">Presupuesto de Egresos de la Federaci\u00f3n<\/h2>\n<p>&nbsp;<\/p>\n<ul>\n<li><strong><em>El Tren Maya se encuentra como el principal beneficiario, con 40,000 millones de pesos<\/em><\/strong><\/li>\n<\/ul>\n<p>&nbsp;<\/p>\n<div id=\"attachment_641186\" style=\"width: 470px\" class=\"wp-caption aligncenter\"><a href=\"https:\/\/www.diarioimagen.net\/?attachment_id=641186\" rel=\"attachment wp-att-641186\"><img loading=\"lazy\" decoding=\"async\" aria-describedby=\"caption-attachment-641186\" class=\"size-full wp-image-641186\" src=\"https:\/\/www.diarioimagen.net\/wp-content\/uploads\/2024\/11\/hacienda-asigna.jpg\" alt=\"\" width=\"460\" height=\"270\" srcset=\"https:\/\/www.diarioimagen.net\/wp-content\/uploads\/2024\/11\/hacienda-asigna.jpg 460w, https:\/\/www.diarioimagen.net\/wp-content\/uploads\/2024\/11\/hacienda-asigna-240x141.jpg 240w\" sizes=\"auto, (max-width: 460px) 100vw, 460px\" \/><\/a><p id=\"caption-attachment-641186\" class=\"wp-caption-text\">En el Proyecto de Presupuesto de Egresos de la Federaci\u00f3n para 2025, la administraci\u00f3n prioriza la inversi\u00f3n de proyectos prioritarios en los ferroviarios.<\/p><\/div>\n<p>&nbsp;<\/p>\n<p>De acuerdo con los Criterios Generales del Proyecto de Presupuesto de Egresos de la Federaci\u00f3n\u00a0(PPEF), se asignaron a las obras de infraestructura clave de la administraci\u00f3n de Claudia Sheinbaum un total de 189,000 millones de pesos, de los cu\u00e1les 149,000 millones de pesos son para los proyectos ferroviarios de pasajeros, lo que representa 78.84% del total.<\/p>\n<p>El Tren Maya se encuentra como el principal beneficiario, con 40,000 millones de pesos asignados, seguido del nuevo Tren M\u00e9xico-Quer\u00e9taro, que tiene proyectados 30,000 millones.<\/p>\n<p>Otros trenes como el AIFA-Pachuca, con una asignaci\u00f3n de 25,000 millones, y el Interoce\u00e1nico, que comparte el mismo monto, tambi\u00e9n destacan entre las prioridades. Proyectos como el Tren Saltillo-Nuevo Laredo y el Tren Quer\u00e9taro-Irapuato van por 10,000 millones de pesos.<\/p>\n<p>Los proyectos que solicitan montos m\u00e1s modestos y que corresponden a obras para su finalizaci\u00f3n, son el Tren Interurbano M\u00e9xico-Toluca y el Lecher\u00eda AIFA, con 6,000 y 3,000 millones de pesos cada uno.<\/p>\n<p>En comparaci\u00f3n, las inversiones en proyectos relacionados con carreteras y agua alcanzan \u00fanicamente el 10.58% del presupuesto cada uno, con 20,000 millones de pesos asignados para el mantenimiento y desarrollo de las v\u00edas de comunicaci\u00f3n y las obras hidr\u00e1ulicas de la Comisi\u00f3n Nacional del Agua (Conagua).<\/p>\n<p style=\"text-align: center;\"><strong>Asignan 835,705 mdp para programas sociales<\/strong><\/p>\n<p>El gobierno de Sheinbaum Pardo proyecta un presupuesto de 835,705 millones de pesos para programas prioritarios sociales, de los que el 11% de recurso ser\u00e1 para la implementaci\u00f3n de sus tres nuevos programas: beca universal de educaci\u00f3n b\u00e1sica \u201cRita Cetina\u201d, apoyo a mujeres de 60 a 64 a\u00f1os, y Bienestar Casa por Casa.<\/p>\n<p>En conjunto, los tres de los nuevos programas sociales de la presidenta Claudia Sheibaum tendr\u00e1n 95,840 millones de pesos para 2025. De ellos, las becas universales Rita Cetina tendr\u00e1n la mayor cantidad de recursos, con 78,840 mdp, seguido por el programa para mujeres de 60 a 64 a\u00f1os, al que se le destinar\u00e1n 15,000 mdp, y 2,000 para Bienestar Casa por Casa.<\/p>\n<p>Para implementar el programa de vivienda social, se proyectan 32,000 millones de pesos. La Pensi\u00f3n para Adultos Mayores, creada en el gobierno del expresidente Andr\u00e9s Manuel L\u00f3pez Obrador, es el programa al que m\u00e1s recursos destinar\u00e1 la administraci\u00f3n federal con 483,427 millones de pesos, que representan el 57%.<\/p>\n<p>El segundo programa que m\u00e1s recursos tendr\u00e1 es la beca Benito Ju\u00e1rez, la cual tendr\u00e1 131,926 millones de pesos para continuar con apoyos econ\u00f3micos a estudiantes.<\/p>\n<p>El gobierno federal anunci\u00f3 en octubre que, en 2025, se construir\u00e1n 165 mil viviendas nuevas; se mejorar\u00e1n 100 mil viviendas en la zona oriente del Estado de M\u00e9xico y se regularizar\u00e1n m\u00e1s de 120 mil escrituras.<\/p>\n<p>La nueva Beca Universal de Educaci\u00f3n B\u00e1sica \u201cRita Cetina\u201d es el programa prioritario del gobierno de M\u00e9xico dirigido a familias con hijas, hijos o menores a su cuidado inscritos en preescolar, primaria o secundaria.<\/p>\n<p>A partir del pr\u00f3ximo a\u00f1o, la federaci\u00f3n comenzar\u00e1 a entregar a las mujeres de 60 a 64 a\u00f1os de edad la Pensi\u00f3n Mujeres Bienestar, que consta de un apoyo de 3,000 pesos bimestrales en reconocimiento a toda una vida de trabajo.<\/p>\n<p>En tanto, \u201cSalud Casa por Casa\u201d consiste en la realizaci\u00f3n de visitas peri\u00f3dicas por parte personal de enfermer\u00eda a los hogares de personas adultas mayores de 65 a\u00f1os con discapacidad, para brindarles consultas y llevar un seguimiento de su estado de salud.<\/p>\n<p style=\"text-align: center;\">\u00a0<strong>Recortes a dependencias p\u00fablicas y entes aut\u00f3nomos<\/strong><\/p>\n<p>\u00a0Para el 2025 diversas dependencias p\u00fablicas y entes aut\u00f3nomos tendr\u00e1n una reducci\u00f3n de sus gastos respecto a este a\u00f1o, de acuerdo con el proyecto de Presupuesto de la Secretar\u00eda de Hacienda.<\/p>\n<p>Tal es el caso de la UNAM a la que le podr\u00edan recortar m\u00e1s de 5 mil millones de pesos, pues solicit\u00f3 50 mil y solo pretenden otorgarle 45 mil millones. Sin embargo, Hacienda inform\u00f3 que \u201cpor un lamentable error\u201d, tanto el presupuesto de la m\u00e1xima casa de estudios como el del Instituto Polit\u00e9cnico Nacional fueron afectados y asegur\u00f3 que ya se trabaja para que tengan un aumento respecto al a\u00f1o anterior de 3.5 por ciento.<\/p>\n<p>Tambi\u00e9n est\u00e1 el caso de los \u00f3rganos aut\u00f3nomos que van a desaparecer, por ejemplo, el INAI solicit\u00f3 994 millones de pesos, 13 por ciento menos que este 2024 o el IFT que pidi\u00f3 un presupuesto de mil 680 millones de pesos, 4.1 por ciento menos de lo que solicit\u00f3 este a\u00f1o.<br \/>\nOtras dependencias p\u00fablicas que presentan ajustes a la baja en sus gastos para 2025 est\u00e1n Defensa Nacional, Medio Ambiente, Seguridad y Salud. Seguridad y Protecci\u00f3n Ciudadana pide 70 mil 422 millones de pesos, 36 por ciento menos que el gasto que se le autoriz\u00f3 para este 2024.<\/p>\n","protected":false},"excerpt":{"rendered":"<p>De acuerdo con los Criterios Generales del Proyecto de Presupuesto de Egresos de la Federaci\u00f3n\u00a0(PPEF), se asignaron a las obras de infraestructura clave de la administraci\u00f3n de Claudia Sheinbaum un total de 189,000 millones de pesos, <\/p>\n","protected":false},"author":3,"featured_media":641186,"comment_status":"open","ping_status":"open","sticky":false,"template":"","format":"standard","meta":{"_monsterinsights_skip_tracking":false,"_monsterinsights_sitenote_active":false,"_monsterinsights_sitenote_note":"","_monsterinsights_sitenote_category":0,"footnotes":""},"categories":[17,8],"tags":[43678,14071],"class_list":["post-641138","post","type-post","status-publish","format-standard","has-post-thumbnail","hentry","category-especiales","category-finanzas","tag-finanzas","tag-presupuesto-de-egresos-de-la-federacion"],"_links":{"self":[{"href":"https:\/\/www.diarioimagen.net\/index.php?rest_route=\/wp\/v2\/posts\/641138","targetHints":{"allow":["GET"]}}],"collection":[{"href":"https:\/\/www.diarioimagen.net\/index.php?rest_route=\/wp\/v2\/posts"}],"about":[{"href":"https:\/\/www.diarioimagen.net\/index.php?rest_route=\/wp\/v2\/types\/post"}],"author":[{"embeddable":true,"href":"https:\/\/www.diarioimagen.net\/index.php?rest_route=\/wp\/v2\/users\/3"}],"replies":[{"embeddable":true,"href":"https:\/\/www.diarioimagen.net\/index.php?rest_route=%2Fwp%2Fv2%2Fcomments&post=641138"}],"version-history":[{"count":0,"href":"https:\/\/www.diarioimagen.net\/index.php?rest_route=\/wp\/v2\/posts\/641138\/revisions"}],"wp:featuredmedia":[{"embeddable":true,"href":"https:\/\/www.diarioimagen.net\/index.php?rest_route=\/wp\/v2\/media\/641186"}],"wp:attachment":[{"href":"https:\/\/www.diarioimagen.net\/index.php?rest_route=%2Fwp%2Fv2%2Fmedia&parent=641138"}],"wp:term":[{"taxonomy":"category","embeddable":true,"href":"https:\/\/www.diarioimagen.net\/index.php?rest_route=%2Fwp%2Fv2%2Fcategories&post=641138"},{"taxonomy":"post_tag","embeddable":true,"href":"https:\/\/www.diarioimagen.net\/index.php?rest_route=%2Fwp%2Fv2%2Ftags&post=641138"}],"curies":[{"name":"wp","href":"https:\/\/api.w.org\/{rel}","templated":true}]}}