{"id":641144,"date":"2024-11-19T00:06:53","date_gmt":"2024-11-19T06:06:53","guid":{"rendered":"https:\/\/www.diarioimagen.net\/?p=641144"},"modified":"2024-11-18T23:51:58","modified_gmt":"2024-11-19T05:51:58","slug":"g20-se-complica","status":"publish","type":"post","link":"https:\/\/www.diarioimagen.net\/?p=641144","title":{"rendered":"G20 se complica"},"content":{"rendered":"<h2>Aunque pese<\/h2>\n<h5>Salvador Mart\u00ednez Garc\u00eda<\/h5>\n<p>&nbsp;<\/p>\n<p>La reuni\u00f3n cumbre del G20, que congrega en R\u00edo de Janeiro a los m\u00e1s importantes l\u00edderes mundiales, se complica por el anuncio de Joe Biden de permitir a Ucrania el uso de misiles de largo alcance contra Rusia.<br \/>\nDe suyo complejo el panorama geopol\u00edtico, la determinaci\u00f3n de Washington agrava el conflicto y acerca la conflagraci\u00f3n regional hacia una tercera guerra mundial con uso de armas nucleares.<\/p>\n<p>Ya que la portavoz de la canciller\u00eda rusa, Mar\u00eda Zaj\u00e1rov, permiti\u00f3 el uso de misiles por parte de Kiev para atacar territorio ruso, significar\u00eda la participaci\u00f3n directa de Estados Unidos y sus sat\u00e9lites en operaciones militares contra Rusia.<\/p>\n<p>Adem\u00e1s, en la Cumbre de R\u00edo es ventilado tambi\u00e9n el diferendo de China con las naciones occidentales en el campo comercial, en la cual el gigante asi\u00e1tico crece en su dominaci\u00f3n tecnol\u00f3gica e industrial, lo cual quiere ser vencido con imposiciones arancelarias.<\/p>\n<p>Dif\u00edcil esperar un acuerdo por m\u00e1s esfuerzos que ponga el anfitri\u00f3n In\u00e1cio Lula Da Silva, quien pretende establecer una agenda de alianza mundial contra el hambre y la aplicaci\u00f3n de un impuesto a los s\u00faper ricos del mundo, cuyos recursos ser\u00edan aplicados para reducir las desigualdades.<\/p>\n<p>El reto es terminar con el hambre de m\u00e1s 700 millones de personas en el orbe, que significa el nueve por ciento de la poblaci\u00f3n global.<\/p>\n<p>Hasta ahora, Lula ha logrado el respaldo de casi todos los pa\u00edses del G20, salvo la Argentina del ultraderechista Javier Milei. Al menos en el papel podr\u00eda quedar aceptado que 81 naciones trabajar\u00edan por la Alianza Global Contra el Hambre y la Pobreza. Lacra que debiera ser erradicada para el 2030.<\/p>\n<p>La propuesta lulista tambi\u00e9n fue respaldada por la Uni\u00f3n Europea y la Uni\u00f3n Africana, sin embargo, es dif\u00edcil lograr una acci\u00f3n pol\u00edtica decidida en este sentido m\u00e1s all\u00e1 de lo asentado en el papel.<\/p>\n<p style=\"text-align: center;\"><strong>Susurros<\/strong><\/p>\n<p>Hasta R\u00edo de Janeiro viaj\u00f3 la presidenta Claudia Sheinbaum, con lo que rompi\u00f3 con el aislacionismo mostrado por su antecesor L\u00f3pez Obrador sobre su participaci\u00f3n en cumbres mundiales.<\/p>\n<p>Recibida por Lula Da Silva, se espera una intensa actividad pol\u00edtica, diplom\u00e1tica, de la jefa del Estado mexicano. Se suma a la propuesta de combate a la pobreza y el hambre, y plantea a los jefes de Estado reunidos en la Cumbre crear un fondo para financiar el programa de reforestaci\u00f3n m\u00e1s grande de la historia. Sembrando Vida, que mitiga el calentamiento global y reduce la pobreza. La propuesta es dejar de sembrar guerras; sembremos paz y sembremos vida.<\/p>\n<p>No puede ser mejor la propuesta mexicana, l\u00e1stima que no se observa campo f\u00e9rtil para su desarrollo. Las desavenencias mundiales entre Estados Unidos y Rusia, y Estados Unidos y China, seguramente prevalecer\u00e1n. \u00a0Ojal\u00e1 nos equivoquemos.<\/p>\n<p><a href=\"mailto:salvadormartinez@visionmx.com\" target=\"_blank\" rel=\"noopener\"><em>salvadormartinez@visionmx.com<\/em><\/a><br \/>\n<strong>X<em>:<\/em><\/strong><a href=\"https:\/\/twitter.com\/salvador_mtz?lang=es\" target=\"_blank\" rel=\"noopener\"><em> @salvador_mtz<\/em><\/a><\/p>\n","protected":false},"excerpt":{"rendered":"<p><span style=\"color: #005497;\"><strong>Salvador Mart\u00ednez Garc\u00eda<\/strong><\/span><\/p>\n","protected":false},"author":3,"featured_media":0,"comment_status":"open","ping_status":"open","sticky":false,"template":"","format":"standard","meta":{"_monsterinsights_skip_tracking":false,"_monsterinsights_sitenote_active":false,"_monsterinsights_sitenote_note":"","_monsterinsights_sitenote_category":0,"footnotes":""},"categories":[96743],"tags":[96744,43674,96745],"class_list":["post-641144","post","type-post","status-publish","format-standard","hentry","category-salvador-martinez-garcia","tag-aunque-pese","tag-opinion","tag-salvador-martinez-garcia"],"_links":{"self":[{"href":"https:\/\/www.diarioimagen.net\/index.php?rest_route=\/wp\/v2\/posts\/641144","targetHints":{"allow":["GET"]}}],"collection":[{"href":"https:\/\/www.diarioimagen.net\/index.php?rest_route=\/wp\/v2\/posts"}],"about":[{"href":"https:\/\/www.diarioimagen.net\/index.php?rest_route=\/wp\/v2\/types\/post"}],"author":[{"embeddable":true,"href":"https:\/\/www.diarioimagen.net\/index.php?rest_route=\/wp\/v2\/users\/3"}],"replies":[{"embeddable":true,"href":"https:\/\/www.diarioimagen.net\/index.php?rest_route=%2Fwp%2Fv2%2Fcomments&post=641144"}],"version-history":[{"count":0,"href":"https:\/\/www.diarioimagen.net\/index.php?rest_route=\/wp\/v2\/posts\/641144\/revisions"}],"wp:attachment":[{"href":"https:\/\/www.diarioimagen.net\/index.php?rest_route=%2Fwp%2Fv2%2Fmedia&parent=641144"}],"wp:term":[{"taxonomy":"category","embeddable":true,"href":"https:\/\/www.diarioimagen.net\/index.php?rest_route=%2Fwp%2Fv2%2Fcategories&post=641144"},{"taxonomy":"post_tag","embeddable":true,"href":"https:\/\/www.diarioimagen.net\/index.php?rest_route=%2Fwp%2Fv2%2Ftags&post=641144"}],"curies":[{"name":"wp","href":"https:\/\/api.w.org\/{rel}","templated":true}]}}