{"id":641226,"date":"2024-11-20T00:01:38","date_gmt":"2024-11-20T06:01:38","guid":{"rendered":"https:\/\/www.diarioimagen.net\/?p=641226"},"modified":"2024-11-21T02:32:04","modified_gmt":"2024-11-21T08:32:04","slug":"claudia-sheinbaum-pardo-se-reunio-con-miembros-del-g20","status":"publish","type":"post","link":"https:\/\/www.diarioimagen.net\/?p=641226","title":{"rendered":"Claudia Sheinbaum Pardo se reuni\u00f3 con miembros del G20"},"content":{"rendered":"<p>&nbsp;<\/p>\n<h2 style=\"text-align: center;\">M\u00e9xico regresa al escenario global<\/h2>\n<p>&nbsp;<\/p>\n<ul>\n<li><strong><em>Dialog\u00f3 con los mandatarios de Estados Unidos, <\/em><em>Canad\u00e1, China, Colombia, Vietnam y Francia<\/em><\/strong><\/li>\n<\/ul>\n<p>&nbsp;<\/p>\n<div id=\"attachment_641301\" style=\"width: 470px\" class=\"wp-caption aligncenter\"><a href=\"https:\/\/www.diarioimagen.net\/?attachment_id=641301\" rel=\"attachment wp-att-641301\"><img loading=\"lazy\" decoding=\"async\" aria-describedby=\"caption-attachment-641301\" class=\"size-full wp-image-641301\" src=\"https:\/\/www.diarioimagen.net\/wp-content\/uploads\/2024\/11\/claudia-12.jpg\" alt=\"\" width=\"460\" height=\"270\" srcset=\"https:\/\/www.diarioimagen.net\/wp-content\/uploads\/2024\/11\/claudia-12.jpg 460w, https:\/\/www.diarioimagen.net\/wp-content\/uploads\/2024\/11\/claudia-12-240x141.jpg 240w\" sizes=\"auto, (max-width: 460px) 100vw, 460px\" \/><\/a><p id=\"caption-attachment-641301\" class=\"wp-caption-text\">Este mi\u00e9rcoles se renudar\u00e1n las ma\u00f1aneras de la presidenta Claudia Sheimbaun tras su participaci\u00f3n en la Cumbre del G20, en R\u00edo de Janeiro. Brasil.<\/p><\/div>\n<p>&nbsp;<\/p>\n<p>Como parte de las actividades de la Cumbre de L\u00edderes del Grupo de los Veinte (G20), que se realiza en R\u00edo de Janeiro, Brasil, la Presidenta de M\u00e9xico, Claudia Sheinbaum Pardo, sostuvo reuniones bilaterales con los mandatarios de Estados Unidos, Canad\u00e1, China, Colombia, Vietnam y Francia.<\/p>\n<p>Adem\u00e1s, sostuvo un encuentro con los l\u00edderes progresistas de Am\u00e9rica Latina, Brasil y Chile; as\u00ed como con los miembros de MIKTA: Indonesia, Rep\u00fablica de Corea, T\u00fcrkiye y Australia.<\/p>\n<p>Con el presidente de Estados Unidos de Am\u00e9rica, Joseph Biden, la jefa del Ejecutivo Federal habl\u00f3 sobre la buena relaci\u00f3n que existe entre las dos naciones y de la importancia de trabajar juntos en materia de migraci\u00f3n, seguridad y econom\u00eda; refrendando la amistad entre ambos pa\u00edses.<\/p>\n<p>En su di\u00e1logo con el primer ministro de Canad\u00e1, Justin Trudeau, ambos mandatarios coincidieron con el buen resultado del Tratado Comercial entre M\u00e9xico, Estados Unidos y Canad\u00e1 (T-MEC) para la regi\u00f3n de Am\u00e9rica del Norte. Aunado a que conversaron sobre la buena relaci\u00f3n que hay entre los pueblos de ambas naciones y sus gobiernos.<\/p>\n<p>En reuni\u00f3n con el presidente de China, Xi Jinping, agradeci\u00f3 el apoyo de este pa\u00eds en la recuperaci\u00f3n de Acapulco a trav\u00e9s de la producci\u00f3n y entrega de enseres dom\u00e9sticos, tras las afectaciones que sufri\u00f3 dicho municipio por fen\u00f3menos meteorol\u00f3gicos.<\/p>\n<p>Con el presidente de Francia, Emmanuel Macron, acordaron cooperar en temas de agua, salud e infraestructura, as\u00ed como impulsar desde ambas naciones la igualdad de g\u00e9nero.<\/p>\n<p>Mientras que, con el primer ministro de Vietnam, Pham Minh Chinh, la jefa del Ejecutivo Federal, acord\u00f3 estrechar la relaci\u00f3n cultural con el pueblo vietnamita. Por su parte, con el presidente de Colombia, Gustavo Petro Urrego, dialogaron sobre el fortalecimiento de la agenda progresista en la regi\u00f3n.<\/p>\n<p>En el encuentro con los miembros de MIKTA: los l\u00edderes de Indonesia, Prabowo Subianto; Rep\u00fablica de Corea, Yoon Suk Yeol; de T\u00fcrkiye, Recep Tayyip Erdo\u011fan, y Australia, Anthony Albanese, agradecieron a M\u00e9xico por su exitosa presidencia del MIKTA en 2024 y elogiaron el avance de sus tres prioridades clave: 1) Fortalecer el multilateralismo; 2) Colocar a las mujeres en el centro de los esfuerzos de desarrollo; y 3) Profundizar la coordinaci\u00f3n entre las autoridades de cooperaci\u00f3n para el desarrollo.<\/p>\n<p>Finalmente, la Presidenta de M\u00e9xico fortaleci\u00f3 lazos de amistad con los presidentes de Brasil, Luiz In\u00e1cio Lula da Silva; Chile, Gabriel Boric Font, y Colombia, Gustavo Petro Urrego, por una Am\u00e9rica Latina unida.<\/p>\n<p>El G20, el principal foro de cooperaci\u00f3n econ\u00f3mica internacional, re\u00fane a los pa\u00edses con las mayores econom\u00edas del mundo. Los Estados miembros se re\u00fanen anualmente para debatir iniciativas econ\u00f3micas, pol\u00edticas y sociales.<\/p>\n<p style=\"text-align: center;\"><strong>Participaci\u00f3n de Sheinbaum en cumbre<\/strong><\/p>\n<p>Durante su primera intervenci\u00f3n ante de los l\u00edderes de organismos internacionales y de las otras 20 potencias mundiales, Sheinbaum propuso replicar a nivel global el programa Sembrando Vida, a fin de que al mismo tiempo se combata la pobreza pero tambi\u00e9n se aporte aire puro al planeta y se frene el cambio clim\u00e1tico gracias a la reforestaci\u00f3n. Para echarlo a andar, la presidenta de M\u00e9xico propuso a los Estados miembro del G20 destinar al menos el 1 por ciento de su gasto militar a un fondo especial.<\/p>\n<p>Mientras que en la segunda mesa de trabajo, la presidenta de M\u00e9xico propuso reformar el Consejo de Seguridad de las Naciones Unidas, implementar una visi\u00f3n m\u00e1s democr\u00e1tica del mundo que le otorgue mayor legitimidad a las decisiones que tome este \u00f3rgano. La propuesta incluye ampliar el n\u00famero de espacios para pa\u00edses peque\u00f1os no s\u00f3lo de Latinoam\u00e9rica y el Caribe, sino tambi\u00e9n de \u00c1frica y otros Estados insulares.<\/p>\n<p style=\"text-align: center;\"><strong>Este mi\u00e9rcoles se reanudan las ma\u00f1aneras<\/strong><\/p>\n<p>La Presidencia de la Rep\u00fablica indic\u00f3 que este martes tampoco habr\u00eda encuentro con los medios debido a la participaci\u00f3n de la presidente en la Cumbre de L\u00edderes del G20 que se desarrolla en R\u00edo de Janeiro, Brasil, donde tuvo dos importantes intervenciones y una serie de reuniones con mandatarios y primeros ministros. De acuerdo con la agenda oficial, la mandataria ya dej\u00f3 Brasil a primera hora del martes y se espera que llegue por la tarde a la Ciudad de M\u00e9xico.<\/p>\n<p>Las ma\u00f1aneras del pueblo se reanudar\u00e1n hasta este mi\u00e9rcoles 20 de noviembre, D\u00eda de la Revoluci\u00f3n Mexicana, donde adem\u00e1s de presidir su tradicional conferencia, la presidenta llevar\u00e1 a cabo su primer desfile c\u00edvico-militar, el cual saldr\u00e1 a las 10:00 horas en el Z\u00f3calo de la Ciudad con destino al Campo Militar 1, ubicado en en Chapultepec.<\/p>\n","protected":false},"excerpt":{"rendered":"<p>Como parte de las actividades de la Cumbre de L\u00edderes del Grupo de los Veinte (G20), que se realiza en R\u00edo de Janeiro, Brasil, la Presidenta de M\u00e9xico, Claudia Sheinbaum Pardo, sostuvo reuniones bilaterales con los mandatarios de Estados Unidos, Canad\u00e1, China, Colombia, Vietnam y Francia.<\/p>\n","protected":false},"author":3,"featured_media":641301,"comment_status":"open","ping_status":"open","sticky":false,"template":"","format":"standard","meta":{"_monsterinsights_skip_tracking":false,"_monsterinsights_sitenote_active":false,"_monsterinsights_sitenote_note":"","_monsterinsights_sitenote_category":0,"footnotes":""},"categories":[17,3],"tags":[72207,23472,22371],"class_list":["post-641226","post","type-post","status-publish","format-standard","has-post-thumbnail","hentry","category-especiales","category-nacional","tag-claudia-sheinbaum-pardo","tag-g20","tag-reunion"],"_links":{"self":[{"href":"https:\/\/www.diarioimagen.net\/index.php?rest_route=\/wp\/v2\/posts\/641226","targetHints":{"allow":["GET"]}}],"collection":[{"href":"https:\/\/www.diarioimagen.net\/index.php?rest_route=\/wp\/v2\/posts"}],"about":[{"href":"https:\/\/www.diarioimagen.net\/index.php?rest_route=\/wp\/v2\/types\/post"}],"author":[{"embeddable":true,"href":"https:\/\/www.diarioimagen.net\/index.php?rest_route=\/wp\/v2\/users\/3"}],"replies":[{"embeddable":true,"href":"https:\/\/www.diarioimagen.net\/index.php?rest_route=%2Fwp%2Fv2%2Fcomments&post=641226"}],"version-history":[{"count":0,"href":"https:\/\/www.diarioimagen.net\/index.php?rest_route=\/wp\/v2\/posts\/641226\/revisions"}],"wp:featuredmedia":[{"embeddable":true,"href":"https:\/\/www.diarioimagen.net\/index.php?rest_route=\/wp\/v2\/media\/641301"}],"wp:attachment":[{"href":"https:\/\/www.diarioimagen.net\/index.php?rest_route=%2Fwp%2Fv2%2Fmedia&parent=641226"}],"wp:term":[{"taxonomy":"category","embeddable":true,"href":"https:\/\/www.diarioimagen.net\/index.php?rest_route=%2Fwp%2Fv2%2Fcategories&post=641226"},{"taxonomy":"post_tag","embeddable":true,"href":"https:\/\/www.diarioimagen.net\/index.php?rest_route=%2Fwp%2Fv2%2Ftags&post=641226"}],"curies":[{"name":"wp","href":"https:\/\/api.w.org\/{rel}","templated":true}]}}