{"id":641245,"date":"2024-11-20T00:04:57","date_gmt":"2024-11-20T06:04:57","guid":{"rendered":"https:\/\/www.diarioimagen.net\/?p=641245"},"modified":"2024-11-20T01:31:18","modified_gmt":"2024-11-20T07:31:18","slug":"recuerda-cruz-roja-mexicana-a-victimas-por-accidentes-viales","status":"publish","type":"post","link":"https:\/\/www.diarioimagen.net\/?p=641245","title":{"rendered":"Recuerda Cruz Roja Mexicana a v\u00edctimas por accidentes viales"},"content":{"rendered":"<p>&nbsp;<\/p>\n<ul>\n<li><strong><em>Un minuto de toque de sirenas<\/em> <\/strong><\/li>\n<\/ul>\n<p>&nbsp;<\/p>\n<div id=\"attachment_641321\" style=\"width: 470px\" class=\"wp-caption aligncenter\"><a href=\"https:\/\/www.diarioimagen.net\/?attachment_id=641321\" rel=\"attachment wp-att-641321\"><img loading=\"lazy\" decoding=\"async\" aria-describedby=\"caption-attachment-641321\" class=\"size-full wp-image-641321\" src=\"https:\/\/www.diarioimagen.net\/wp-content\/uploads\/2024\/11\/recuerda-cruz-roja.jpg\" alt=\"\" width=\"460\" height=\"270\" srcset=\"https:\/\/www.diarioimagen.net\/wp-content\/uploads\/2024\/11\/recuerda-cruz-roja.jpg 460w, https:\/\/www.diarioimagen.net\/wp-content\/uploads\/2024\/11\/recuerda-cruz-roja-240x141.jpg 240w\" sizes=\"auto, (max-width: 460px) 100vw, 460px\" \/><\/a><p id=\"caption-attachment-641321\" class=\"wp-caption-text\">La Cruz Roja Mexicana conmemor\u00f3 el d\u00eda mundial en Recuerdo de las \u201cV\u00edctimas por Accidentes de Tr\u00e1fico\u201d con un minuto del toque de sirenas en las 30 delegaciones locales.<\/p><\/div>\n<p>&nbsp;<\/p>\n<p><strong>Toluca, Estado de M\u00e9xico.\u2014<\/strong> Con un minuto del toque de sirenas en las 30 delegaciones locales que operan en el Estado de M\u00e9xico, la Cruz Roja Mexicana conmemor\u00f3 el d\u00eda mundial en Recuerdo de las \u201cV\u00edctimas por Accidentes de Tr\u00e1fico\u201d, que la ONU recuerda en noviembre de cada a\u00f1o.<\/p>\n<p>Esta fecha tiene como objetivo rendir un homenaje a las personas muertas y heridas de gravedad en las carreteras y vialidades; reconocer el trabajo crucial de los servicios de emergencia y rescate y fomentar acciones que permitan reducir las v\u00edctimas de siniestros viales, entre otras.<\/p>\n<p>Oscar Oliden Vel\u00e1zquez P\u00e9rez, Coordinador Estatal de Prevenci\u00f3n de Lesiones de la Cruz Roja Mexicana, record\u00f3 que, de acuerdo con la Organizaci\u00f3n Mundial de la Salud, las principales v\u00edctimas por accidentes viales son personas de 15 a 29 a\u00f1os.<\/p>\n<p>Refrend\u00f3 el llamado de Cruz Roja Mexicana a realizar acciones para la reducci\u00f3n de los siniestros viales y a tomar acciones que permitan prevenirlos.<\/p>\n<p>La Coordinaci\u00f3n de Socorros de la Cruz Roja del Edomex report\u00f3 del 1 de enero al 11 de noviembre de este a\u00f1o 2024,\u00a0 apoy\u00f3 a v\u00edctimas de 4 mil 442 choques, 542 volcaduras, 925 ca\u00eddos de motocicletas y mil 282 personas atropelladas.<\/p>\n","protected":false},"excerpt":{"rendered":"<p>Con un minuto del toque de sirenas en las 30 delegaciones locales que operan en el Estado de M\u00e9xico, la Cruz Roja Mexicana conmemor\u00f3 el d\u00eda mundial en Recuerdo de las \u201cV\u00edctimas por Accidentes de Tr\u00e1fico\u201d, que la ONU recuerda en noviembre de cada a\u00f1o.<\/p>\n","protected":false},"author":3,"featured_media":641321,"comment_status":"open","ping_status":"open","sticky":false,"template":"","format":"standard","meta":{"_monsterinsights_skip_tracking":false,"_monsterinsights_sitenote_active":false,"_monsterinsights_sitenote_note":"","_monsterinsights_sitenote_category":0,"footnotes":""},"categories":[5],"tags":[101261,919,101262],"class_list":["post-641245","post","type-post","status-publish","format-standard","has-post-thumbnail","hentry","category-estado-de-mexico","tag-accidentes-viales","tag-cruz-roja","tag-tolnuca"],"_links":{"self":[{"href":"https:\/\/www.diarioimagen.net\/index.php?rest_route=\/wp\/v2\/posts\/641245","targetHints":{"allow":["GET"]}}],"collection":[{"href":"https:\/\/www.diarioimagen.net\/index.php?rest_route=\/wp\/v2\/posts"}],"about":[{"href":"https:\/\/www.diarioimagen.net\/index.php?rest_route=\/wp\/v2\/types\/post"}],"author":[{"embeddable":true,"href":"https:\/\/www.diarioimagen.net\/index.php?rest_route=\/wp\/v2\/users\/3"}],"replies":[{"embeddable":true,"href":"https:\/\/www.diarioimagen.net\/index.php?rest_route=%2Fwp%2Fv2%2Fcomments&post=641245"}],"version-history":[{"count":0,"href":"https:\/\/www.diarioimagen.net\/index.php?rest_route=\/wp\/v2\/posts\/641245\/revisions"}],"wp:featuredmedia":[{"embeddable":true,"href":"https:\/\/www.diarioimagen.net\/index.php?rest_route=\/wp\/v2\/media\/641321"}],"wp:attachment":[{"href":"https:\/\/www.diarioimagen.net\/index.php?rest_route=%2Fwp%2Fv2%2Fmedia&parent=641245"}],"wp:term":[{"taxonomy":"category","embeddable":true,"href":"https:\/\/www.diarioimagen.net\/index.php?rest_route=%2Fwp%2Fv2%2Fcategories&post=641245"},{"taxonomy":"post_tag","embeddable":true,"href":"https:\/\/www.diarioimagen.net\/index.php?rest_route=%2Fwp%2Fv2%2Ftags&post=641245"}],"curies":[{"name":"wp","href":"https:\/\/api.w.org\/{rel}","templated":true}]}}