{"id":641247,"date":"2024-11-20T00:03:48","date_gmt":"2024-11-20T06:03:48","guid":{"rendered":"https:\/\/www.diarioimagen.net\/?p=641247"},"modified":"2024-11-21T02:13:59","modified_gmt":"2024-11-21T08:13:59","slug":"una-vez-mas-reconocen-a-romina-contreras-como-alcaldesa-del-ano","status":"publish","type":"post","link":"https:\/\/www.diarioimagen.net\/?p=641247","title":{"rendered":"Una vez m\u00e1s, reconocen a Romina Contreras como alcaldesa del a\u00f1o"},"content":{"rendered":"<p>&nbsp;<\/p>\n<div id=\"attachment_641319\" style=\"width: 470px\" class=\"wp-caption aligncenter\"><a href=\"https:\/\/www.diarioimagen.net\/?attachment_id=641319\" rel=\"attachment wp-att-641319\"><img loading=\"lazy\" decoding=\"async\" aria-describedby=\"caption-attachment-641319\" class=\"size-full wp-image-641319\" src=\"https:\/\/www.diarioimagen.net\/wp-content\/uploads\/2024\/11\/una-vez-mas-reconocen.jpg\" alt=\"\" width=\"460\" height=\"270\" srcset=\"https:\/\/www.diarioimagen.net\/wp-content\/uploads\/2024\/11\/una-vez-mas-reconocen.jpg 460w, https:\/\/www.diarioimagen.net\/wp-content\/uploads\/2024\/11\/una-vez-mas-reconocen-240x141.jpg 240w\" sizes=\"auto, (max-width: 460px) 100vw, 460px\" \/><\/a><p id=\"caption-attachment-641319\" class=\"wp-caption-text\">El OFEM detect\u00f3 anomal\u00edas financieras en el ayuntamiento\u00a0de Ecatepec por\u00a0un importe de 247 millones de pesos, durante el ejercicio fiscal 2023.<\/p><\/div>\n<p>&nbsp;<\/p>\n<p><strong>Huixquilucan, Estado de M\u00e9xico.\u2014 <\/strong>La presidenta municipal Romina Contreras Carraco recibi\u00f3, una vez m\u00e1s, el Premio Valores 2024, en la categor\u00eda de \u201cPresidenta Municipal del A\u00f1o\u201d, por parte de la revista Valores, por su destacado trabajo y trayectoria al frente de la administraci\u00f3n p\u00fablica del municipio que gobierna.<\/p>\n<p>Contreras Carrasco asegur\u00f3 que, desde el inicio de su mandato, se coloc\u00f3 como una de las cinco alcaldesas mejor evaluadas del pa\u00eds y, por 16 ocasiones, se ha situado como la n\u00famero uno en todo M\u00e9xico, gracias al trabajo que lleva a cabo en materia de educaci\u00f3n, seguridad, obra p\u00fablica, desarrollo social, salud y servicios p\u00fablicos, que atienden las necesidades de la gente, sobre todo, de los sectores m\u00e1s vulnerables.<\/p>\n<p>&nbsp;<\/p>\n","protected":false},"excerpt":{"rendered":"<p>La presidenta municipal Romina Contreras Carraco recibi\u00f3, una vez m\u00e1s, el Premio Valores 2024, en la categor\u00eda de \u201cPresidenta Municipal del A\u00f1o\u201d, por parte de la revista Valores, por su destacado trabajo y trayectoria al frente de la administraci\u00f3n p\u00fablica del municipio que gobierna.<\/p>\n","protected":false},"author":3,"featured_media":641319,"comment_status":"open","ping_status":"open","sticky":false,"template":"","format":"standard","meta":{"_monsterinsights_skip_tracking":false,"_monsterinsights_sitenote_active":false,"_monsterinsights_sitenote_note":"","_monsterinsights_sitenote_category":0,"footnotes":""},"categories":[5],"tags":[101263,57674],"class_list":["post-641247","post","type-post","status-publish","format-standard","has-post-thumbnail","hentry","category-estado-de-mexico","tag-alcaldesa-del-ano","tag-romina-contreras-carrasco"],"_links":{"self":[{"href":"https:\/\/www.diarioimagen.net\/index.php?rest_route=\/wp\/v2\/posts\/641247","targetHints":{"allow":["GET"]}}],"collection":[{"href":"https:\/\/www.diarioimagen.net\/index.php?rest_route=\/wp\/v2\/posts"}],"about":[{"href":"https:\/\/www.diarioimagen.net\/index.php?rest_route=\/wp\/v2\/types\/post"}],"author":[{"embeddable":true,"href":"https:\/\/www.diarioimagen.net\/index.php?rest_route=\/wp\/v2\/users\/3"}],"replies":[{"embeddable":true,"href":"https:\/\/www.diarioimagen.net\/index.php?rest_route=%2Fwp%2Fv2%2Fcomments&post=641247"}],"version-history":[{"count":0,"href":"https:\/\/www.diarioimagen.net\/index.php?rest_route=\/wp\/v2\/posts\/641247\/revisions"}],"wp:featuredmedia":[{"embeddable":true,"href":"https:\/\/www.diarioimagen.net\/index.php?rest_route=\/wp\/v2\/media\/641319"}],"wp:attachment":[{"href":"https:\/\/www.diarioimagen.net\/index.php?rest_route=%2Fwp%2Fv2%2Fmedia&parent=641247"}],"wp:term":[{"taxonomy":"category","embeddable":true,"href":"https:\/\/www.diarioimagen.net\/index.php?rest_route=%2Fwp%2Fv2%2Fcategories&post=641247"},{"taxonomy":"post_tag","embeddable":true,"href":"https:\/\/www.diarioimagen.net\/index.php?rest_route=%2Fwp%2Fv2%2Ftags&post=641247"}],"curies":[{"name":"wp","href":"https:\/\/api.w.org\/{rel}","templated":true}]}}