{"id":641347,"date":"2024-11-21T00:04:10","date_gmt":"2024-11-21T06:04:10","guid":{"rendered":"https:\/\/www.diarioimagen.net\/?p=641347"},"modified":"2024-11-21T02:47:28","modified_gmt":"2024-11-21T08:47:28","slug":"premio-lideres-de-americaa-marina-salgado-por-labor-social","status":"publish","type":"post","link":"https:\/\/www.diarioimagen.net\/?p=641347","title":{"rendered":"Premio \u201cL\u00edderes de Am\u00e9rica\u201da Marina\u00a0Salgado por labor social"},"content":{"rendered":"<p>&nbsp;<\/p>\n<ul>\n<li><em><strong>Loable trabajo en favor de familias mexiquenses<\/strong><\/em><\/li>\n<\/ul>\n<p>&nbsp;<\/p>\n<div id=\"attachment_641434\" style=\"width: 470px\" class=\"wp-caption aligncenter\"><a href=\"https:\/\/www.diarioimagen.net\/?attachment_id=641434\" rel=\"attachment wp-att-641434\"><img loading=\"lazy\" decoding=\"async\" aria-describedby=\"caption-attachment-641434\" class=\"size-full wp-image-641434\" src=\"https:\/\/www.diarioimagen.net\/wp-content\/uploads\/2024\/11\/premio-lideres.jpg\" alt=\"\" width=\"460\" height=\"270\" srcset=\"https:\/\/www.diarioimagen.net\/wp-content\/uploads\/2024\/11\/premio-lideres.jpg 460w, https:\/\/www.diarioimagen.net\/wp-content\/uploads\/2024\/11\/premio-lideres-240x141.jpg 240w\" sizes=\"auto, (max-width: 460px) 100vw, 460px\" \/><\/a><p id=\"caption-attachment-641434\" class=\"wp-caption-text\">La luchadora social naucalpense Marina Salgado Monroy fue galardonada con el premio \u201cL\u00edderes de Am\u00e9rica\u201d 2024.<\/p><\/div>\n<p>&nbsp;<\/p>\n<p><strong>Valle de M\u00e9xico.\u2014<\/strong> Gracias a su gesti\u00f3n como luchadora social y promotora del empoderamiento de las mujeres, la luchadora social naucalpense Marina Salgado Monroy fue galardonada con el premio \u201cL\u00edderes de Am\u00e9rica\u201d 2024, el cual se suma a un sin n\u00famero de reconocimientos recibidos por su loable trabajo en favor de las familias, no s\u00f3lo de Naucalpan, sino del Estado de M\u00e9xico.<\/p>\n<p>Fue en la sede del Club Naval, de la Secretar\u00eda de Marina, en donde se instal\u00f3 la alfombra roja de los \u201cL\u00edderes de Am\u00e9rica\u201d 2024, en donde destacan la excelencia y distinci\u00f3n de artistas, empresarios,\u00a0 m\u00fasicos y l\u00edderes sociales, entre otros.<\/p>\n<p>La noche de gala fue dirigida por Jos\u00e9 Luis Blancas, presidente y fundador de \u201cL\u00edderes de Am\u00e9rica\u201d, que cont\u00f3 con grandes celebridades, siendo algunos galardonados por su presencia y liderazgo como Cecilia Galliano, Tony Balardi, Gerardo Quiroz Laura Zapata,\u00a0 Mar\u00eda Elena Salda\u00f1a, Manuel \u201cEl Flaco\u201d Iba\u00f1ez, Germ\u00e1n Liz\u00e1rraga, Sergio Corona, y por supuesto la mexiquense Marina Salgado Monroy, entre otros.<\/p>\n<p>En entrevista, Marina Salgado, luego de agradecer dicha distinci\u00f3n, se comprometi\u00f3 a seguir trabajando en favorecer a las familias m\u00e1s desprotegidas y luchar por el empoderamiento de todas y cada una de las f\u00e9minas.<\/p>\n<p>\u201cHoy nos da un gusto y una satisfacci\u00f3n enorme, que se reconozca a las mujeres y hombres por su destacada trayectoria a trav\u00e9s de L\u00edderes de Am\u00e9rica y ello nos da fortaleza para seguir apoyando la sociedad y el empoderamiento de las que menos tienen, que por su puesto,\u00a0 de ninguna manera daremos ni un paso atr\u00e1s en nuestra labor\u201d, expres\u00f3.<\/p>\n","protected":false},"excerpt":{"rendered":"<p>Gracias a su gesti\u00f3n como luchadora social y promotora del empoderamiento de las mujeres, la luchadora social naucalpense Marina Salgado Monroy fue galardonada con el premio \u201cL\u00edderes de Am\u00e9rica\u201d 2024, el cual se suma a un sin n\u00famero de reconocimientos recibidos por su loable trabajo en favor de las familias, no s\u00f3lo de Naucalpan, sino del Estado de M\u00e9xico.<\/p>\n","protected":false},"author":3,"featured_media":641434,"comment_status":"open","ping_status":"open","sticky":false,"template":"","format":"standard","meta":{"_monsterinsights_skip_tracking":false,"_monsterinsights_sitenote_active":false,"_monsterinsights_sitenote_note":"","_monsterinsights_sitenote_category":0,"footnotes":""},"categories":[5],"tags":[100738,101275,101276],"class_list":["post-641347","post","type-post","status-publish","format-standard","has-post-thumbnail","hentry","category-estado-de-mexico","tag-labor-social","tag-lideres-de-america","tag-marina-salgado"],"_links":{"self":[{"href":"https:\/\/www.diarioimagen.net\/index.php?rest_route=\/wp\/v2\/posts\/641347","targetHints":{"allow":["GET"]}}],"collection":[{"href":"https:\/\/www.diarioimagen.net\/index.php?rest_route=\/wp\/v2\/posts"}],"about":[{"href":"https:\/\/www.diarioimagen.net\/index.php?rest_route=\/wp\/v2\/types\/post"}],"author":[{"embeddable":true,"href":"https:\/\/www.diarioimagen.net\/index.php?rest_route=\/wp\/v2\/users\/3"}],"replies":[{"embeddable":true,"href":"https:\/\/www.diarioimagen.net\/index.php?rest_route=%2Fwp%2Fv2%2Fcomments&post=641347"}],"version-history":[{"count":0,"href":"https:\/\/www.diarioimagen.net\/index.php?rest_route=\/wp\/v2\/posts\/641347\/revisions"}],"wp:featuredmedia":[{"embeddable":true,"href":"https:\/\/www.diarioimagen.net\/index.php?rest_route=\/wp\/v2\/media\/641434"}],"wp:attachment":[{"href":"https:\/\/www.diarioimagen.net\/index.php?rest_route=%2Fwp%2Fv2%2Fmedia&parent=641347"}],"wp:term":[{"taxonomy":"category","embeddable":true,"href":"https:\/\/www.diarioimagen.net\/index.php?rest_route=%2Fwp%2Fv2%2Fcategories&post=641347"},{"taxonomy":"post_tag","embeddable":true,"href":"https:\/\/www.diarioimagen.net\/index.php?rest_route=%2Fwp%2Fv2%2Ftags&post=641347"}],"curies":[{"name":"wp","href":"https:\/\/api.w.org\/{rel}","templated":true}]}}