{"id":641354,"date":"2024-11-21T00:03:19","date_gmt":"2024-11-21T06:03:19","guid":{"rendered":"https:\/\/www.diarioimagen.net\/?p=641354"},"modified":"2024-11-22T01:28:52","modified_gmt":"2024-11-22T07:28:52","slug":"reconocimiento-al-alcalde-de-atizapan-por-desempeno-recaudatorio","status":"publish","type":"post","link":"https:\/\/www.diarioimagen.net\/?p=641354","title":{"rendered":"Reconocimiento al alcalde de Atizap\u00e1n por desempe\u00f1o recaudatorio"},"content":{"rendered":"<p>&nbsp;<\/p>\n<p><a href=\"https:\/\/www.diarioimagen.net\/?attachment_id=641432\" rel=\"attachment wp-att-641432\"><img loading=\"lazy\" decoding=\"async\" class=\"aligncenter size-full wp-image-641432\" src=\"https:\/\/www.diarioimagen.net\/wp-content\/uploads\/2024\/11\/reconocimiento-alcalde.jpg\" alt=\"\" width=\"460\" height=\"270\" srcset=\"https:\/\/www.diarioimagen.net\/wp-content\/uploads\/2024\/11\/reconocimiento-alcalde.jpg 460w, https:\/\/www.diarioimagen.net\/wp-content\/uploads\/2024\/11\/reconocimiento-alcalde-240x141.jpg 240w\" sizes=\"auto, (max-width: 460px) 100vw, 460px\" \/><\/a><\/p>\n<p>&nbsp;<\/p>\n<p><strong>Atizap\u00e1n de Zaragoza, Estado de M\u00e9xico.\u2014 <\/strong>El presidente municipal Pedro Rodr\u00edguez Villegas recibi\u00f3 del Instituto Hacendario del Estado de M\u00e9xico (IHAEM) una menci\u00f3n regional por destacar con el mejor desempe\u00f1o recaudatorio en la Regi\u00f3n Hacendaria Valle de M\u00e9xico del Reconocimiento al Esfuerzo Hacendario 2024 Jos\u00e9 Mar\u00eda Morelos y Pav\u00f3n, en el marco del Sistema de Coordinaci\u00f3n Hacendaria del Estado de M\u00e9xico con sus Municipios.<\/p>\n<p>Esto, por haber obtenido la mayor recaudaci\u00f3n de ingresos propios en el Ejercicio 2024 contra el Ejercicio 2023, ya que \u2014en promedio\u2014 el gobierno municipal gener\u00f3 el 7.5% respecto de los ingresos obtenidos y reportados en los informes trimestrales al \u00d3rgano Superior de Fiscalizaci\u00f3n del Estado de M\u00e9xico.<\/p>\n","protected":false},"excerpt":{"rendered":"<p>El presidente municipal Pedro Rodr\u00edguez Villegas recibi\u00f3 del Instituto Hacendario del Estado de M\u00e9xico (IHAEM) una menci\u00f3n regional por destacar con el mejor desempe\u00f1o recaudatorio en la Regi\u00f3n Hacendaria Valle de M\u00e9xico del Reconocimiento al Esfuerzo Hacendario 2024 Jos\u00e9 Mar\u00eda Morelos y Pav\u00f3n, en el marco del Sistema de Coordinaci\u00f3n Hacendaria del Estado de M\u00e9xico con sus Municipios.<\/p>\n","protected":false},"author":3,"featured_media":641432,"comment_status":"open","ping_status":"open","sticky":false,"template":"","format":"standard","meta":{"_monsterinsights_skip_tracking":false,"_monsterinsights_sitenote_active":false,"_monsterinsights_sitenote_note":"","_monsterinsights_sitenote_category":0,"footnotes":""},"categories":[5],"tags":[74164,101274],"class_list":["post-641354","post","type-post","status-publish","format-standard","has-post-thumbnail","hentry","category-estado-de-mexico","tag-pedro-rodriguez-villegas","tag-recaudatorio"],"_links":{"self":[{"href":"https:\/\/www.diarioimagen.net\/index.php?rest_route=\/wp\/v2\/posts\/641354","targetHints":{"allow":["GET"]}}],"collection":[{"href":"https:\/\/www.diarioimagen.net\/index.php?rest_route=\/wp\/v2\/posts"}],"about":[{"href":"https:\/\/www.diarioimagen.net\/index.php?rest_route=\/wp\/v2\/types\/post"}],"author":[{"embeddable":true,"href":"https:\/\/www.diarioimagen.net\/index.php?rest_route=\/wp\/v2\/users\/3"}],"replies":[{"embeddable":true,"href":"https:\/\/www.diarioimagen.net\/index.php?rest_route=%2Fwp%2Fv2%2Fcomments&post=641354"}],"version-history":[{"count":0,"href":"https:\/\/www.diarioimagen.net\/index.php?rest_route=\/wp\/v2\/posts\/641354\/revisions"}],"wp:featuredmedia":[{"embeddable":true,"href":"https:\/\/www.diarioimagen.net\/index.php?rest_route=\/wp\/v2\/media\/641432"}],"wp:attachment":[{"href":"https:\/\/www.diarioimagen.net\/index.php?rest_route=%2Fwp%2Fv2%2Fmedia&parent=641354"}],"wp:term":[{"taxonomy":"category","embeddable":true,"href":"https:\/\/www.diarioimagen.net\/index.php?rest_route=%2Fwp%2Fv2%2Fcategories&post=641354"},{"taxonomy":"post_tag","embeddable":true,"href":"https:\/\/www.diarioimagen.net\/index.php?rest_route=%2Fwp%2Fv2%2Ftags&post=641354"}],"curies":[{"name":"wp","href":"https:\/\/api.w.org\/{rel}","templated":true}]}}