{"id":641362,"date":"2024-11-21T00:05:59","date_gmt":"2024-11-21T06:05:59","guid":{"rendered":"https:\/\/www.diarioimagen.net\/?p=641362"},"modified":"2024-11-22T01:30:32","modified_gmt":"2024-11-22T07:30:32","slug":"prioridad-a-la-zona-oriente-de-edomex-en-vivienda-delfina-gomez","status":"publish","type":"post","link":"https:\/\/www.diarioimagen.net\/?p=641362","title":{"rendered":"Prioridad a la zona oriente de Edomex en vivienda: Delfina\u00a0G\u00f3mez"},"content":{"rendered":"<p>&nbsp;<\/p>\n<ul>\n<li><em><strong>Mayor cantidad de apoyos<\/strong><\/em><\/li>\n<\/ul>\n<p>&nbsp;<\/p>\n<p><a href=\"https:\/\/www.diarioimagen.net\/?attachment_id=641436\" rel=\"attachment wp-att-641436\"><img loading=\"lazy\" decoding=\"async\" class=\"aligncenter size-full wp-image-641436\" src=\"https:\/\/www.diarioimagen.net\/wp-content\/uploads\/2024\/11\/prioridad-a-zona.jpg\" alt=\"\" width=\"460\" height=\"270\" srcset=\"https:\/\/www.diarioimagen.net\/wp-content\/uploads\/2024\/11\/prioridad-a-zona.jpg 460w, https:\/\/www.diarioimagen.net\/wp-content\/uploads\/2024\/11\/prioridad-a-zona-240x141.jpg 240w\" sizes=\"auto, (max-width: 460px) 100vw, 460px\" \/><\/a><\/p>\n<p>&nbsp;<\/p>\n<p><strong>Toluca, Estado de M\u00e9xico.\u2014<\/strong> La gobernadora Delfina G\u00f3mez \u00c1lvarez inform\u00f3 que el Programa de Mejoramiento de Vivienda federal prev\u00e9 la mayor cantidad de apoyos para el Estado de M\u00e9xico, en beneficio de la zona oriente, fundamentalmente del municipio de Chalco, como un acto de justicia social para quienes por a\u00f1os permanecieron marginados y olvidados.<\/p>\n<p>\u201cLa doctora nos dio la generosidad de otorgarnos el mayor n\u00famero de beneficios para el mejoramiento de vivienda, somos el Estado que tiene el mayor n\u00famero de beneficios en lo que se refiere a mejora de vivienda y yo creo que eso merece un gran reconocimiento a nuestra Presidenta la Doctora Claudia Sheinbaum, que se est\u00e1 acordado de aqu\u00ed de la Zona Oriente,\u201d se\u00f1al\u00f3 la gobernadora Delfina G\u00f3mez \u00c1lvarez.<\/p>\n<p>Este proyecto de transformaci\u00f3n sin precedentes fue anunciado por la Presidenta Claudia Sheinbaum, el pasado 01 de octubre, con el cual se busca saldar una deuda hist\u00f3rica con m\u00e1s de 10 millones de habitantes de esta regi\u00f3n.<\/p>\n<p>El objetivo central es abatir el rezago que enfrenta esta zona en materia de movilidad, agua y drenaje, entre otros servicios, as\u00ed como garantizar el derecho a la vivienda y brindar seguridad jur\u00eddica a los mexiquenses respecto de una de sus m\u00e1s valiosas posesiones como es la tierra donde se asientan.<\/p>\n<p>\u201cYa se est\u00e1 pasando a hacer el censo para ver qui\u00e9nes son los que van a poder participar en ese apoyo de acciones de mejoramiento de vivienda que es un monto de 40 mil pesos, que puede servir para pintar o para hacer alguna acci\u00f3n que pueda necesitar nuestra vivienda y junto con ello tambi\u00e9n est\u00e1 el programa de escritura o un documento que avale su propiedad\u201d, indic\u00f3 la Gobernadora Delfina G\u00f3mez \u00c1lvarez.<\/p>\n<p>Cabe resaltar que, en el tema de certeza jur\u00eddica para las familias mexiquenses respecto de su patrimonio, la gobernadora Delfina G\u00f3mez \u00c1lvarez ha impulsado, desde el inicio de su administraci\u00f3n, un programa de regularizaci\u00f3n de tenencia de la tierra que permite ofrecer, con el apoyo de otras instancias, tr\u00e1mites de regularizaci\u00f3n a bajo costo a las familias mexiquenses.<\/p>\n<p>A la fecha se han entregado a trav\u00e9s del programa m\u00e1s de 2 mil 700 t\u00edtulos de propiedad, en beneficio de 10 mil habitantes.<\/p>\n<p>En cuanto a los 100 compromisos de la administraci\u00f3n de la Presidenta de M\u00e9xico, Claudia Sheinbaum Pardo, dados a conocer el pasado mes de octubre, uno de ellos se\u00f1ala que se llevar\u00e1 a cabo un programa masivo de escrituraci\u00f3n de vivienda que arrancar\u00eda en Tijuana y en el Estado de M\u00e9xico.<\/p>\n<p>En esa misma, la Presidenta de M\u00e9xico se comprometi\u00f3 a construir al menos un mill\u00f3n de viviendas a lo largo de su sexenio, especialmente para j\u00f3venes en esquemas donde primero puedan rentar y despu\u00e9s adquirir la vivienda si lo desean.<\/p>\n","protected":false},"excerpt":{"rendered":"<p>La gobernadora Delfina G\u00f3mez \u00c1lvarez inform\u00f3 que el Programa de Mejoramiento de Vivienda federal prev\u00e9 la mayor cantidad de apoyos para el Estado de M\u00e9xico, en beneficio de la zona oriente, fundamentalmente del municipio de Chalco, como un acto de justicia social para quienes por a\u00f1os permanecieron marginados y olvidados.<\/p>\n","protected":false},"author":3,"featured_media":641436,"comment_status":"open","ping_status":"open","sticky":false,"template":"","format":"standard","meta":{"_monsterinsights_skip_tracking":false,"_monsterinsights_sitenote_active":false,"_monsterinsights_sitenote_note":"","_monsterinsights_sitenote_category":0,"footnotes":""},"categories":[5,99730],"tags":[68,19195,88355],"class_list":["post-641362","post","type-post","status-publish","format-standard","has-post-thumbnail","hentry","category-estado-de-mexico","category-edomex","tag-edomex","tag-vivienda","tag-zona-oriente"],"_links":{"self":[{"href":"https:\/\/www.diarioimagen.net\/index.php?rest_route=\/wp\/v2\/posts\/641362","targetHints":{"allow":["GET"]}}],"collection":[{"href":"https:\/\/www.diarioimagen.net\/index.php?rest_route=\/wp\/v2\/posts"}],"about":[{"href":"https:\/\/www.diarioimagen.net\/index.php?rest_route=\/wp\/v2\/types\/post"}],"author":[{"embeddable":true,"href":"https:\/\/www.diarioimagen.net\/index.php?rest_route=\/wp\/v2\/users\/3"}],"replies":[{"embeddable":true,"href":"https:\/\/www.diarioimagen.net\/index.php?rest_route=%2Fwp%2Fv2%2Fcomments&post=641362"}],"version-history":[{"count":0,"href":"https:\/\/www.diarioimagen.net\/index.php?rest_route=\/wp\/v2\/posts\/641362\/revisions"}],"wp:featuredmedia":[{"embeddable":true,"href":"https:\/\/www.diarioimagen.net\/index.php?rest_route=\/wp\/v2\/media\/641436"}],"wp:attachment":[{"href":"https:\/\/www.diarioimagen.net\/index.php?rest_route=%2Fwp%2Fv2%2Fmedia&parent=641362"}],"wp:term":[{"taxonomy":"category","embeddable":true,"href":"https:\/\/www.diarioimagen.net\/index.php?rest_route=%2Fwp%2Fv2%2Fcategories&post=641362"},{"taxonomy":"post_tag","embeddable":true,"href":"https:\/\/www.diarioimagen.net\/index.php?rest_route=%2Fwp%2Fv2%2Ftags&post=641362"}],"curies":[{"name":"wp","href":"https:\/\/api.w.org\/{rel}","templated":true}]}}