{"id":641467,"date":"2024-11-22T00:01:16","date_gmt":"2024-11-22T06:01:16","guid":{"rendered":"https:\/\/www.diarioimagen.net\/?p=641467"},"modified":"2024-11-27T02:08:58","modified_gmt":"2024-11-27T08:08:58","slug":"jaime-soriano-madero-docente-uaemex-gano-el-segundo-lugar-en-la-xvi-edicion-del-premio-estatal-de-contraloria-social-2024","status":"publish","type":"post","link":"https:\/\/www.diarioimagen.net\/?p=641467","title":{"rendered":"Intensificar\u00e1n en EU la batalla  contra c\u00e1rceles para migrantes"},"content":{"rendered":"<p>&nbsp;<\/p>\n<div id=\"attachment_641657\" style=\"width: 415px\" class=\"wp-caption aligncenter\"><img loading=\"lazy\" decoding=\"async\" aria-describedby=\"caption-attachment-641657\" class=\"wp-image-641657 size-large\" src=\"https:\/\/www.diarioimagen.net\/wp-content\/uploads\/2024\/11\/TRUMP-01-ok-405x270.jpg\" alt=\"\" width=\"405\" height=\"270\" srcset=\"https:\/\/www.diarioimagen.net\/wp-content\/uploads\/2024\/11\/TRUMP-01-ok-405x270.jpg 405w, https:\/\/www.diarioimagen.net\/wp-content\/uploads\/2024\/11\/TRUMP-01-ok-240x160.jpg 240w, https:\/\/www.diarioimagen.net\/wp-content\/uploads\/2024\/11\/TRUMP-01-ok-768x512.jpg 768w, https:\/\/www.diarioimagen.net\/wp-content\/uploads\/2024\/11\/TRUMP-01-ok.jpg 1500w\" sizes=\"auto, (max-width: 405px) 100vw, 405px\" \/><p id=\"caption-attachment-641657\" class=\"wp-caption-text\">Defensores de migrantes ilegales intensifican su batalla contra el multimillonario negocio de los centros de detenci\u00f3n de migrantes, que tendr\u00e1n que expandir su capacidad para facilitar el plan de deportaciones masivas de Donald Trump.<\/p><\/div>\n<p>&nbsp;<\/p>\n<p><strong>Centros de detenci\u00f3n de indocumentaados, un multimillonario negocio<\/strong><\/p>\n<p>&nbsp;<\/p>\n<p>Asociaciones defensoras de los derechos de migrantes ilegales en Estados Unidos se alistan para intensificar la batalla contra el multimillonario negocio de los centros de detenci\u00f3n de migrantes, que tendr\u00e1n que expandir dr\u00e1sticamente su capacidad para facilitar el plan de deportaciones masivas del presidente electo Donald Trump.<\/p>\n<p>La nueva administraci\u00f3n, que asume en enero pr\u00f3ximo, ya ha comenzado a hablar con las compa\u00f1\u00edas privadas que operan los centros de detenci\u00f3n del Servicio de Control de Inmigraci\u00f3n y Aduanas (ICE) para ampliar su capacidad, seg\u00fan reportaron fuentes familiarizadas con la planificaci\u00f3n al canal NBC.<\/p>\n<p>La idea inicial es duplicar las 41,000 camas habilitadas actualmente por el Congreso para mantener bajo custodia a los inmigrantes que est\u00e1n en proceso de deportaci\u00f3n.<\/p>\n<p>\u201cTodo ese plan de ampliar las c\u00e1rceles solo va a causar m\u00e1s muertes, enfermedades y da\u00f1o psicol\u00f3gico entre los inmigrantes\u201d, advirti\u00f3 a EFE Rufina Reyes, portavoz de La Resistencia, organizaci\u00f3n que ha liderado los pedidos de cierre del Centro de Detenci\u00f3n del Noroeste (NWDC) en Tacoma (Washington), donde el mes pasado muri\u00f3 el mexicano Jos\u00e9 Manuel S\u00e1nchez Castro.<\/p>\n<p>Precisamente esta es la mayor preocupaci\u00f3n de los activistas y grupos civiles que por a\u00f1os han denunciado las malas condiciones de estos centros de detenci\u00f3n civil, que en su mayor\u00eda (158) son propiedad de las corporaciones CoreCivic y Geo Group.<\/p>\n<p>Las dos compa\u00f1\u00edas en conjunto tuvieron el a\u00f1o pasado ingresos por 7.400 millones de d\u00f3lares, incluido el ahorro en mantenimiento de sus instalaciones, para el que pagan a los detenidos en promedio un d\u00f3lar por d\u00eda.<\/p>\n<p>Las ganancias de estos centros de detenci\u00f3n se vieron afectadas por la pandemia de la covid-19 al tener que dejar en libertad supervisada a un buen n\u00famero de inmigrantes, en muchos casos por \u00f3rdenes judiciales.<\/p>\n<p>Sin embargo, hasta el pasado 3 de noviembre los centros de detenci\u00f3n de ICE ten\u00edan en su custodia a cerca de 39.000 inmigrantes indocumentados, seg\u00fan datos del centro Transactional Records Access Clearinghouse (TRAC).<\/p>\n<p>Para ampliar la capacidad de ICE, el estado de Texas ofreci\u00f3 esta semana a Trump m\u00e1s de 500 hect\u00e1reas cerca a la frontera con M\u00e9xico para un gran centro de detenci\u00f3n de migrantes indocumentados.<\/p>\n<p>El plan de Trump tambi\u00e9n incluir\u00eda la apertura de centros en ciudades o regiones declarados \u2018santuario de inmigrantes\u2019 y centros para detener a padres con sus hijos menores de edad.<\/p>\n<p>&nbsp;<\/p>\n<p><strong>Un cierre celebrado y la denuncia de abusos<\/strong><\/p>\n<p>&nbsp;<\/p>\n<p>El \u00faltimo centro de detenci\u00f3n que alberg\u00f3 familias en EU estaba ubicado en Dilley, Texas, y cerr\u00f3 a mediados de este a\u00f1o para ahorrar costos, seg\u00fan dijo ICE.<\/p>\n<p>Esta c\u00e1rcel, operada por CoreCivic, le gener\u00f3 156,6 millones de d\u00f3lares en ingresos en 2023 a esa compa\u00f1\u00eda, de acuerdo con el \u00edndice Dow Jones.<\/p>\n<p>El cierre fue aplaudido por los activistas y grupos civiles, que tambi\u00e9n han destapado esc\u00e1ndalos como el del Centro de Detenci\u00f3n del condado Irwin, en Georgia, donde inmigrantes se\u00f1alan que fueron sometidas a la extirpaci\u00f3n del \u00fatero sin haberlo solicitado o sin entender de qu\u00e9 se trataba.<\/p>\n<p>Loss activistas acudieron al gobierno del presidente, Joe Biden, para frenar los planes de la nueva Administraci\u00f3n de ampliar los centros de detenci\u00f3n de inmigrantes.<\/p>\n","protected":false},"excerpt":{"rendered":"<p>Preocupado por fortalecer los procesos de transparencia que eviten actos de corrupci\u00f3n en las licitaciones p\u00fablicas, Jaime Soriano Madero, docente de la Facultad de Contadur\u00eda y Administraci\u00f3n de la Universidad Aut\u00f3noma del Estado de M\u00e9xico (UAEM\u00e9x), gan\u00f3 el segundo lugar en la XVI edici\u00f3n del Premio Estatal de Contralor\u00eda Social 2024, con el trabajo \u201cCreaci\u00f3n de Comit\u00e9s de Consultor\u00eda Multidisciplinaria con alumnos del nivel superior al proceso de Contrataci\u00f3n P\u00fablica\u201d.<\/p>\n","protected":false},"author":3,"featured_media":641657,"comment_status":"open","ping_status":"open","sticky":false,"template":"","format":"standard","meta":{"_monsterinsights_skip_tracking":false,"_monsterinsights_sitenote_active":false,"_monsterinsights_sitenote_note":"","_monsterinsights_sitenote_category":0,"footnotes":""},"categories":[8],"tags":[1275,43678],"class_list":["post-641467","post","type-post","status-publish","format-standard","has-post-thumbnail","hentry","category-finanzas","tag-economia","tag-finanzas"],"_links":{"self":[{"href":"https:\/\/www.diarioimagen.net\/index.php?rest_route=\/wp\/v2\/posts\/641467","targetHints":{"allow":["GET"]}}],"collection":[{"href":"https:\/\/www.diarioimagen.net\/index.php?rest_route=\/wp\/v2\/posts"}],"about":[{"href":"https:\/\/www.diarioimagen.net\/index.php?rest_route=\/wp\/v2\/types\/post"}],"author":[{"embeddable":true,"href":"https:\/\/www.diarioimagen.net\/index.php?rest_route=\/wp\/v2\/users\/3"}],"replies":[{"embeddable":true,"href":"https:\/\/www.diarioimagen.net\/index.php?rest_route=%2Fwp%2Fv2%2Fcomments&post=641467"}],"version-history":[{"count":0,"href":"https:\/\/www.diarioimagen.net\/index.php?rest_route=\/wp\/v2\/posts\/641467\/revisions"}],"wp:featuredmedia":[{"embeddable":true,"href":"https:\/\/www.diarioimagen.net\/index.php?rest_route=\/wp\/v2\/media\/641657"}],"wp:attachment":[{"href":"https:\/\/www.diarioimagen.net\/index.php?rest_route=%2Fwp%2Fv2%2Fmedia&parent=641467"}],"wp:term":[{"taxonomy":"category","embeddable":true,"href":"https:\/\/www.diarioimagen.net\/index.php?rest_route=%2Fwp%2Fv2%2Fcategories&post=641467"},{"taxonomy":"post_tag","embeddable":true,"href":"https:\/\/www.diarioimagen.net\/index.php?rest_route=%2Fwp%2Fv2%2Ftags&post=641467"}],"curies":[{"name":"wp","href":"https:\/\/api.w.org\/{rel}","templated":true}]}}