{"id":641756,"date":"2024-11-28T01:14:24","date_gmt":"2024-11-28T07:14:24","guid":{"rendered":"https:\/\/www.diarioimagen.net\/?p=641756"},"modified":"2024-12-08T01:16:51","modified_gmt":"2024-12-08T07:16:51","slug":"presenta-sheinbaum-al-consejo-asesor-de-desarrollo-economico","status":"publish","type":"post","link":"https:\/\/www.diarioimagen.net\/?p=641756","title":{"rendered":"Presenta Sheinbaum al Consejo  Asesor de Desarrollo Econ\u00f3mico"},"content":{"rendered":"<p>&nbsp;<\/p>\n<p>&nbsp;<\/p>\n<div id=\"attachment_641757\" style=\"width: 439px\" class=\"wp-caption aligncenter\"><img loading=\"lazy\" decoding=\"async\" aria-describedby=\"caption-attachment-641757\" class=\"wp-image-641757 size-large\" src=\"https:\/\/www.diarioimagen.net\/wp-content\/uploads\/2024\/11\/SHEINBAUM28-ok-429x270.jpg\" alt=\"\" width=\"429\" height=\"270\" srcset=\"https:\/\/www.diarioimagen.net\/wp-content\/uploads\/2024\/11\/SHEINBAUM28-ok-429x270.jpg 429w, https:\/\/www.diarioimagen.net\/wp-content\/uploads\/2024\/11\/SHEINBAUM28-ok-240x151.jpg 240w, https:\/\/www.diarioimagen.net\/wp-content\/uploads\/2024\/11\/SHEINBAUM28-ok-768x484.jpg 768w, https:\/\/www.diarioimagen.net\/wp-content\/uploads\/2024\/11\/SHEINBAUM28-ok.jpg 1500w\" sizes=\"auto, (max-width: 429px) 100vw, 429px\" \/><p id=\"caption-attachment-641757\" class=\"wp-caption-text\">Claudia Sheinbaum Pardo present\u00f3 el Consejo Asesor de Desarrollo Econ\u00f3mico Regional y Relocalizaci\u00f3n, integrado por 15 empresarios, que acompa\u00f1ar\u00e1 al gobierno de M\u00e9xico en las renegociaci\u00f3n del T-MEC.<\/p><\/div>\n<p>La presidenta Claudia Sheinbaum Pardo present\u00f3 el Consejo Asesor de Desarrollo Econ\u00f3mico Regional y Relocalizaci\u00f3n, integrado por 15 empresarios -ocho mujeres y siete hombres-, y que junto con diversas secretar\u00edas de Estado construyen el Plan M\u00e9xico.<\/p>\n<p>Explic\u00f3 la mandataria que se est\u00e1 construyendo el Plan M\u00e9xico, que \u201cconsiste en fortalecer lo que fabricamos aqu\u00ed, incluso mucho de lo que importamos de pa\u00edses asi\u00e1ticos, particularmente de China, nosotros queremos que se fabrique en M\u00e9xico\u2026 Queremos fortalecer nuestras cadenas productivas y tambi\u00e9n el comercio con otros pa\u00edses\u201d.<\/p>\n<p>Tenemos un plan, subray\u00f3, y frente a la revisi\u00f3n del T-MEC \u201cestamos fortalecidos y unidos\u2026Cuando nos dicen `no les creemos que vamos a crecer a 2.5 por ciento, pues crean que tenemos un plan, es potenciar el desarrollo del pa\u00eds\u201d, con cadenas productivas y eso trae valor agregado, afirm\u00f3 la mandataria.<\/p>\n<p>Indic\u00f3 que \u201cno es solamente esperar que el mercado haga su trabajo, las inversiones, representa bienestar para los mexicanos y sustentabilidad, es decir, protecci\u00f3n, de medio ambiente, y con ello est\u00e1 involucrado todo el paquete de desarrollo econ\u00f3mico del pa\u00eds\u201d.<\/p>\n<p>Se\u00f1al\u00f3 que este consejo se ha venido trabajando \u201cdesde hace much\u00edsimos meses, vinculado con el Consejo Coordinador Empresarial y con otras c\u00e1maras del sector privado\u201d.<\/p>\n<p>Precis\u00f3 que \u201cno es un consejo m\u00e1s para vernos, sino que ya tenemos un trabajo desarrollado que tiene que ver con los polos de bienestar\u201d. Es, agreg\u00f3, \u201cel desarrollo regional del pa\u00eds, a partir de sus vocaciones productivas, de recursos naturales, de las escuelas, viviendas que vamos a construir y, al mismo tiempo en estos polos, los cien parques industriales que ya tienen ubicaci\u00f3n\u201d.<\/p>\n<p>&nbsp;<\/p>\n<p><strong>Integrantes del consejo asesor<\/strong><\/p>\n<p>El Consejo est\u00e1 integrado por empresarios, integrantes del gabinete econ\u00f3mico, c\u00e1maras y asociaciones -CCE, American Chamber M\u00e9xico, Consejo de Empresas Globales y Asociaci\u00f3n de Bancos de M\u00e9xico.<\/p>\n<p>Lo conforman: Gina D\u00edez Barroso Azc\u00e1rraga, presidenta y directora general de Diarq Holding; Myriam Guadalupe de la Vega, presidenta y directora de Almacenes Distribuidores de la Frontera; Blanca Trevi\u00f1o de Vega, presidenta y directora ejecutiva de Softtek.<\/p>\n<p>Mar\u00eda Elena Gallego, presidenta y directora general de Grupo Collectron International Management, Inc; Concepci\u00f3n Miranda, empresaria originaria de Aguascalientes y directora general de Miraplastek.<\/p>\n<p>Tamara Caballero, primera mujer en la historia de la instituci\u00f3n en ser CEO de Multiva y es la \u00fanica mujer directora general de un banco en M\u00e9xico; Ana Mar\u00eda Mac\u00edas, empresaria e ingeniera experta en an\u00e1lisis de riesgos con m\u00e1s de 25 a\u00f1os de experiencia en el sector de hidrocarburos. Dirige MAJA Consulting Group.<\/p>\n<p>Asimismo, Rodrigo Herrera, Aspra, fundador de Genomma Lab; Antonio del Valle Perochena, preside el Consejo de Administraci\u00f3n de KALUZ; Jos\u00e9 Chapur Zahoul, presidente de The Palace Company.<\/p>\n<p>Eduardo Tricio Haro, presidente del Consejo de Administraci\u00f3n de Grupo Lala y presidente del Consejo del Grupo Industrial Nuplen; Ra\u00fal Guti\u00e9rrez Muguerza, presidente del Consejo de Administraci\u00f3n de Grupo DEACERO\u00ae; Juan Domingo Beckmann, director general (CEO) de Jos\u00e9 Cuervo; Armando Garza Sada, presidente del Consejo de Alfa; Altagracia G\u00f3mez Sierra, preside el Consejo de Promotora Empresarial de Occidente (PEO).<\/p>\n<p>&nbsp;<\/p>\n<p><strong>\u201cEn su momento se dar\u00e1 el encuentro con Trump\u201d<\/strong><\/p>\n<p>Ante la amenaza del presidente de Estados Unidos, Donald Trump, de aumentar los aranceles 25% a M\u00e9xico, la presidenta Sheinbaum Pardo afirm\u00f3 que de llevarse a cabo esta alza tambi\u00e9n tendr\u00eda \u201cgrandes impactos\u201c para empresas y consumidores de Estados Unidos, quienes resentir\u00edan de inmediato el aumento en productos, por ejemplo, en la compra de veh\u00edculos.<\/p>\n<p>Despu\u00e9s de que el primer ministro de Canad\u00e1, Justin Trudeau, platic\u00f3 hace unas horas con el pr\u00f3ximo presidente de Estados Unidos, Sheinbaum Pardo indic\u00f3 que \u201cen su momento\u201d se dar\u00e1 el encuentro con el republicano, \u201cno estamos de brazos cruzados\u201d, declar\u00f3.<\/p>\n<p>Sheinbaum Pardo detall\u00f3 que el secretario de Relaciones Exteriores, Juan Ram\u00f3n de la Fuente, y el secretario de Econom\u00eda, Marcelo Ebrard, ya tienen contacto con el equipo de Trump.<\/p>\n<p>&nbsp;<\/p>\n<p><strong>Respuesta de Ebrard a amenazas de Trump<\/strong><\/p>\n<p>Luego que el presidente electo de Estados Unidos, Donald Trump, \u201camenaz\u00f3\u201d con subir los aranceles 25% a M\u00e9xico en caso de no atender la migraci\u00f3n, el titular de la Secretar\u00eda de Econom\u00eda, Marcelo Ebrard dijo que es \u201cun tiro en el pie\u201d ya que se afectar\u00eda al sector automotriz y se perder\u00edan 400 mil empleos en Estados Unidos.<\/p>\n<p>\u201c(Desde 1961) las importaciones han crecido cuatro veces, entonces el impacto ser\u00eda cuatro veces mayor, m\u00e1s el doble. (&#8230;) va a ser el impacto a las principales empresas de los Estados Unidos en M\u00e9xico, particularmente en el sector automotriz; General Motors, Ford, Stellantis\u201d, explic\u00f3.<\/p>\n<p>Agreg\u00f3: \u201c(&#8230;) ese impuesto, imag\u00ednense, 25%, la primera afectaci\u00f3n son las empresas que m\u00e1s exportan, entonces cuando dice el presidente Trump, voy a poner a M\u00e9xico 25%, porque exporta demasiado a Estados Unidos, lo que est\u00e1 diciendo es que vamos a imponerles un impuesto a las empresas norteamericanas m\u00e1s importantes del mundo\u201d.<\/p>\n","protected":false},"excerpt":{"rendered":"<p>&nbsp; &nbsp; La presidenta Claudia Sheinbaum Pardo present\u00f3 el Consejo Asesor de Desarrollo Econ\u00f3mico Regional y Relocalizaci\u00f3n, integrado por 15 empresarios -ocho mujeres y siete hombres-, y que junto con diversas secretar\u00edas de Estado construyen el Plan M\u00e9xico. Explic\u00f3 la mandataria que se est\u00e1 construyendo el Plan M\u00e9xico, que \u201cconsiste en fortalecer lo que fabricamos [&hellip;]<\/p>\n","protected":false},"author":12,"featured_media":641757,"comment_status":"open","ping_status":"open","sticky":false,"template":"","format":"standard","meta":{"_monsterinsights_skip_tracking":false,"_monsterinsights_sitenote_active":false,"_monsterinsights_sitenote_note":"","_monsterinsights_sitenote_category":0,"footnotes":""},"categories":[6,3],"tags":[147,44,101298],"class_list":["post-641756","post","type-post","status-publish","format-standard","has-post-thumbnail","hentry","category-cd-de-mexico","category-nacional","tag-desarrollo-economico","tag-mexico","tag-presidenta-claudia-sheinbaum-pardo"],"_links":{"self":[{"href":"https:\/\/www.diarioimagen.net\/index.php?rest_route=\/wp\/v2\/posts\/641756","targetHints":{"allow":["GET"]}}],"collection":[{"href":"https:\/\/www.diarioimagen.net\/index.php?rest_route=\/wp\/v2\/posts"}],"about":[{"href":"https:\/\/www.diarioimagen.net\/index.php?rest_route=\/wp\/v2\/types\/post"}],"author":[{"embeddable":true,"href":"https:\/\/www.diarioimagen.net\/index.php?rest_route=\/wp\/v2\/users\/12"}],"replies":[{"embeddable":true,"href":"https:\/\/www.diarioimagen.net\/index.php?rest_route=%2Fwp%2Fv2%2Fcomments&post=641756"}],"version-history":[{"count":1,"href":"https:\/\/www.diarioimagen.net\/index.php?rest_route=\/wp\/v2\/posts\/641756\/revisions"}],"predecessor-version":[{"id":642257,"href":"https:\/\/www.diarioimagen.net\/index.php?rest_route=\/wp\/v2\/posts\/641756\/revisions\/642257"}],"wp:featuredmedia":[{"embeddable":true,"href":"https:\/\/www.diarioimagen.net\/index.php?rest_route=\/wp\/v2\/media\/641757"}],"wp:attachment":[{"href":"https:\/\/www.diarioimagen.net\/index.php?rest_route=%2Fwp%2Fv2%2Fmedia&parent=641756"}],"wp:term":[{"taxonomy":"category","embeddable":true,"href":"https:\/\/www.diarioimagen.net\/index.php?rest_route=%2Fwp%2Fv2%2Fcategories&post=641756"},{"taxonomy":"post_tag","embeddable":true,"href":"https:\/\/www.diarioimagen.net\/index.php?rest_route=%2Fwp%2Fv2%2Ftags&post=641756"}],"curies":[{"name":"wp","href":"https:\/\/api.w.org\/{rel}","templated":true}]}}