{"id":641833,"date":"2024-11-29T00:09:18","date_gmt":"2024-11-29T06:09:18","guid":{"rendered":"https:\/\/www.diarioimagen.net\/?p=641833"},"modified":"2024-11-29T00:35:29","modified_gmt":"2024-11-29T06:35:29","slug":"en-la-llamada-con-trump-no-se-toco-el-tema-sobre-aranceles-sheinbaum","status":"publish","type":"post","link":"https:\/\/www.diarioimagen.net\/?p=641833","title":{"rendered":"En la llamada con Trump no se toc\u00f3  el tema sobre aranceles: Sheinbaum"},"content":{"rendered":"<p>&nbsp;<\/p>\n<div id=\"attachment_641834\" style=\"width: 356px\" class=\"wp-caption aligncenter\"><img loading=\"lazy\" decoding=\"async\" aria-describedby=\"caption-attachment-641834\" class=\"wp-image-641834 size-large\" src=\"https:\/\/www.diarioimagen.net\/wp-content\/uploads\/2024\/11\/MANANERA-OK-346x270.jpg\" alt=\"\" width=\"346\" height=\"270\" srcset=\"https:\/\/www.diarioimagen.net\/wp-content\/uploads\/2024\/11\/MANANERA-OK-346x270.jpg 346w, https:\/\/www.diarioimagen.net\/wp-content\/uploads\/2024\/11\/MANANERA-OK-240x187.jpg 240w, https:\/\/www.diarioimagen.net\/wp-content\/uploads\/2024\/11\/MANANERA-OK-768x599.jpg 768w, https:\/\/www.diarioimagen.net\/wp-content\/uploads\/2024\/11\/MANANERA-OK.jpg 1500w\" sizes=\"auto, (max-width: 346px) 100vw, 346px\" \/><p id=\"caption-attachment-641834\" class=\"wp-caption-text\">Tras la llamada que sostuvo con el presidente electo de Estados Unidos, Donald Trump, la presidenta Claudia Sheinbaum refiri\u00f3 que fue una conversaci\u00f3n \u201cmuy amable\u201d, en la que hablaron de migraci\u00f3n y fentanilo, pero no del tema de los aranceles.<\/p><\/div>\n<p>&nbsp;<\/p>\n<p>Durante la ma\u00f1anera de este jueves, la presidenta Claudia Sheinbaum Pardo ofreci\u00f3 detalles sobre la conversaci\u00f3n telef\u00f3nica sostenida en la v\u00edspera con el pr\u00f3ximo presidente de Estados Unidos, Donald Trump, la cual dijo estuvo centrada en temas de migraci\u00f3n, la crisis del fentanilo y posibles esquemas de colaboraci\u00f3n bilateral, pero no no hablaron del tema de los aranceles.<\/p>\n<p>La mandataria explic\u00f3 que present\u00f3 a Trump los esfuerzos de M\u00e9xico para abordar la migraci\u00f3n de manera integral. Destac\u00f3 programas como \u201cSembrando Vida\u201d y \u00abJ\u00f3venes Construyendo el Futuro\u201d, que se han implementado en Honduras, El Salvador y Guatemala, y cuya expansi\u00f3n est\u00e1 prevista para 2025.<\/p>\n<p>Adem\u00e1s, una estrategia integral en donde los permisos de las personas o aquellos permisos que se obtienen por parte de Estados Unidos, ya no tienen que llegar hasta la Ciudad de M\u00e9xico, sino que se pueden entregar en el sur de nuestro pa\u00eds; (Tambi\u00e9n), una estrategia de la Secretar\u00eda del trabajo para ofrecer empleos y se quieren quedar en M\u00e9xico, atenci\u00f3n en albergues por parte de la Secretar\u00eda del Bienestar, y en algunos casos donde quieren regresar a sus pa\u00edses, pues darles todo el apoyo para que puedan regresar a sus pa\u00edses de origen\u201d, precis\u00f3 la titular del Ejecutivo federal .<\/p>\n<p>En el tema del fentanilo, la mandataria mexicana dijo que le coment\u00f3 al pr\u00f3ximo mandatario estadounidense que en M\u00e9xico se enfrenta un bajo consumo gracias a dos factores principales: La cohesi\u00f3n familiar. La campa\u00f1a masiva de prevenci\u00f3n impulsada por el ex presidente Andr\u00e9s Manuel L\u00f3pez Obrador.<\/p>\n<p>\u201cLe platiqu\u00e9 que el presidente L\u00f3pez Obrador hizo una campa\u00f1a masiva de comunicaci\u00f3n en las escuelas y en los medios de comunicaci\u00f3n y le dije la campa\u00f1a se llama \u2018El fentanilo mata\u2019, se interes\u00f3 much\u00edsimo, incluso me coment\u00f3 como el consumo de cigarrillos ha bajado much\u00edsimo en los j\u00f3venes por campa\u00f1as, por programas, que se han hecho; me pidi\u00f3 que le envi\u00e1ramos lo que se hizo en la administraci\u00f3n pasada, cosa que el mismo d\u00eda de ayer, se lo envi\u00f3 la Canciller\u00eda y se interes\u00f3 mucho en esto\u201d, mencion\u00f3 Sheinbaum.<\/p>\n<p>&nbsp;<\/p>\n<p><strong>Plan de trenes de pasajeros estar\u00e1 dividido en cuatro fases<\/strong><\/p>\n<p>En otro tema de la ma\u00f1anera, gobierno federal reiter\u00f3 que, durante esta administraci\u00f3n, se plantea construir m\u00e1s de 3,000 kil\u00f3metros de v\u00edas de trenes de pasajeros; con lo que se busca reducir tiempos de viaje, mejorar la experiencia de transporte, incrementar la seguridad y conectar comunidades aisladas desde la privatizaci\u00f3n del sistema ferroviario<\/p>\n<p>Andr\u00e9s Lajous, director general de la Agencia Reguladora de Transporte Ferrovi\u00e1rio, precis\u00f3 que el total de construcci\u00f3n estar\u00e1 dividido en cuatro fases comenzando con los tramos AIFA-Pachuca y M\u00e9xico-Quer\u00e9taro.<\/p>\n<p>El primer tramo en construcci\u00f3n ser\u00e1 el AIFA-Pachuca, seguido de M\u00e9xico-Quer\u00e9taro, Quer\u00e9taro-Irapuato y Saltillo-Nuevo Laredo. Seg\u00fan Lajous, la construcci\u00f3n arrancar\u00e1 en 2025, con un plazo estimado de uno a dos a\u00f1os y medio para la finalizaci\u00f3n de las primeras fases.<\/p>\n<p>\u201cEn la segunda fase trabajaremos Quer\u00e9taro &#8211; San Luis Potos\u00ed, Mazatl\u00e1n &#8211; Los Mochis, Irapuato &#8211; Guadalajara. La tercera fase, Guaymas &#8211; Hermosillo, Guadalajara &#8211; Tepic, San Luis Potos\u00ed &#8211; Saltillo, los Mochis &#8211; Guaymas y la \u00faltima fase ser\u00e1n Tepic &#8211; Mazatl\u00e1n y Hermosillo \u2013 Nogales\u201d, precis\u00f3 el funcionario en la conferencia de prensa matutina de este jueves 28 de noviembre.<\/p>\n<p>Por otro lado, el presupuesto total asignado para 2025 es de 157,000 millones de pesos, lo que, seg\u00fan las autoridades cubrir\u00e1 tambi\u00e9n proyectos como el Tren Maya de carga, con infraestructura de 10 terminales intermodales y 1,553 kil\u00f3metros de v\u00edas f\u00e9rreas, as\u00ed como obras de mantenimiento en carreteras del sureste mexicano.<\/p>\n<p>Gustavo Ricardo Vallejo Su\u00e1rez, comandante del Agrupamiento de Ingenieros \u00abFelipe Angeles\u00bb, enfatiz\u00f3 que el Ej\u00e9rcito participar\u00e1 activamente en la construcci\u00f3n, mantenimiento y supervisi\u00f3n de las obras ferroviarias, adem\u00e1s de garantizar el cuidado ambiental y la preservaci\u00f3n del patrimonio cultural en las regiones impactadas.<\/p>\n<p>&nbsp;<\/p>\n<p><strong>Tren Maya un \u00e9xito<\/strong><\/p>\n<p>Durante su intervenci\u00f3n, la presidenta Claudia Sheinbaum calific\u00f3 como un \u00e9xito el funcionamiento del Tren Maya y detall\u00f3 los pr\u00f3ximos pasos para consolidar este proyecto, adem\u00e1s de anunciar nuevas iniciativas ferroviarias que buscan impulsar el desarrollo regional y el turismo en el pa\u00eds.<\/p>\n<p>Sheinbaum Pardo destac\u00f3 que el Tren Maya, con m\u00e1s de 1,500 kil\u00f3metros de v\u00edas construidas en la administraci\u00f3n anterior, ha demostrado ser un motor econ\u00f3mico y tur\u00edstico para el sureste mexicano.<\/p>\n<p>Adem\u00e1s, anunci\u00f3 que el circuito completo, de Palenque a Chetumal, estar\u00e1 listo para diciembre, tras concluir los \u00faltimos tramos pendientes.<\/p>\n","protected":false},"excerpt":{"rendered":"<p>&nbsp; &nbsp; Durante la ma\u00f1anera de este jueves, la presidenta Claudia Sheinbaum Pardo ofreci\u00f3 detalles sobre la conversaci\u00f3n telef\u00f3nica sostenida en la v\u00edspera con el pr\u00f3ximo presidente de Estados Unidos, Donald Trump, la cual dijo estuvo centrada en temas de migraci\u00f3n, la crisis del fentanilo y posibles esquemas de colaboraci\u00f3n bilateral, pero no no hablaron [&hellip;]<\/p>\n","protected":false},"author":12,"featured_media":641834,"comment_status":"open","ping_status":"open","sticky":false,"template":"","format":"standard","meta":{"_monsterinsights_skip_tracking":false,"_monsterinsights_sitenote_active":false,"_monsterinsights_sitenote_note":"","_monsterinsights_sitenote_category":0,"footnotes":""},"categories":[16,5,35155,3],"tags":[84492,44,101298],"class_list":["post-641833","post","type-post","status-publish","format-standard","has-post-thumbnail","hentry","category-destacadas","category-estado-de-mexico","category-estado-de-mexico-estado-de-mexico","category-nacional","tag-mananera","tag-mexico","tag-presidenta-claudia-sheinbaum-pardo"],"_links":{"self":[{"href":"https:\/\/www.diarioimagen.net\/index.php?rest_route=\/wp\/v2\/posts\/641833","targetHints":{"allow":["GET"]}}],"collection":[{"href":"https:\/\/www.diarioimagen.net\/index.php?rest_route=\/wp\/v2\/posts"}],"about":[{"href":"https:\/\/www.diarioimagen.net\/index.php?rest_route=\/wp\/v2\/types\/post"}],"author":[{"embeddable":true,"href":"https:\/\/www.diarioimagen.net\/index.php?rest_route=\/wp\/v2\/users\/12"}],"replies":[{"embeddable":true,"href":"https:\/\/www.diarioimagen.net\/index.php?rest_route=%2Fwp%2Fv2%2Fcomments&post=641833"}],"version-history":[{"count":0,"href":"https:\/\/www.diarioimagen.net\/index.php?rest_route=\/wp\/v2\/posts\/641833\/revisions"}],"wp:featuredmedia":[{"embeddable":true,"href":"https:\/\/www.diarioimagen.net\/index.php?rest_route=\/wp\/v2\/media\/641834"}],"wp:attachment":[{"href":"https:\/\/www.diarioimagen.net\/index.php?rest_route=%2Fwp%2Fv2%2Fmedia&parent=641833"}],"wp:term":[{"taxonomy":"category","embeddable":true,"href":"https:\/\/www.diarioimagen.net\/index.php?rest_route=%2Fwp%2Fv2%2Fcategories&post=641833"},{"taxonomy":"post_tag","embeddable":true,"href":"https:\/\/www.diarioimagen.net\/index.php?rest_route=%2Fwp%2Fv2%2Ftags&post=641833"}],"curies":[{"name":"wp","href":"https:\/\/api.w.org\/{rel}","templated":true}]}}