{"id":641867,"date":"2024-11-29T01:02:38","date_gmt":"2024-11-29T07:02:38","guid":{"rendered":"https:\/\/www.diarioimagen.net\/?p=641867"},"modified":"2024-11-29T01:02:38","modified_gmt":"2024-11-29T07:02:38","slug":"inaugura-delfina-gomez-alvarez-edificio-del-archivo-historico-del-poder-judicial","status":"publish","type":"post","link":"https:\/\/www.diarioimagen.net\/?p=641867","title":{"rendered":"Inaugura Delfina G\u00f3mez \u00c1lvarez edificio del Archivo Hist\u00f3rico del Poder Judicial"},"content":{"rendered":"<p>&nbsp;<\/p>\n<div id=\"attachment_641869\" style=\"width: 415px\" class=\"wp-caption aligncenter\"><img loading=\"lazy\" decoding=\"async\" aria-describedby=\"caption-attachment-641869\" class=\"wp-image-641869 size-large\" src=\"https:\/\/www.diarioimagen.net\/wp-content\/uploads\/2024\/11\/DELFINA-ok-405x270.jpg\" alt=\"\" width=\"405\" height=\"270\" srcset=\"https:\/\/www.diarioimagen.net\/wp-content\/uploads\/2024\/11\/DELFINA-ok-405x270.jpg 405w, https:\/\/www.diarioimagen.net\/wp-content\/uploads\/2024\/11\/DELFINA-ok-240x160.jpg 240w, https:\/\/www.diarioimagen.net\/wp-content\/uploads\/2024\/11\/DELFINA-ok-768x511.jpg 768w, https:\/\/www.diarioimagen.net\/wp-content\/uploads\/2024\/11\/DELFINA-ok.jpg 1500w\" sizes=\"auto, (max-width: 405px) 100vw, 405px\" \/><p id=\"caption-attachment-641869\" class=\"wp-caption-text\">La gobernadora Delfina G\u00f3mez \u00c1lvarez inaugur\u00f3 el Edificio de la Coordinaci\u00f3n de Archivos del Poder Judicial del Estado de M\u00e9xico.<\/p><\/div>\n<p>&nbsp;<\/p>\n<p><strong>Toluca, Estado de M\u00e9xico.-<\/strong> Al inaugurar el Edificio de la Coordinaci\u00f3n de Archivos del Poder Judicial del Estado de M\u00e9xico, la Gobernadora Delfina G\u00f3mez \u00c1lvarez destac\u00f3 la importancia del trabajo colaborativo entre instancias de gobierno que, en el caso del Poder Judicial, contribuy\u00f3 a los recientes logros en el combate a la delincuencia.<\/p>\n<p>\u201cQuiero reconocer y agradecer todas las acciones que realizaron desde sus funciones en esta operaci\u00f3n \u2018Enjambre\u2019 porque fue posible gracias al trabajo en coordinaci\u00f3n, por eso a nombre de todos los que integramos el Gobierno del Estado de M\u00e9xico, les damos ese agradecimiento al Poder Judicial\u201d, se\u00f1al\u00f3 la gobernadora Delfina G\u00f3mez \u00c1lvarez.<\/p>\n<p>Destac\u00f3 que los Poderes del Estado son corresponsables en el bienestar del pueblo, una visi\u00f3n que qued\u00f3 plasmada en el Plan de Desarrollo del Estado de M\u00e9xico 2023-2029, bajo Eje Transversal 2 \u201cConstrucci\u00f3n de la Paz y Seguridad\u201d que es una hoja de ruta que promueve el trabajo interinstitucional y representa una nueva manera de servir a las y los mexiquenses.<\/p>\n<p>\u201cEl bienestar del pueblo es una tarea compartida entre las tres soberan\u00edas, que desde el \u00e1mbito de nuestra competencia sabemos trabajar en equipo para transformar la realidad de nuestro estado y aspirar a una entidad equitativa, armoniosa y con justicia social\u201d, apunt\u00f3 la Maestra Delfina G\u00f3mez \u00c1lvarez.<\/p>\n<p>Asimismo, reconoci\u00f3 la disposici\u00f3n de trabajo del Presidente del Tribunal Superior de Justicia, que permiti\u00f3 desarrollar acciones conjuntas como las Caravanas por la Justicia, las cuales han recorrido m\u00e1s de 40 municipios, acercando 90 servicios a m\u00e1s de 50 mil mexiquenses en zonas aisladas.<\/p>\n<p>De igual manera, a trav\u00e9s de la firma del convenio para regularizar predios y viviendas, beneficiando a m\u00e1s de 2 mil 700 personas, en especial a las mujeres.<\/p>\n<p>La gobernadora Delfina G\u00f3mez \u00c1lvarez dijo que el nuevo edificio de la Coordinaci\u00f3n de Archivos es reflejo de la excelencia y la modernizaci\u00f3n del Poder Judicial, adem\u00e1s representa un avance en infraestructura y en el objetivo de transformar los servicios de justicia en beneficio de las y los mexiquenses.<\/p>\n<p>&nbsp;<\/p>\n","protected":false},"excerpt":{"rendered":"<p>&nbsp; &nbsp; Toluca, Estado de M\u00e9xico.- Al inaugurar el Edificio de la Coordinaci\u00f3n de Archivos del Poder Judicial del Estado de M\u00e9xico, la Gobernadora Delfina G\u00f3mez \u00c1lvarez destac\u00f3 la importancia del trabajo colaborativo entre instancias de gobierno que, en el caso del Poder Judicial, contribuy\u00f3 a los recientes logros en el combate a la delincuencia. [&hellip;]<\/p>\n","protected":false},"author":12,"featured_media":641869,"comment_status":"open","ping_status":"open","sticky":false,"template":"","format":"standard","meta":{"_monsterinsights_skip_tracking":false,"_monsterinsights_sitenote_active":false,"_monsterinsights_sitenote_note":"","_monsterinsights_sitenote_category":0,"footnotes":""},"categories":[5],"tags":[],"class_list":["post-641867","post","type-post","status-publish","format-standard","has-post-thumbnail","hentry","category-estado-de-mexico"],"_links":{"self":[{"href":"https:\/\/www.diarioimagen.net\/index.php?rest_route=\/wp\/v2\/posts\/641867","targetHints":{"allow":["GET"]}}],"collection":[{"href":"https:\/\/www.diarioimagen.net\/index.php?rest_route=\/wp\/v2\/posts"}],"about":[{"href":"https:\/\/www.diarioimagen.net\/index.php?rest_route=\/wp\/v2\/types\/post"}],"author":[{"embeddable":true,"href":"https:\/\/www.diarioimagen.net\/index.php?rest_route=\/wp\/v2\/users\/12"}],"replies":[{"embeddable":true,"href":"https:\/\/www.diarioimagen.net\/index.php?rest_route=%2Fwp%2Fv2%2Fcomments&post=641867"}],"version-history":[{"count":0,"href":"https:\/\/www.diarioimagen.net\/index.php?rest_route=\/wp\/v2\/posts\/641867\/revisions"}],"wp:featuredmedia":[{"embeddable":true,"href":"https:\/\/www.diarioimagen.net\/index.php?rest_route=\/wp\/v2\/media\/641869"}],"wp:attachment":[{"href":"https:\/\/www.diarioimagen.net\/index.php?rest_route=%2Fwp%2Fv2%2Fmedia&parent=641867"}],"wp:term":[{"taxonomy":"category","embeddable":true,"href":"https:\/\/www.diarioimagen.net\/index.php?rest_route=%2Fwp%2Fv2%2Fcategories&post=641867"},{"taxonomy":"post_tag","embeddable":true,"href":"https:\/\/www.diarioimagen.net\/index.php?rest_route=%2Fwp%2Fv2%2Ftags&post=641867"}],"curies":[{"name":"wp","href":"https:\/\/api.w.org\/{rel}","templated":true}]}}