{"id":642076,"date":"2024-12-04T00:09:33","date_gmt":"2024-12-04T06:09:33","guid":{"rendered":"https:\/\/www.diarioimagen.net\/?p=642076"},"modified":"2024-12-04T00:39:10","modified_gmt":"2024-12-04T06:39:10","slug":"el-gobierno-de-canada-cierra-la-puerta-a-refugiados-y-migrantes","status":"publish","type":"post","link":"https:\/\/www.diarioimagen.net\/?p=642076","title":{"rendered":"El gobierno de Canad\u00e1 cierra la puerta a refugiados y migrantes"},"content":{"rendered":"<p>&nbsp;<\/p>\n<div id=\"attachment_642077\" style=\"width: 400px\" class=\"wp-caption aligncenter\"><img loading=\"lazy\" decoding=\"async\" aria-describedby=\"caption-attachment-642077\" class=\"wp-image-642077 size-large\" src=\"https:\/\/www.diarioimagen.net\/wp-content\/uploads\/2024\/12\/SE-CIERRA-CANADA-ok-390x270.jpg\" alt=\"\" width=\"390\" height=\"270\" srcset=\"https:\/\/www.diarioimagen.net\/wp-content\/uploads\/2024\/12\/SE-CIERRA-CANADA-ok-390x270.jpg 390w, https:\/\/www.diarioimagen.net\/wp-content\/uploads\/2024\/12\/SE-CIERRA-CANADA-ok-240x166.jpg 240w, https:\/\/www.diarioimagen.net\/wp-content\/uploads\/2024\/12\/SE-CIERRA-CANADA-ok-768x532.jpg 768w, https:\/\/www.diarioimagen.net\/wp-content\/uploads\/2024\/12\/SE-CIERRA-CANADA-ok.jpg 1500w\" sizes=\"auto, (max-width: 390px) 100vw, 390px\" \/><p id=\"caption-attachment-642077\" class=\"wp-caption-text\">Canad\u00e1 lanz\u00f3 una campa\u00f1a global de anuncios en l\u00ednea advirtiendo a los solicitantes de asilo que presentar una solicitud es dif\u00edciles, se transmitir\u00e1n hasta marzo en 11 idiomas, incluidos el espa\u00f1ol, urdu, ucraniano, hindi y tamil.<\/p><\/div>\n<p>&nbsp;<\/p>\n<p>El gobierno de Canad\u00e1 lanz\u00f3 una campa\u00f1a global de anuncios en l\u00ednea advirtiendo a los solicitantes de asilo que presentar una solicitud es dif\u00edciles, luego de que este pa\u00eds pu\u00e9s se consideraba como \u00a0uno de los m\u00e1s acogedores del mundo para los refugiados y migrantes.<\/p>\n<p>Los anuncios, que costar\u00e1n 178,662 d\u00f3lares, se transmitir\u00e1n hasta marzo en 11 idiomas, incluidos el espa\u00f1ol, urdu, ucraniano, hindi y tamil, inform\u00f3 el Departamento de Inmigraci\u00f3n.<\/p>\n<p>Son parte de un cambio m\u00e1s amplio en el tono del gobierno impopular del primer ministro Justin Trudeau sobre inmigraci\u00f3n y un esfuerzo por frenar las solicitudes de refugio.<\/p>\n<p>Se ha culpado a los migrantes por los altos precios de la vivienda, aunque expertos argumentan que esta es una explicaci\u00f3n simplista, y encuestas muestran que un n\u00famero creciente de canadienses cree que el pa\u00eds admite demasiados reci\u00e9n llegados.<\/p>\n<p>La campa\u00f1a de cuatro meses tiene un presupuesto que equivale a un tercio del gasto total en anuncios similares durante los siete a\u00f1os anteriores.<\/p>\n<p>Consultas de b\u00fasqueda como \u201cc\u00f3mo solicitar asilo en Canad\u00e1\u201d y \u201crefugiado Canad\u00e1\u201d provocar\u00e1n contenido patrocinado titulado \u201cEl sistema de asilo de Canad\u00e1: datos sobre el asilo\u201d, seg\u00fan indic\u00f3 el ministerio.<\/p>\n<p>\u201cSolicitar asilo en Canad\u00e1 no es f\u00e1cil. Hay pautas estrictas para calificar. Descubre lo que necesitas saber antes de tomar una decisi\u00f3n que cambiar\u00e1 tu vida\u201d, dice uno de los anuncios.<\/p>\n<p>Canad\u00e1 siempre ha sido considerado un lugar acogedor para los reci\u00e9n llegados. Ahora, sus l\u00edderes est\u00e1n reduciendo la inmigraci\u00f3n y tratando de que los residentes temporales se vayan y evitar que las personas que huyen del presidente electo de EU, Donald Trump, soliciten asilo.<\/p>\n<p>\u201cInmigraci\u00f3n, Refugiados y Ciudadan\u00eda de Canad\u00e1 est\u00e1 trabajando para combatir la propagaci\u00f3n de desinformaci\u00f3n sobre el sistema de inmigraci\u00f3n de Canad\u00e1 y para resaltar los riesgos de trabajar con representantes no autorizados\u201d, escribi\u00f3 un portavoz del departamento en un correo electr\u00f3nico.<\/p>\n<p><strong>\u00a0<\/strong><\/p>\n<p><strong>Atraso de casos de refugiados<\/strong><\/p>\n<p>&nbsp;<\/p>\n<p>Podr\u00eda ser una batalla dif\u00edcil. El sistema de refugiados de Canad\u00e1 enfrenta un atraso de 260,000 casos en medio del creciente desplazamiento global. El gobierno tiene poco control sobre qui\u00e9n solicita asilo.<\/p>\n<p>Su ministro de inmigraci\u00f3n ha insinuado que se acelerar\u00e1n las solicitudes que se consideren poco probables de tener \u00e9xito. El gobierno espera que millones de personas abandonen el pa\u00eds por su cuenta cuando sus visas expiren, y el ministro de inmigraci\u00f3n ha amenazado con deportarlas si no lo hacen.<\/p>\n<p>Es un giro dram\u00e1tico para un gobierno que durante a\u00f1os puso la alfombra roja.<\/p>\n<p>En enero de 2017, cuando Trump asumi\u00f3 el cargo, Trudeau tuite\u00f3: \u201cA los que huyen de la persecuci\u00f3n, el terror y la guerra, los canadienses los acoger\u00e1n, sin importar su fe. La diversidad es nuestra fortaleza #BienvenidoACanad\u00e1\u201d.<\/p>\n<p>El 17 de noviembre, casi ocho a\u00f1os despu\u00e9s, Trudeau public\u00f3 un video promoviendo las pol\u00edticas de inmigraci\u00f3n de su gobierno, se\u00f1alando a los \u201cmalos actores\u201d que \u201chan estado explotando nuestro sistema de inmigraci\u00f3n para sus propios intereses\u201d.<\/p>\n<p>El mes pasado, el gobierno liberal, que va detr\u00e1s en las encuestas, anunci\u00f3 que reducir\u00e1 la inmigraci\u00f3n permanente y temporal. Se proyecta que la poblaci\u00f3n se reducir\u00e1 ligeramente durante dos a\u00f1os.<\/p>\n<p>Las campa\u00f1as publicitarias para contrarrestar la desinformaci\u00f3n sobre c\u00f3mo solicitar asilo podr\u00edan ser \u00fatiles, dijo la profesora de derecho y experta en inmigraci\u00f3n de la Universidad de Ottawa, Jamie Chai Yun Liew.<\/p>\n<p>\u201cPor otro lado, si est\u00e1n diciendo \u2018No eres bienvenido\u2019 \u2026 parece contrario al enfoque que Canad\u00e1 ha tenido en el pasado\u201d, dijo. \u201cHan cambiado su mensaje\u201d.<\/p>\n<p>&nbsp;<\/p>\n<p><strong>Un panorama aterrador<\/strong><\/p>\n<p>&nbsp;<\/p>\n<p>Por su parte, Loly Rico, fundadora del FCJ Refugee Centre, una de las organizaciones que desde 1991 m\u00e1s trabajo realizan en defensa de los refugiados, declar\u00f3 que si el cambio observado en Trudeau es malo, lo que puede venir despu\u00e9s es aterrador.<\/p>\n<p>\u201cEstamos realmente preocupados porque si con el Gobierno de Trudeau se han cerrado las puertas para la migraci\u00f3n, si cambia el gobierno va a ser mucho peor\u201d, explic\u00f3.<\/p>\n<p>Rico se refer\u00eda a la posible llegada al poder en Canad\u00e1 de Pierre Poilievre, el actual l\u00edder del Partido Conservador y al que las encuestas colocan de forma sistem\u00e1tica hasta 20 puntos por delante de Trudeau y su Partido Liberal. Un pol\u00edtico que desde que se hizo cargo de los conservadores a finales de 2022 se ha destacado por su populismo radical.<\/p>\n<p>&nbsp;<\/p>\n<p><strong>Una frontera pr\u00e1cticamente cerrada<\/strong><\/p>\n<p>&nbsp;<\/p>\n<p>Todo empez\u00f3 en 2023 cuando Ottawa renegoci\u00f3 con Washington el llamado \u2018acuerdo del tercer pa\u00eds seguro\u2019, que imped\u00eda que una persona llegara a un puesto fronterizo canadiense desde EE.UU. y solicitara el asilo, pero s\u00ed lo permit\u00eda si entraba por un paso irregular. Una reforma implementada ese a\u00f1o acab\u00f3 con ese vac\u00edo legal.<\/p>\n<p>&nbsp;<\/p>\n<p>Medidas adicionales anunciadas en las \u00faltimas semanas por Ottawa supondr\u00e1n que, solo en 2025, alrededor de 1,2 millones de residentes temporales, entre trabajadores y estudiantes, tendr\u00e1n que abandonar Canad\u00e1. Adem\u00e1s, este pa\u00eds reducir\u00e1 el n\u00famero de inmigrantes hasta un 27 % en los pr\u00f3ximos tres a\u00f1os.<\/p>\n<p>&nbsp;<\/p>\n<p>Rico teme que todas estas pol\u00edtica har\u00e1n que un mayor n\u00famero de personas intenten cruzar de forma irregular la frontera entre EE.UU. y Canad\u00e1, especialmente en los pr\u00f3ximos meses durante el crudo invierno canadiense.<\/p>\n","protected":false},"excerpt":{"rendered":"<p>&nbsp; &nbsp; El gobierno de Canad\u00e1 lanz\u00f3 una campa\u00f1a global de anuncios en l\u00ednea advirtiendo a los solicitantes de asilo que presentar una solicitud es dif\u00edciles, luego de que este pa\u00eds pu\u00e9s se consideraba como \u00a0uno de los m\u00e1s acogedores del mundo para los refugiados y migrantes. Los anuncios, que costar\u00e1n 178,662 d\u00f3lares, se transmitir\u00e1n [&hellip;]<\/p>\n","protected":false},"author":12,"featured_media":642077,"comment_status":"open","ping_status":"open","sticky":false,"template":"","format":"standard","meta":{"_monsterinsights_skip_tracking":false,"_monsterinsights_sitenote_active":false,"_monsterinsights_sitenote_note":"","_monsterinsights_sitenote_category":0,"footnotes":""},"categories":[8],"tags":[],"class_list":["post-642076","post","type-post","status-publish","format-standard","has-post-thumbnail","hentry","category-finanzas"],"_links":{"self":[{"href":"https:\/\/www.diarioimagen.net\/index.php?rest_route=\/wp\/v2\/posts\/642076","targetHints":{"allow":["GET"]}}],"collection":[{"href":"https:\/\/www.diarioimagen.net\/index.php?rest_route=\/wp\/v2\/posts"}],"about":[{"href":"https:\/\/www.diarioimagen.net\/index.php?rest_route=\/wp\/v2\/types\/post"}],"author":[{"embeddable":true,"href":"https:\/\/www.diarioimagen.net\/index.php?rest_route=\/wp\/v2\/users\/12"}],"replies":[{"embeddable":true,"href":"https:\/\/www.diarioimagen.net\/index.php?rest_route=%2Fwp%2Fv2%2Fcomments&post=642076"}],"version-history":[{"count":2,"href":"https:\/\/www.diarioimagen.net\/index.php?rest_route=\/wp\/v2\/posts\/642076\/revisions"}],"predecessor-version":[{"id":642118,"href":"https:\/\/www.diarioimagen.net\/index.php?rest_route=\/wp\/v2\/posts\/642076\/revisions\/642118"}],"wp:featuredmedia":[{"embeddable":true,"href":"https:\/\/www.diarioimagen.net\/index.php?rest_route=\/wp\/v2\/media\/642077"}],"wp:attachment":[{"href":"https:\/\/www.diarioimagen.net\/index.php?rest_route=%2Fwp%2Fv2%2Fmedia&parent=642076"}],"wp:term":[{"taxonomy":"category","embeddable":true,"href":"https:\/\/www.diarioimagen.net\/index.php?rest_route=%2Fwp%2Fv2%2Fcategories&post=642076"},{"taxonomy":"post_tag","embeddable":true,"href":"https:\/\/www.diarioimagen.net\/index.php?rest_route=%2Fwp%2Fv2%2Ftags&post=642076"}],"curies":[{"name":"wp","href":"https:\/\/api.w.org\/{rel}","templated":true}]}}