{"id":642082,"date":"2024-12-04T00:09:13","date_gmt":"2024-12-04T06:09:13","guid":{"rendered":"https:\/\/www.diarioimagen.net\/?p=642082"},"modified":"2024-12-03T23:27:14","modified_gmt":"2024-12-04T05:27:14","slug":"continuan-las-actividades-de-16-dias-de-activismo-contra-la-violencia-de-genero","status":"publish","type":"post","link":"https:\/\/www.diarioimagen.net\/?p=642082","title":{"rendered":"Contin\u00faan las actividades de \u201c16 D\u00edas de Activismo contra la Violencia de G\u00e9nero\u201d"},"content":{"rendered":"<p>&nbsp;<\/p>\n<div id=\"attachment_642080\" style=\"width: 370px\" class=\"wp-caption alignnone\"><img loading=\"lazy\" decoding=\"async\" aria-describedby=\"caption-attachment-642080\" class=\"wp-image-642080 size-large\" src=\"https:\/\/www.diarioimagen.net\/wp-content\/uploads\/2024\/12\/PAG-EDOMEX-1-ok-1-360x270.jpg\" alt=\"\" width=\"360\" height=\"270\" srcset=\"https:\/\/www.diarioimagen.net\/wp-content\/uploads\/2024\/12\/PAG-EDOMEX-1-ok-1-360x270.jpg 360w, https:\/\/www.diarioimagen.net\/wp-content\/uploads\/2024\/12\/PAG-EDOMEX-1-ok-1-240x180.jpg 240w, https:\/\/www.diarioimagen.net\/wp-content\/uploads\/2024\/12\/PAG-EDOMEX-1-ok-1-768x576.jpg 768w, https:\/\/www.diarioimagen.net\/wp-content\/uploads\/2024\/12\/PAG-EDOMEX-1-ok-1.jpg 1500w\" sizes=\"auto, (max-width: 360px) 100vw, 360px\" \/><p id=\"caption-attachment-642080\" class=\"wp-caption-text\">En el Espacio Violeta hubo charlas con integrantes de la Polic\u00eda de G\u00e9nero Estatal, e integrantes de la Direcci\u00f3n de Seguridad P\u00fablica y Tr\u00e1nsito Municipal de Valle de Chalco Solidaridad.<\/p><\/div>\n<p>&nbsp;<\/p>\n<p>Texcoco, Estado de M\u00e9xico.- Para visibilizar la violencia de g\u00e9nero, la Secretar\u00eda de Cultura y Turismo del Estado de M\u00e9xico organiz\u00f3 en la zona oriente de la entidad actividades de teatro, charlas, conferencias, exposiciones, m\u00fasica, poes\u00eda, una rodada y un consultorio psicol\u00f3gico ambulante en la primera semana de los 16 D\u00edas de Activismo Contra la Violencia de G\u00e9nero.<\/p>\n<p>El 25 de noviembre empezaron las actividades en el Espacio Violeta de la Biblioteca del Centro Cultural Mexiquense Bicentenario (CCMB), con la presentaci\u00f3n del libro \u201cLa historia de mi fuerza, notas de resiliencia\u201d, a cargo de Lavinia Espinoza.<\/p>\n<p>&nbsp;<\/p>\n<p>Tambi\u00e9n charlas relacionadas a temas de la salud, como \u201cMujer al servicio de tu piel\u201d, \u201cConoce y eval\u00faa tu metabolismo\u201d y la conferencia \u201cDe invisibles a invencibles: la historia del combate contra la violencia hacia la mujer\u201d.<\/p>\n<p>La jornada cerr\u00f3 en la Sala de Conciertos \u201cElisa Carrillo\u201d con la obra de teatro \u201cUn grito al cielo con todo mi coraz\u00f3n\u201d, en la que dos actrices encarnan a una docena de personajes con di\u00e1logos intensos que se dan entre mujeres: madre-hija, patrona-sirvienta, nuera-suegra, amante-esposa, amiga-amiga, y abuela-nieta; donde se dirimen posiciones, visiones de la vida, conflictos y dem\u00e1s aristas emocionales de la condici\u00f3n humana.<\/p>\n<p>&nbsp;<\/p>\n<p>En los siguientes d\u00edas continu\u00f3 la presentaci\u00f3n de libros y se inaugur\u00f3, en el Auditorio del Tecnol\u00f3gico de Valle de Chalco, la exposici\u00f3n fotogr\u00e1fica \u201cProyecto Sirenas\u201d, una serie de Pablo Tonatiuh \u00c1lvarez Reyes, que impacta por las alegor\u00edas de c\u00f3mo puede ser descarnada la violencia que se ejerce contra las mujeres.<\/p>\n<p>&nbsp;<\/p>\n<p>En el Espacio Violeta hubo charlas con integrantes de la Polic\u00eda de G\u00e9nero Estatal, e integrantes de la Direcci\u00f3n de Seguridad P\u00fablica y Tr\u00e1nsito Municipal de Valle de Chalco Solidaridad, donde narraron casos reales que los dejaron marcados como desapariciones, suicidios y otros dramas humanos generados desde la violencia intrafamiliar.<\/p>\n<p>&nbsp;<\/p>\n<p>El s\u00e1bado 30 de noviembre, se llevaron a cabo, en sedes externas, actividades como el Consultorio Psicol\u00f3gico Ambulante y Cl\u00ednica de G\u00e9nero y Violencias, a cargo de la agrupaci\u00f3n \u00c1gora, Convivir para Vivir AC, y un recital de m\u00fasica y poes\u00eda.<\/p>\n<p>&nbsp;<\/p>\n<p>M\u00e1s tarde se realiz\u00f3 una rodada que parti\u00f3 del monumento a Morelos en Chimalhuac\u00e1n, y lleg\u00f3 a la explanada del CCMB, justo donde est\u00e1 el monumental \u00c1rbol de Navidad, para que las y los integrantes del colectivo Cultural y Comunitario de Chimalhuac\u00e1n, intercambiaran puntos de vista con visitantes al Centro Cultural acerca de la movilidad en bicicleta y c\u00f3mo la viven, sobre todo las mujeres.<\/p>\n<p>&nbsp;<\/p>\n<p>Esta semana seguir\u00e1n las actividades de los \u201c16 D\u00edas de Activismo contra la Violencia de G\u00e9nero\u201d, mismas que se pueden consultar en las redes sociales de la dependencia estatal en Facebook @CulturaEdomex, mismas que concluir\u00e1n el 10 de diciembre.<\/p>\n","protected":false},"excerpt":{"rendered":"<p>&nbsp; &nbsp; Texcoco, Estado de M\u00e9xico.- Para visibilizar la violencia de g\u00e9nero, la Secretar\u00eda de Cultura y Turismo del Estado de M\u00e9xico organiz\u00f3 en la zona oriente de la entidad actividades de teatro, charlas, conferencias, exposiciones, m\u00fasica, poes\u00eda, una rodada y un consultorio psicol\u00f3gico ambulante en la primera semana de los 16 D\u00edas de Activismo [&hellip;]<\/p>\n","protected":false},"author":12,"featured_media":642080,"comment_status":"open","ping_status":"open","sticky":false,"template":"","format":"standard","meta":{"_monsterinsights_skip_tracking":false,"_monsterinsights_sitenote_active":false,"_monsterinsights_sitenote_note":"","_monsterinsights_sitenote_category":0,"footnotes":""},"categories":[5],"tags":[],"class_list":["post-642082","post","type-post","status-publish","format-standard","has-post-thumbnail","hentry","category-estado-de-mexico"],"_links":{"self":[{"href":"https:\/\/www.diarioimagen.net\/index.php?rest_route=\/wp\/v2\/posts\/642082","targetHints":{"allow":["GET"]}}],"collection":[{"href":"https:\/\/www.diarioimagen.net\/index.php?rest_route=\/wp\/v2\/posts"}],"about":[{"href":"https:\/\/www.diarioimagen.net\/index.php?rest_route=\/wp\/v2\/types\/post"}],"author":[{"embeddable":true,"href":"https:\/\/www.diarioimagen.net\/index.php?rest_route=\/wp\/v2\/users\/12"}],"replies":[{"embeddable":true,"href":"https:\/\/www.diarioimagen.net\/index.php?rest_route=%2Fwp%2Fv2%2Fcomments&post=642082"}],"version-history":[{"count":1,"href":"https:\/\/www.diarioimagen.net\/index.php?rest_route=\/wp\/v2\/posts\/642082\/revisions"}],"predecessor-version":[{"id":642084,"href":"https:\/\/www.diarioimagen.net\/index.php?rest_route=\/wp\/v2\/posts\/642082\/revisions\/642084"}],"wp:featuredmedia":[{"embeddable":true,"href":"https:\/\/www.diarioimagen.net\/index.php?rest_route=\/wp\/v2\/media\/642080"}],"wp:attachment":[{"href":"https:\/\/www.diarioimagen.net\/index.php?rest_route=%2Fwp%2Fv2%2Fmedia&parent=642082"}],"wp:term":[{"taxonomy":"category","embeddable":true,"href":"https:\/\/www.diarioimagen.net\/index.php?rest_route=%2Fwp%2Fv2%2Fcategories&post=642082"},{"taxonomy":"post_tag","embeddable":true,"href":"https:\/\/www.diarioimagen.net\/index.php?rest_route=%2Fwp%2Fv2%2Ftags&post=642082"}],"curies":[{"name":"wp","href":"https:\/\/api.w.org\/{rel}","templated":true}]}}