{"id":642157,"date":"2024-12-05T00:09:18","date_gmt":"2024-12-05T06:09:18","guid":{"rendered":"https:\/\/www.diarioimagen.net\/?p=642157"},"modified":"2024-12-04T23:29:47","modified_gmt":"2024-12-05T05:29:47","slug":"delfina-gomez-se-posiciona-en-el-top-5-de-los-gobernantes-mejor-evaluados-del-pais","status":"publish","type":"post","link":"https:\/\/www.diarioimagen.net\/?p=642157","title":{"rendered":"Delfina G\u00f3mez se posiciona en el top 5 de  los gobernantes mejor evaluados del pa\u00eds"},"content":{"rendered":"<p>&nbsp;<\/p>\n<div id=\"attachment_642160\" style=\"width: 415px\" class=\"wp-caption aligncenter\"><img loading=\"lazy\" decoding=\"async\" aria-describedby=\"caption-attachment-642160\" class=\"wp-image-642160 size-large\" src=\"https:\/\/www.diarioimagen.net\/wp-content\/uploads\/2024\/12\/PAG-EDOMEX-1-ok-2-405x270.jpg\" alt=\"\" width=\"405\" height=\"270\" srcset=\"https:\/\/www.diarioimagen.net\/wp-content\/uploads\/2024\/12\/PAG-EDOMEX-1-ok-2-405x270.jpg 405w, https:\/\/www.diarioimagen.net\/wp-content\/uploads\/2024\/12\/PAG-EDOMEX-1-ok-2-240x160.jpg 240w, https:\/\/www.diarioimagen.net\/wp-content\/uploads\/2024\/12\/PAG-EDOMEX-1-ok-2-768x511.jpg 768w, https:\/\/www.diarioimagen.net\/wp-content\/uploads\/2024\/12\/PAG-EDOMEX-1-ok-2.jpg 1500w\" sizes=\"auto, (max-width: 405px) 100vw, 405px\" \/><p id=\"caption-attachment-642160\" class=\"wp-caption-text\">La gesti\u00f3n de Delfina G\u00f3mez ha estado marcada por una destacada coordinaci\u00f3n con la presidenta Claudia Sheinbaum, lo que ha permitido fortalecer proyectos de infraestructura, transporte y salud, alineados con los principios de la Cuarta Transformaci\u00f3n.<\/p><\/div>\n<p>&nbsp;<\/p>\n<p>El Estado de M\u00e9xico celebra el primer a\u00f1o de gesti\u00f3n de su gobernadora, Delfina G\u00f3mez \u00c1lvarez, con resultados que la han colocado entre las cinco mandatarias mejor evaluadas del pa\u00eds.<\/p>\n<p>Seg\u00fan el m\u00e1s reciente ranking nacional de Aprobaci\u00f3n de Gobernadores y Gobernadoras de noviembre de 2024 de Demoscopia, G\u00f3mez \u00c1lvarez alcanz\u00f3 un 64.8% de aprobaci\u00f3n, consolid\u00e1ndose como una de las principales figuras pol\u00edticas del centro del pa\u00eds.<\/p>\n<p>Este logro refleja el impacto de estrategias como el \u201cOperativo Enjambre\u201d, un programa de seguridad que ha reforzado la tranquilidad en los municipios m\u00e1s vulnerables y que ha contado con la coordinaci\u00f3n del Gobierno Federal.<\/p>\n<p>Este operativo no solo ha disminuido los \u00edndices delictivos, sino que tambi\u00e9n ha fortalecido la percepci\u00f3n de que la administraci\u00f3n estatal est\u00e1 comprometida con la protecci\u00f3n de las familias mexiquenses.<\/p>\n<p>Adem\u00e1s de la seguridad, la gobernadora ha implementado programas sociales priorizado la atenci\u00f3n a grupos vulnerables, especialmente en sectores rurales y marginados.<\/p>\n<p>Su gesti\u00f3n tambi\u00e9n ha estado marcada por una destacada coordinaci\u00f3n con la presidenta Claudia Sheinbaum, lo que ha permitido fortalecer proyectos de infraestructura, transporte y salud, alineados con los principios de la Cuarta Transformaci\u00f3n.<\/p>\n<p>A nivel regional, Delfina G\u00f3mez no solo ha logrado posicionar al Estado de M\u00e9xico como un modelo de gobernanza, sino que tambi\u00e9n ha proyectado su liderazgo a nivel nacional, destac\u00e1ndose como una de las gobernadoras m\u00e1s influyentes de esta generaci\u00f3n.<\/p>\n<p>Con un a\u00f1o de logros y el respaldo de los ciudadanos, G\u00f3mez \u00c1lvarez contin\u00faa consolid\u00e1ndose como un referente pol\u00edtico en el M\u00e9xico actual.<\/p>\n","protected":false},"excerpt":{"rendered":"<p>&nbsp; &nbsp; El Estado de M\u00e9xico celebra el primer a\u00f1o de gesti\u00f3n de su gobernadora, Delfina G\u00f3mez \u00c1lvarez, con resultados que la han colocado entre las cinco mandatarias mejor evaluadas del pa\u00eds. Seg\u00fan el m\u00e1s reciente ranking nacional de Aprobaci\u00f3n de Gobernadores y Gobernadoras de noviembre de 2024 de Demoscopia, G\u00f3mez \u00c1lvarez alcanz\u00f3 un 64.8% [&hellip;]<\/p>\n","protected":false},"author":12,"featured_media":642160,"comment_status":"open","ping_status":"open","sticky":false,"template":"","format":"standard","meta":{"_monsterinsights_skip_tracking":false,"_monsterinsights_sitenote_active":false,"_monsterinsights_sitenote_note":"","_monsterinsights_sitenote_category":0,"footnotes":""},"categories":[5],"tags":[],"class_list":["post-642157","post","type-post","status-publish","format-standard","has-post-thumbnail","hentry","category-estado-de-mexico"],"_links":{"self":[{"href":"https:\/\/www.diarioimagen.net\/index.php?rest_route=\/wp\/v2\/posts\/642157","targetHints":{"allow":["GET"]}}],"collection":[{"href":"https:\/\/www.diarioimagen.net\/index.php?rest_route=\/wp\/v2\/posts"}],"about":[{"href":"https:\/\/www.diarioimagen.net\/index.php?rest_route=\/wp\/v2\/types\/post"}],"author":[{"embeddable":true,"href":"https:\/\/www.diarioimagen.net\/index.php?rest_route=\/wp\/v2\/users\/12"}],"replies":[{"embeddable":true,"href":"https:\/\/www.diarioimagen.net\/index.php?rest_route=%2Fwp%2Fv2%2Fcomments&post=642157"}],"version-history":[{"count":1,"href":"https:\/\/www.diarioimagen.net\/index.php?rest_route=\/wp\/v2\/posts\/642157\/revisions"}],"predecessor-version":[{"id":642161,"href":"https:\/\/www.diarioimagen.net\/index.php?rest_route=\/wp\/v2\/posts\/642157\/revisions\/642161"}],"wp:featuredmedia":[{"embeddable":true,"href":"https:\/\/www.diarioimagen.net\/index.php?rest_route=\/wp\/v2\/media\/642160"}],"wp:attachment":[{"href":"https:\/\/www.diarioimagen.net\/index.php?rest_route=%2Fwp%2Fv2%2Fmedia&parent=642157"}],"wp:term":[{"taxonomy":"category","embeddable":true,"href":"https:\/\/www.diarioimagen.net\/index.php?rest_route=%2Fwp%2Fv2%2Fcategories&post=642157"},{"taxonomy":"post_tag","embeddable":true,"href":"https:\/\/www.diarioimagen.net\/index.php?rest_route=%2Fwp%2Fv2%2Ftags&post=642157"}],"curies":[{"name":"wp","href":"https:\/\/api.w.org\/{rel}","templated":true}]}}