{"id":642220,"date":"2024-12-06T06:11:31","date_gmt":"2024-12-06T12:11:31","guid":{"rendered":"https:\/\/www.diarioimagen.net\/?p=642220"},"modified":"2024-12-05T23:40:30","modified_gmt":"2024-12-06T05:40:30","slug":"entrega-delfina-gomez-alvarez-basificaciones-a-personal-educativo","status":"publish","type":"post","link":"https:\/\/www.diarioimagen.net\/?p=642220","title":{"rendered":"Entrega Delfina G\u00f3mez \u00c1lvarez basificaciones a personal educativo"},"content":{"rendered":"<p>&nbsp;<\/p>\n<div id=\"attachment_642221\" style=\"width: 415px\" class=\"wp-caption aligncenter\"><img loading=\"lazy\" decoding=\"async\" aria-describedby=\"caption-attachment-642221\" class=\"wp-image-642221 size-large\" src=\"https:\/\/www.diarioimagen.net\/wp-content\/uploads\/2024\/12\/PAG-EDOMEX-1-ok-3-405x270.jpg\" alt=\"\" width=\"405\" height=\"270\" srcset=\"https:\/\/www.diarioimagen.net\/wp-content\/uploads\/2024\/12\/PAG-EDOMEX-1-ok-3-405x270.jpg 405w, https:\/\/www.diarioimagen.net\/wp-content\/uploads\/2024\/12\/PAG-EDOMEX-1-ok-3-240x160.jpg 240w, https:\/\/www.diarioimagen.net\/wp-content\/uploads\/2024\/12\/PAG-EDOMEX-1-ok-3-768x511.jpg 768w, https:\/\/www.diarioimagen.net\/wp-content\/uploads\/2024\/12\/PAG-EDOMEX-1-ok-3.jpg 1500w\" sizes=\"auto, (max-width: 405px) 100vw, 405px\" \/><p id=\"caption-attachment-642221\" class=\"wp-caption-text\">En el gobierno de Delfina G\u00f3mez se han entregado 6 mil 117 basificaciones al personal del sector educativo, a las que se suman las 3 mil 908 entregadas el mi\u00e9rcoles al Subsistema Educativo Federalizado, para hacer un total de 10 mil 025 plazas.<\/p><\/div>\n<p>&nbsp;<\/p>\n<p>Zinacantepec, Estado de M\u00e9xico.- Durante la administraci\u00f3n de la gobernadora Delfina G\u00f3mez \u00c1lvarez se han entregado 6 mil 117 basificaciones al personal docente y administrativo del sector educativo, a las que se suman las 3 mil 908 entregadas el pasado mi\u00e9rcoles al Subsistema Educativo Federalizado, para hacer un total de 10 mil 025 plazas basificadas.<\/p>\n<p>\u201cHoy efectivamente se hacen entrega de m\u00e1s de 3 mil basificaciones para beneficio de 2 mil 647 docentes del Valle de Toluca. \u00c9ste es un acto, insisto, de justicia social y de reivindicaci\u00f3n que busca consolidar lo que pretende la Nueva Escuela Mexicana que inici\u00f3 con nuestro querido Presidente, el Licenciado Andr\u00e9s Manuel L\u00f3pez Obrador, y que hoy contin\u00faa con la Presidenta, la Doctora Claudia Sheinbaum\u201d, se\u00f1al\u00f3 la Gobernadora Delfina G\u00f3mez \u00c1lvarez.<\/p>\n<p>La Gobernadora Delfina G\u00f3mez \u00c1lvarez refrend\u00f3 el compromiso de dignificar la labor que realizan las y los educadores; indic\u00f3 que gracias a ellos la transformaci\u00f3n del Estado de M\u00e9xico y del pa\u00eds contin\u00faa creando una sociedad m\u00e1s justa y equitativa.<\/p>\n<p>\u201cVengo a ratificar el compromiso, no duden que el Gobierno del Estado de M\u00e9xico seguir\u00e1 apoyando, y aprovecho para hacer ese reconocimiento porque no es un logro de la Gobernadora, es un logro de un equipo de trabajo\u201d, se\u00f1al\u00f3 la Gobernadora Delfina G\u00f3mez \u00c1lvarez.<\/p>\n<p>Por su parte, Miguel \u00c1ngel Hern\u00e1ndez Espejel, Secretario de Educaci\u00f3n, Ciencia, Tecnolog\u00eda e Innovaci\u00f3n, reconoci\u00f3 el trabajo de las y los docentes mexiquenses bajo liderazgo de la Gobernadora Delfina G\u00f3mez \u00c1lvarez, quien impulsa pol\u00edticas p\u00fablicas transformadoras.<\/p>\n<p>Entre \u00e9stas, mencion\u00f3 la rehabilitaci\u00f3n de m\u00e1s de 600 escuelas y la entrega de m\u00e1s de 113 mil \u00abBecas para el Bienestar por Aprovechamiento Acad\u00e9mico\u00bb; adem\u00e1s, m\u00e1s de 2.9 millones de estudiantes de preescolar, primaria y secundaria han recibido libros de texto gratuitos y \u201c\u00datiles Escolares para el Bienestar\u201d.<\/p>\n<p>Asimismo, M\u00f3nica Guadalupe Nieto Ibis, Profesora de Secundaria, agradeci\u00f3 a la Gobernadora Delfina G\u00f3mez \u00c1lvarez por este reconocimiento, por el que esper\u00f3 27 a\u00f1os de servicio: \u201cGobernadora, much\u00edsimas gracias, espero que todos los compa\u00f1eros j\u00f3venes logren este reconocimiento, esta basificaci\u00f3n, le agradezco su servicio a todos nosotros, que contin\u00fae siendo tan sencilla y siga siendo una Gobernadora de altura\u201d.<\/p>\n","protected":false},"excerpt":{"rendered":"<p>&nbsp; &nbsp; Zinacantepec, Estado de M\u00e9xico.- Durante la administraci\u00f3n de la gobernadora Delfina G\u00f3mez \u00c1lvarez se han entregado 6 mil 117 basificaciones al personal docente y administrativo del sector educativo, a las que se suman las 3 mil 908 entregadas el pasado mi\u00e9rcoles al Subsistema Educativo Federalizado, para hacer un total de 10 mil 025 [&hellip;]<\/p>\n","protected":false},"author":12,"featured_media":642221,"comment_status":"open","ping_status":"open","sticky":false,"template":"","format":"standard","meta":{"_monsterinsights_skip_tracking":false,"_monsterinsights_sitenote_active":false,"_monsterinsights_sitenote_note":"","_monsterinsights_sitenote_category":0,"footnotes":""},"categories":[5],"tags":[],"class_list":["post-642220","post","type-post","status-publish","format-standard","has-post-thumbnail","hentry","category-estado-de-mexico"],"_links":{"self":[{"href":"https:\/\/www.diarioimagen.net\/index.php?rest_route=\/wp\/v2\/posts\/642220","targetHints":{"allow":["GET"]}}],"collection":[{"href":"https:\/\/www.diarioimagen.net\/index.php?rest_route=\/wp\/v2\/posts"}],"about":[{"href":"https:\/\/www.diarioimagen.net\/index.php?rest_route=\/wp\/v2\/types\/post"}],"author":[{"embeddable":true,"href":"https:\/\/www.diarioimagen.net\/index.php?rest_route=\/wp\/v2\/users\/12"}],"replies":[{"embeddable":true,"href":"https:\/\/www.diarioimagen.net\/index.php?rest_route=%2Fwp%2Fv2%2Fcomments&post=642220"}],"version-history":[{"count":1,"href":"https:\/\/www.diarioimagen.net\/index.php?rest_route=\/wp\/v2\/posts\/642220\/revisions"}],"predecessor-version":[{"id":642222,"href":"https:\/\/www.diarioimagen.net\/index.php?rest_route=\/wp\/v2\/posts\/642220\/revisions\/642222"}],"wp:featuredmedia":[{"embeddable":true,"href":"https:\/\/www.diarioimagen.net\/index.php?rest_route=\/wp\/v2\/media\/642221"}],"wp:attachment":[{"href":"https:\/\/www.diarioimagen.net\/index.php?rest_route=%2Fwp%2Fv2%2Fmedia&parent=642220"}],"wp:term":[{"taxonomy":"category","embeddable":true,"href":"https:\/\/www.diarioimagen.net\/index.php?rest_route=%2Fwp%2Fv2%2Fcategories&post=642220"},{"taxonomy":"post_tag","embeddable":true,"href":"https:\/\/www.diarioimagen.net\/index.php?rest_route=%2Fwp%2Fv2%2Ftags&post=642220"}],"curies":[{"name":"wp","href":"https:\/\/api.w.org\/{rel}","templated":true}]}}