{"id":642275,"date":"2024-12-09T00:09:16","date_gmt":"2024-12-09T06:09:16","guid":{"rendered":"https:\/\/www.diarioimagen.net\/?p=642275"},"modified":"2024-12-08T21:42:41","modified_gmt":"2024-12-09T03:42:41","slug":"unen-esfuerzos-en-edomex-para-ofrecer-oportunidades-a-las-mujeres-encarceladas","status":"publish","type":"post","link":"https:\/\/www.diarioimagen.net\/?p=642275","title":{"rendered":"Unen esfuerzos en Edomex para ofrecer  oportunidades a las mujeres encarceladas"},"content":{"rendered":"<p>&nbsp;<\/p>\n<div id=\"attachment_642269\" style=\"width: 415px\" class=\"wp-caption aligncenter\"><img loading=\"lazy\" decoding=\"async\" aria-describedby=\"caption-attachment-642269\" class=\"wp-image-642269 size-large\" src=\"https:\/\/www.diarioimagen.net\/wp-content\/uploads\/2024\/12\/EDOMEX-1-ok-405x270.jpg\" alt=\"\" width=\"405\" height=\"270\" srcset=\"https:\/\/www.diarioimagen.net\/wp-content\/uploads\/2024\/12\/EDOMEX-1-ok-405x270.jpg 405w, https:\/\/www.diarioimagen.net\/wp-content\/uploads\/2024\/12\/EDOMEX-1-ok-240x160.jpg 240w, https:\/\/www.diarioimagen.net\/wp-content\/uploads\/2024\/12\/EDOMEX-1-ok-768x511.jpg 768w, https:\/\/www.diarioimagen.net\/wp-content\/uploads\/2024\/12\/EDOMEX-1-ok.jpg 1500w\" sizes=\"auto, (max-width: 405px) 100vw, 405px\" \/><p id=\"caption-attachment-642269\" class=\"wp-caption-text\">La titular de SeMujeres, M\u00f3nica Ch\u00e1vez, firm\u00f3 un convenio de colaboraci\u00f3n con el Consejo de C\u00e1maras y Asociaciones Empresariales del Estado de M\u00e9xico para brindar oportunidades de reinserci\u00f3n a mujeres liberdas.<\/p><\/div>\n<p>&nbsp;<\/p>\n<p>Toluca, Estado de M\u00e9xico.- Para desarrollar las capacidades econ\u00f3micas y productivas de las mujeres en situaci\u00f3n de reclusi\u00f3n, la Secretar\u00eda de las Mujeres (SeMujeres) firm\u00f3 un convenio de colaboraci\u00f3n para vincularlas con las 60 c\u00e1maras empresariales que integran el Consejo de C\u00e1maras y Asociaciones Empresariales del Estado de M\u00e9xico (CONCAEM), y facilitar su acceso a posibles vacantes de trabajo como parte de los objetivos de inclusi\u00f3n social.<\/p>\n<p>M\u00f3nica Ch\u00e1vez Dur\u00e1n, Secretaria de las Mujeres, indic\u00f3 que el compromiso del Gobierno del Estado de M\u00e9xico, a cargo de la maestra Delfina G\u00f3mez \u00c1lvarez, a trav\u00e9s de la instancia a su cargo ser\u00e1 identificar a las mujeres liberadas o en proceso de preliberaci\u00f3n.<\/p>\n<p>Adem\u00e1s de brindar capacitaciones en igualdad y prevenci\u00f3n de la violencia contra las mujeres al personal directivo y operativo de las empresas; y proporcionar informaci\u00f3n sobre los servicios multidisciplinarios que ofrece la SeMujeres para su difusi\u00f3n al interior de las mismas.<\/p>\n<p>Al mencionar que la poblaci\u00f3n de mujeres en los Centros Penitenciarios y de Reinserci\u00f3n Social del Estado de M\u00e9xico asciende a 2 mil 469 personas, asever\u00f3 que una de las principales dificultades que enfrentan es la falta de redes de apoyo, debido a factores como la lejan\u00eda de sus familias, escasos recursos econ\u00f3micos y los prejuicios sociales que viven al recibir visitas.<\/p>\n<p>Agreg\u00f3 que un estudio de la Universidad Nacional Aut\u00f3noma de M\u00e9xico (UNAM) de 2023 revela que el 80 por ciento de las mujeres privadas de la libertad est\u00e1n abandonadas por sus familiares y amigos, lo que afecta gravemente su bienestar emocional y psicol\u00f3gico.<\/p>\n<p>A esto se suma que los Centros Penitenciarios est\u00e1n dise\u00f1ados principalmente para hombres, lo que ignora las necesidades espec\u00edficas de las mujeres, especialmente en cuanto a salud y reinserci\u00f3n social.<\/p>\n<p>\u201cAnte estas realidades, las instituciones que integramos el Gobierno del Estado de M\u00e9xico estamos poniendo en el centro de nuestras agendas los derechos de las mujeres en situaci\u00f3n de reclusi\u00f3n, particularmente promoviendo la igualdad de oportunidades y su inclusi\u00f3n social y econ\u00f3mica\u201d, dijo M\u00f3nica Ch\u00e1vez Dur\u00e1n.<\/p>\n<p>Como parte de esta iniciativa, en coordinaci\u00f3n con la Consejer\u00eda Jur\u00eddica del Estado de M\u00e9xico, se han liberado a 21 mujeres de diferentes Centros de Prevenci\u00f3n y Reinserci\u00f3n Social, que cumplen con los requisitos legales para los beneficios preliberatorios. Esta estrategia interinstitucional les proporciona herramientas para reinsertarse exitosamente en la sociedad y acceder a un empleo digno.<\/p>\n","protected":false},"excerpt":{"rendered":"<p>&nbsp; &nbsp; Toluca, Estado de M\u00e9xico.- Para desarrollar las capacidades econ\u00f3micas y productivas de las mujeres en situaci\u00f3n de reclusi\u00f3n, la Secretar\u00eda de las Mujeres (SeMujeres) firm\u00f3 un convenio de colaboraci\u00f3n para vincularlas con las 60 c\u00e1maras empresariales que integran el Consejo de C\u00e1maras y Asociaciones Empresariales del Estado de M\u00e9xico (CONCAEM), y facilitar su [&hellip;]<\/p>\n","protected":false},"author":12,"featured_media":642269,"comment_status":"open","ping_status":"open","sticky":false,"template":"","format":"standard","meta":{"_monsterinsights_skip_tracking":false,"_monsterinsights_sitenote_active":false,"_monsterinsights_sitenote_note":"","_monsterinsights_sitenote_category":0,"footnotes":""},"categories":[5],"tags":[],"class_list":["post-642275","post","type-post","status-publish","format-standard","has-post-thumbnail","hentry","category-estado-de-mexico"],"_links":{"self":[{"href":"https:\/\/www.diarioimagen.net\/index.php?rest_route=\/wp\/v2\/posts\/642275","targetHints":{"allow":["GET"]}}],"collection":[{"href":"https:\/\/www.diarioimagen.net\/index.php?rest_route=\/wp\/v2\/posts"}],"about":[{"href":"https:\/\/www.diarioimagen.net\/index.php?rest_route=\/wp\/v2\/types\/post"}],"author":[{"embeddable":true,"href":"https:\/\/www.diarioimagen.net\/index.php?rest_route=\/wp\/v2\/users\/12"}],"replies":[{"embeddable":true,"href":"https:\/\/www.diarioimagen.net\/index.php?rest_route=%2Fwp%2Fv2%2Fcomments&post=642275"}],"version-history":[{"count":1,"href":"https:\/\/www.diarioimagen.net\/index.php?rest_route=\/wp\/v2\/posts\/642275\/revisions"}],"predecessor-version":[{"id":642276,"href":"https:\/\/www.diarioimagen.net\/index.php?rest_route=\/wp\/v2\/posts\/642275\/revisions\/642276"}],"wp:featuredmedia":[{"embeddable":true,"href":"https:\/\/www.diarioimagen.net\/index.php?rest_route=\/wp\/v2\/media\/642269"}],"wp:attachment":[{"href":"https:\/\/www.diarioimagen.net\/index.php?rest_route=%2Fwp%2Fv2%2Fmedia&parent=642275"}],"wp:term":[{"taxonomy":"category","embeddable":true,"href":"https:\/\/www.diarioimagen.net\/index.php?rest_route=%2Fwp%2Fv2%2Fcategories&post=642275"},{"taxonomy":"post_tag","embeddable":true,"href":"https:\/\/www.diarioimagen.net\/index.php?rest_route=%2Fwp%2Fv2%2Ftags&post=642275"}],"curies":[{"name":"wp","href":"https:\/\/api.w.org\/{rel}","templated":true}]}}