{"id":642358,"date":"2024-12-10T00:10:54","date_gmt":"2024-12-10T06:10:54","guid":{"rendered":"https:\/\/www.diarioimagen.net\/?p=642358"},"modified":"2024-12-09T23:52:58","modified_gmt":"2024-12-10T05:52:58","slug":"protestas-en-el-hospital-regional-de-alta-especialidad-de-ixtapaluca-por-el-desbasto-de-medicamentos-e-insumos","status":"publish","type":"post","link":"https:\/\/www.diarioimagen.net\/?p=642358","title":{"rendered":"Protestas en el Hospital  Regional de Alta Especialidad  de Ixtapaluca por el desbasto  de medicamentos e insumos"},"content":{"rendered":"<p>&nbsp;<\/p>\n<p><img loading=\"lazy\" decoding=\"async\" class=\"aligncenter wp-image-642359 size-large\" src=\"https:\/\/www.diarioimagen.net\/wp-content\/uploads\/2024\/12\/EDOMEX-2-ok-405x270.jpg\" alt=\"\" width=\"405\" height=\"270\" srcset=\"https:\/\/www.diarioimagen.net\/wp-content\/uploads\/2024\/12\/EDOMEX-2-ok-405x270.jpg 405w, https:\/\/www.diarioimagen.net\/wp-content\/uploads\/2024\/12\/EDOMEX-2-ok-240x160.jpg 240w, https:\/\/www.diarioimagen.net\/wp-content\/uploads\/2024\/12\/EDOMEX-2-ok-768x512.jpg 768w, https:\/\/www.diarioimagen.net\/wp-content\/uploads\/2024\/12\/EDOMEX-2-ok.jpg 1500w\" sizes=\"auto, (max-width: 405px) 100vw, 405px\" \/><\/p>\n<p>&nbsp;<\/p>\n<p>El Hospital Regional de Alta Especialidad de Ixtapaluca (HRAEI) enfrenta desabasto de medicamentos e insumos m\u00e9dicos, as\u00ed como la falta de pago para colaboradores m\u00e9dicos y falta de recursos para atender a pacientes, por lo que trabajadores denuncian a los directivos como responsables.<\/p>\n<p>&nbsp;<\/p>\n<p>Ante esta situaci\u00f3n, el personal m\u00e9dico del HRAEI ha declarado trabajar \u201cbajo protesta\u201d debido a la falta de materiales para realizar cirug\u00edas y brindar atenci\u00f3n adecuada, pues denuncian que pacientes referidos desde otros hospitales no pueden ser atendidos por la escasez de insumos.<\/p>\n<p>A pesar de las dificultades, el personal m\u00e9dico reitera su compromiso con la atenci\u00f3n m\u00e9dica y los derechos de los pacientes.<\/p>\n<p>Las denuncias exigen una intervenci\u00f3n inmediata de las autoridades para solucionar el desabasto, mejorar la administraci\u00f3n del hospital y garantizar la seguridad tanto de los pacientes como del personal m\u00e9dico.<\/p>\n","protected":false},"excerpt":{"rendered":"<p>&nbsp; &nbsp; El Hospital Regional de Alta Especialidad de Ixtapaluca (HRAEI) enfrenta desabasto de medicamentos e insumos m\u00e9dicos, as\u00ed como la falta de pago para colaboradores m\u00e9dicos y falta de recursos para atender a pacientes, por lo que trabajadores denuncian a los directivos como responsables. &nbsp; Ante esta situaci\u00f3n, el personal m\u00e9dico del HRAEI ha [&hellip;]<\/p>\n","protected":false},"author":12,"featured_media":642359,"comment_status":"open","ping_status":"open","sticky":false,"template":"","format":"standard","meta":{"_monsterinsights_skip_tracking":false,"_monsterinsights_sitenote_active":false,"_monsterinsights_sitenote_note":"","_monsterinsights_sitenote_category":0,"footnotes":""},"categories":[5],"tags":[],"class_list":["post-642358","post","type-post","status-publish","format-standard","has-post-thumbnail","hentry","category-estado-de-mexico"],"_links":{"self":[{"href":"https:\/\/www.diarioimagen.net\/index.php?rest_route=\/wp\/v2\/posts\/642358","targetHints":{"allow":["GET"]}}],"collection":[{"href":"https:\/\/www.diarioimagen.net\/index.php?rest_route=\/wp\/v2\/posts"}],"about":[{"href":"https:\/\/www.diarioimagen.net\/index.php?rest_route=\/wp\/v2\/types\/post"}],"author":[{"embeddable":true,"href":"https:\/\/www.diarioimagen.net\/index.php?rest_route=\/wp\/v2\/users\/12"}],"replies":[{"embeddable":true,"href":"https:\/\/www.diarioimagen.net\/index.php?rest_route=%2Fwp%2Fv2%2Fcomments&post=642358"}],"version-history":[{"count":1,"href":"https:\/\/www.diarioimagen.net\/index.php?rest_route=\/wp\/v2\/posts\/642358\/revisions"}],"predecessor-version":[{"id":642360,"href":"https:\/\/www.diarioimagen.net\/index.php?rest_route=\/wp\/v2\/posts\/642358\/revisions\/642360"}],"wp:featuredmedia":[{"embeddable":true,"href":"https:\/\/www.diarioimagen.net\/index.php?rest_route=\/wp\/v2\/media\/642359"}],"wp:attachment":[{"href":"https:\/\/www.diarioimagen.net\/index.php?rest_route=%2Fwp%2Fv2%2Fmedia&parent=642358"}],"wp:term":[{"taxonomy":"category","embeddable":true,"href":"https:\/\/www.diarioimagen.net\/index.php?rest_route=%2Fwp%2Fv2%2Fcategories&post=642358"},{"taxonomy":"post_tag","embeddable":true,"href":"https:\/\/www.diarioimagen.net\/index.php?rest_route=%2Fwp%2Fv2%2Ftags&post=642358"}],"curies":[{"name":"wp","href":"https:\/\/api.w.org\/{rel}","templated":true}]}}