{"id":642411,"date":"2024-12-11T00:10:08","date_gmt":"2024-12-11T06:10:08","guid":{"rendered":"https:\/\/www.diarioimagen.net\/?p=642411"},"modified":"2024-12-10T21:11:17","modified_gmt":"2024-12-11T03:11:17","slug":"aprueban-diputados-dar-mas-beneficios-a-repartidores-de-plataformas-digitales","status":"publish","type":"post","link":"https:\/\/www.diarioimagen.net\/?p=642411","title":{"rendered":"Aprueban diputados dar m\u00e1s beneficios  a repartidores de plataformas digitales"},"content":{"rendered":"<p>&nbsp;<\/p>\n<div id=\"attachment_642412\" style=\"width: 442px\" class=\"wp-caption aligncenter\"><img loading=\"lazy\" decoding=\"async\" aria-describedby=\"caption-attachment-642412\" class=\"wp-image-642412 size-large\" src=\"https:\/\/www.diarioimagen.net\/wp-content\/uploads\/2024\/12\/REPARTIDORES-432x270.jpeg\" alt=\"\" width=\"432\" height=\"270\" srcset=\"https:\/\/www.diarioimagen.net\/wp-content\/uploads\/2024\/12\/REPARTIDORES-432x270.jpeg 432w, https:\/\/www.diarioimagen.net\/wp-content\/uploads\/2024\/12\/REPARTIDORES-240x150.jpeg 240w, https:\/\/www.diarioimagen.net\/wp-content\/uploads\/2024\/12\/REPARTIDORES-768x480.jpeg 768w, https:\/\/www.diarioimagen.net\/wp-content\/uploads\/2024\/12\/REPARTIDORES.jpeg 1140w\" sizes=\"auto, (max-width: 432px) 100vw, 432px\" \/><p id=\"caption-attachment-642412\" class=\"wp-caption-text\">La C\u00e1mara de Diputados aprob\u00f3 en lo general la iniciativa de la presidenta Claudia Sheinbaum que establece una regulaci\u00f3n a las plataformas digitales que prestan servicio de transporte de personas o entrega de alimentos.<\/p><\/div>\n<p>&nbsp;<\/p>\n<p>La C\u00e1mara de Diputados aprob\u00f3 este martes, en lo general, el\u00a0 proyecto de reformas a la Ley Federal del Trabajo para garantizar los derechos laborales y de seguridad social a cerca de 650 mil trabajadores de plataformas digitales como Uber, DiDi y Rappi.<\/p>\n<p>&nbsp;<\/p>\n<p>Al fundamentar el proyecto en tribuna, la legisladora morenista Maiella G\u00f3mez subray\u00f3 la necesidad de la reforma, pues, dijo, m\u00e1s de 650 mil trabajadores mexicanos en dicho sector laboran al margen de la Ley Federal del Trabajo, sin seguridad social, atenci\u00f3n m\u00e9dica, acceso a vivienda, protecci\u00f3n ante despidos injustificados, jubilaci\u00f3n ni seguros de riesgos de trabajo.<\/p>\n<p>&nbsp;<\/p>\n<p>Las reformas propuestas por la presidenta Claudia Sheinbaum prev\u00e9n la inscripci\u00f3n de los trabajadores de las plataformas digitales al r\u00e9gimen obligatorio de Seguridad Social y al Infonavit, as\u00ed como el pago de aguinaldo y reparto de utilidades.<\/p>\n<p>&nbsp;<\/p>\n<p>Definen como persona trabajadora de plataformas digitales a quien preste servicios personales remunerados y subordinados bajo el mando o supervisi\u00f3n de una persona f\u00edsica o moral que ofrece servicios a terceros a trav\u00e9s de una plataforma digital y genera ingresos netos mensuales equivalentes a por lo menos un salario m\u00ednimo mensual de la Ciudad de M\u00e9xico.<\/p>\n","protected":false},"excerpt":{"rendered":"<p>&nbsp; &nbsp; La C\u00e1mara de Diputados aprob\u00f3 este martes, en lo general, el\u00a0 proyecto de reformas a la Ley Federal del Trabajo para garantizar los derechos laborales y de seguridad social a cerca de 650 mil trabajadores de plataformas digitales como Uber, DiDi y Rappi. &nbsp; Al fundamentar el proyecto en tribuna, la legisladora morenista [&hellip;]<\/p>\n","protected":false},"author":12,"featured_media":642412,"comment_status":"open","ping_status":"open","sticky":false,"template":"","format":"standard","meta":{"_monsterinsights_skip_tracking":false,"_monsterinsights_sitenote_active":false,"_monsterinsights_sitenote_note":"","_monsterinsights_sitenote_category":0,"footnotes":""},"categories":[8],"tags":[],"class_list":["post-642411","post","type-post","status-publish","format-standard","has-post-thumbnail","hentry","category-finanzas"],"_links":{"self":[{"href":"https:\/\/www.diarioimagen.net\/index.php?rest_route=\/wp\/v2\/posts\/642411","targetHints":{"allow":["GET"]}}],"collection":[{"href":"https:\/\/www.diarioimagen.net\/index.php?rest_route=\/wp\/v2\/posts"}],"about":[{"href":"https:\/\/www.diarioimagen.net\/index.php?rest_route=\/wp\/v2\/types\/post"}],"author":[{"embeddable":true,"href":"https:\/\/www.diarioimagen.net\/index.php?rest_route=\/wp\/v2\/users\/12"}],"replies":[{"embeddable":true,"href":"https:\/\/www.diarioimagen.net\/index.php?rest_route=%2Fwp%2Fv2%2Fcomments&post=642411"}],"version-history":[{"count":1,"href":"https:\/\/www.diarioimagen.net\/index.php?rest_route=\/wp\/v2\/posts\/642411\/revisions"}],"predecessor-version":[{"id":642413,"href":"https:\/\/www.diarioimagen.net\/index.php?rest_route=\/wp\/v2\/posts\/642411\/revisions\/642413"}],"wp:featuredmedia":[{"embeddable":true,"href":"https:\/\/www.diarioimagen.net\/index.php?rest_route=\/wp\/v2\/media\/642412"}],"wp:attachment":[{"href":"https:\/\/www.diarioimagen.net\/index.php?rest_route=%2Fwp%2Fv2%2Fmedia&parent=642411"}],"wp:term":[{"taxonomy":"category","embeddable":true,"href":"https:\/\/www.diarioimagen.net\/index.php?rest_route=%2Fwp%2Fv2%2Fcategories&post=642411"},{"taxonomy":"post_tag","embeddable":true,"href":"https:\/\/www.diarioimagen.net\/index.php?rest_route=%2Fwp%2Fv2%2Ftags&post=642411"}],"curies":[{"name":"wp","href":"https:\/\/api.w.org\/{rel}","templated":true}]}}