{"id":642414,"date":"2024-12-11T00:10:01","date_gmt":"2024-12-11T06:10:01","guid":{"rendered":"https:\/\/www.diarioimagen.net\/?p=642414"},"modified":"2024-12-10T21:17:26","modified_gmt":"2024-12-11T03:17:26","slug":"apoya-gem-a-estudiantes-de-ingenieria-de-la-universidad-politecnica-de-atlacomulco-2","status":"publish","type":"post","link":"https:\/\/www.diarioimagen.net\/?p=642414","title":{"rendered":"Apoya GEM a estudiantes de Ingenier\u00eda de la Universidad Polit\u00e9cnica de Atlacomulco"},"content":{"rendered":"<p>&nbsp;<\/p>\n<div id=\"attachment_642416\" style=\"width: 415px\" class=\"wp-caption aligncenter\"><img loading=\"lazy\" decoding=\"async\" aria-describedby=\"caption-attachment-642416\" class=\"wp-image-642416 size-large\" src=\"https:\/\/www.diarioimagen.net\/wp-content\/uploads\/2024\/12\/BECARIOS-1-ok-1-405x270.jpg\" alt=\"\" width=\"405\" height=\"270\" srcset=\"https:\/\/www.diarioimagen.net\/wp-content\/uploads\/2024\/12\/BECARIOS-1-ok-1-405x270.jpg 405w, https:\/\/www.diarioimagen.net\/wp-content\/uploads\/2024\/12\/BECARIOS-1-ok-1-240x160.jpg 240w, https:\/\/www.diarioimagen.net\/wp-content\/uploads\/2024\/12\/BECARIOS-1-ok-1-768x511.jpg 768w, https:\/\/www.diarioimagen.net\/wp-content\/uploads\/2024\/12\/BECARIOS-1-ok-1.jpg 1500w\" sizes=\"auto, (max-width: 405px) 100vw, 405px\" \/><p id=\"caption-attachment-642416\" class=\"wp-caption-text\">El Programa Becas Viajes al Extranjero para el Bienestar, impulsado por la gobernadora Delfina G\u00f3mez, ofrece oportunidades de crecimiento y desarrollo a las y los alumnos de instituciones de Educaci\u00f3n Superior, para fortalecer su formaci\u00f3n profesional.<\/p><\/div>\n<p>&nbsp;<\/p>\n<p><strong>Atlacomulco<\/strong>, Estado de M\u00e9xico.- Israel Miguel Benjam\u00edn, alumno de Ingenier\u00eda en Sistemas Computacionales de la Universidad Polit\u00e9cnica de Atlacomulco (UPA) y beneficiario del Programa Becas Viajes al Extranjero para el Bienestar, puesto en marcha por la gobernadora Delfina G\u00f3mez \u00c1lvarez, dijo estar listo para aportar al desarrollo del Estado de M\u00e9xico, despu\u00e9s de su experiencia acad\u00e9mica en Noruega.<\/p>\n<p>&nbsp;<\/p>\n<p>\u201cAntes de irme de M\u00e9xico, de la Universidad, mi sentir era terminar la Ingenier\u00eda y conseguir un trabajo, y ahora con todas las perspectivas nuevas que he tenido, me gustar\u00eda estudiar una maestr\u00eda en el extranjero, aportar\u00eda much\u00edsimo m\u00e1s, no s\u00f3lo a mi conocimiento sino tambi\u00e9n a los proyectos que pueda desarrollar y traerlos al Estado de M\u00e9xico, a mi Universidad, a mi comunidad\u201d, expres\u00f3 Israel, quien viaj\u00f3 a Noruega para seguir con su preparaci\u00f3n profesional.<\/p>\n<p>&nbsp;<\/p>\n<p>Los ocho becarios que concluyeron su estancia en la Universidad del \u00c1rtico de Noruega (UIT) aprendieron a documentar y analizar datos de procesos industriales, lo que les permiti\u00f3 fortalecer sus habilidades en programaci\u00f3n y pensamiento l\u00f3gico matem\u00e1tico mediante la soluci\u00f3n de proyectos basados en retos, adem\u00e1s de adquirir conocimientos en ingl\u00e9s como segundo idioma.<\/p>\n<p>&nbsp;<\/p>\n<p>Al referirse al beneficio personal de estudiar en el extranjero, Juan Pablo Guadarrama Oliva, alumno de la carrera de Ingenier\u00eda en Tecnolog\u00edas de Manufactura, coment\u00f3: \u201ccreo que siento un poco m\u00e1s en confianza conmigo mismo por la experiencia, tambi\u00e9n me siento m\u00e1s motivado porque cuando reci\u00e9n ingres\u00e9 a la carrera nunca cre\u00ed que llegar\u00eda a irme as\u00ed de lejos. Estando all\u00e1 tuve que hablar, expresarme m\u00e1s, conocer m\u00e1s gente, entonces me siento un poco m\u00e1s impulsado a tener iniciativa para hacer muchas cosas nuevas\u201d.<\/p>\n<p>&nbsp;<\/p>\n<p>El Programa Becas Viajes al Extranjero para el Bienestar ofrece oportunidades de crecimiento y desarrollo a las y los alumnos de instituciones de Educaci\u00f3n Superior, para fortalecer su formaci\u00f3n profesional, este a\u00f1o se beneficiar\u00e1 a 400 estudiantes de 77 municipios que cursan los \u00faltimos semestres y tienen un promedio m\u00ednimo de 8.5 desde que iniciaron su carrera.<\/p>\n<p>&nbsp;<\/p>\n<p>\u201cEllos tienen una cita pendiente con toda la comunidad universitaria, en donde ellos les van a platicar qu\u00e9 hicieron y c\u00f3mo regresaron porque ya no vienen con la misma visi\u00f3n del mundo, y eso es lo que a nosotros nos pone la piel de gallina, porque esperamos que las dem\u00e1s generaciones lo van a aprovechar muy bien\u201d, afirm\u00f3 Ver\u00f3nica Mart\u00ednez Blas, acad\u00e9mica y responsable del Departamento de Idiomas e Internacionalizaci\u00f3n de la UPA.<\/p>\n<p>&nbsp;<\/p>\n<p>Antes del viaje a Noruega, la UPA firm\u00f3 un convenio de colaboraci\u00f3n con la UIT, lo que permitir\u00e1 a los estudiantes que hicieron su estancia de cuatro semanas en Europa, realizar una maestr\u00eda en la misma universidad de Noruega, como es su deseo.<\/p>\n","protected":false},"excerpt":{"rendered":"<p>&nbsp; &nbsp; Atlacomulco, Estado de M\u00e9xico.- Israel Miguel Benjam\u00edn, alumno de Ingenier\u00eda en Sistemas Computacionales de la Universidad Polit\u00e9cnica de Atlacomulco (UPA) y beneficiario del Programa Becas Viajes al Extranjero para el Bienestar, puesto en marcha por la gobernadora Delfina G\u00f3mez \u00c1lvarez, dijo estar listo para aportar al desarrollo del Estado de M\u00e9xico, despu\u00e9s de [&hellip;]<\/p>\n","protected":false},"author":12,"featured_media":642416,"comment_status":"open","ping_status":"open","sticky":false,"template":"","format":"standard","meta":{"_monsterinsights_skip_tracking":false,"_monsterinsights_sitenote_active":false,"_monsterinsights_sitenote_note":"","_monsterinsights_sitenote_category":0,"footnotes":""},"categories":[5],"tags":[],"class_list":["post-642414","post","type-post","status-publish","format-standard","has-post-thumbnail","hentry","category-estado-de-mexico"],"_links":{"self":[{"href":"https:\/\/www.diarioimagen.net\/index.php?rest_route=\/wp\/v2\/posts\/642414","targetHints":{"allow":["GET"]}}],"collection":[{"href":"https:\/\/www.diarioimagen.net\/index.php?rest_route=\/wp\/v2\/posts"}],"about":[{"href":"https:\/\/www.diarioimagen.net\/index.php?rest_route=\/wp\/v2\/types\/post"}],"author":[{"embeddable":true,"href":"https:\/\/www.diarioimagen.net\/index.php?rest_route=\/wp\/v2\/users\/12"}],"replies":[{"embeddable":true,"href":"https:\/\/www.diarioimagen.net\/index.php?rest_route=%2Fwp%2Fv2%2Fcomments&post=642414"}],"version-history":[{"count":1,"href":"https:\/\/www.diarioimagen.net\/index.php?rest_route=\/wp\/v2\/posts\/642414\/revisions"}],"predecessor-version":[{"id":642417,"href":"https:\/\/www.diarioimagen.net\/index.php?rest_route=\/wp\/v2\/posts\/642414\/revisions\/642417"}],"wp:featuredmedia":[{"embeddable":true,"href":"https:\/\/www.diarioimagen.net\/index.php?rest_route=\/wp\/v2\/media\/642416"}],"wp:attachment":[{"href":"https:\/\/www.diarioimagen.net\/index.php?rest_route=%2Fwp%2Fv2%2Fmedia&parent=642414"}],"wp:term":[{"taxonomy":"category","embeddable":true,"href":"https:\/\/www.diarioimagen.net\/index.php?rest_route=%2Fwp%2Fv2%2Fcategories&post=642414"},{"taxonomy":"post_tag","embeddable":true,"href":"https:\/\/www.diarioimagen.net\/index.php?rest_route=%2Fwp%2Fv2%2Ftags&post=642414"}],"curies":[{"name":"wp","href":"https:\/\/api.w.org\/{rel}","templated":true}]}}