{"id":642418,"date":"2024-12-11T00:10:53","date_gmt":"2024-12-11T06:10:53","guid":{"rendered":"https:\/\/www.diarioimagen.net\/?p=642418"},"modified":"2024-12-10T21:18:56","modified_gmt":"2024-12-11T03:18:56","slug":"fortalecen-el-programa-para-la-sustitucion-de-taxis-en-el-edomex","status":"publish","type":"post","link":"https:\/\/www.diarioimagen.net\/?p=642418","title":{"rendered":"Fortalecen el programa para la  sustituci\u00f3n de taxis en el Edomex"},"content":{"rendered":"<p>&nbsp;<\/p>\n<div id=\"attachment_642419\" style=\"width: 415px\" class=\"wp-caption aligncenter\"><img loading=\"lazy\" decoding=\"async\" aria-describedby=\"caption-attachment-642419\" class=\"wp-image-642419 size-large\" src=\"https:\/\/www.diarioimagen.net\/wp-content\/uploads\/2024\/12\/EDOMEX-2-OK-1-405x270.jpg\" alt=\"\" width=\"405\" height=\"270\" srcset=\"https:\/\/www.diarioimagen.net\/wp-content\/uploads\/2024\/12\/EDOMEX-2-OK-1-405x270.jpg 405w, https:\/\/www.diarioimagen.net\/wp-content\/uploads\/2024\/12\/EDOMEX-2-OK-1-240x160.jpg 240w, https:\/\/www.diarioimagen.net\/wp-content\/uploads\/2024\/12\/EDOMEX-2-OK-1-768x513.jpg 768w, https:\/\/www.diarioimagen.net\/wp-content\/uploads\/2024\/12\/EDOMEX-2-OK-1.jpg 1500w\" sizes=\"auto, (max-width: 405px) 100vw, 405px\" \/><p id=\"caption-attachment-642419\" class=\"wp-caption-text\">El Gobierno de la maestra Delfina G\u00f3mez \u00c1lvarez, a trav\u00e9s de la Secretar\u00eda de Movilidad (Semov), sostuvo un encuentro con representantes del Kreditanstalt f\u00fcr Wiederaufbau (KFW-Banco de Desarrollo del Estado de la Rep\u00fablica Federal de Alemania).<\/p><\/div>\n<p>&nbsp;<\/p>\n<p>Toluca, Estado de M\u00e9xico.- Para continuar con el proceso de transformaci\u00f3n de la movilidad y fortalecer el programa de sustituci\u00f3n de unidades de transporte p\u00fablico concesionado en su modalidad de taxi, el Gobierno de la Maestra Delfina G\u00f3mez \u00c1lvarez, a trav\u00e9s de la Secretar\u00eda de Movilidad (Semov), sostuvo un encuentro con representantes del Kreditanstalt f\u00fcr Wiederaufbau (KFW-Banco de Desarrollo del Estado de la Rep\u00fablica Federal de Alemania).<\/p>\n<p>Durante la reuni\u00f3n se presentaron los programas de colaboraci\u00f3n que tiene el KFW, a trav\u00e9s de Nacional Financiera (Nafin), con la Secretar\u00eda de Movilidad, y se intercambiaron experiencias para fortalecer la estrategia de transformaci\u00f3n de la movilidad en la entidad.<\/p>\n<p>Daniel Sibaja Gonz\u00e1lez, Secretario de Movilidad, destac\u00f3 las acciones que se han emprendido para mejorar el servicio de transporte p\u00fablico, la sustituci\u00f3n de unidades obsoletas por veh\u00edculos h\u00edbridos o el\u00e9ctricos.<\/p>\n<p>Agreg\u00f3 que en una primera etapa se otorgar\u00e1n 400 bonos de chatarrizaci\u00f3n de 125 y 160 mil pesos, para que los concesionarios puedan sustituir sus taxis con m\u00e1s de 10 a\u00f1os de antig\u00fcedad, por veh\u00edculos h\u00edbridos o el\u00e9ctricos, respectivamente.<\/p>\n<p>En el evento, se destac\u00f3 que KFW pondr\u00e1 a disposici\u00f3n de NAFIN dos aportaciones financieras de 10 y 2 millones de euros para un Fondo de Renovaci\u00f3n y uno de Asistencia T\u00e9cnica, respectivamente. Los beneficiarios del Programa ser\u00e1n las MiPyMes de transporte de pasajeros.<\/p>\n<p>Tambi\u00e9n se mencion\u00f3 que el 22 de diciembre de 2021, el KFW otorg\u00f3 un cr\u00e9dito de 112 mil 730 millones de d\u00f3lares a NAFIN, para financiar veh\u00edculos de bajas emisiones y poder sustituir los veh\u00edculos m\u00e1s contaminantes.<\/p>\n","protected":false},"excerpt":{"rendered":"<p>&nbsp; &nbsp; Toluca, Estado de M\u00e9xico.- Para continuar con el proceso de transformaci\u00f3n de la movilidad y fortalecer el programa de sustituci\u00f3n de unidades de transporte p\u00fablico concesionado en su modalidad de taxi, el Gobierno de la Maestra Delfina G\u00f3mez \u00c1lvarez, a trav\u00e9s de la Secretar\u00eda de Movilidad (Semov), sostuvo un encuentro con representantes del [&hellip;]<\/p>\n","protected":false},"author":12,"featured_media":642419,"comment_status":"open","ping_status":"open","sticky":false,"template":"","format":"standard","meta":{"_monsterinsights_skip_tracking":false,"_monsterinsights_sitenote_active":false,"_monsterinsights_sitenote_note":"","_monsterinsights_sitenote_category":0,"footnotes":""},"categories":[5],"tags":[],"class_list":["post-642418","post","type-post","status-publish","format-standard","has-post-thumbnail","hentry","category-estado-de-mexico"],"_links":{"self":[{"href":"https:\/\/www.diarioimagen.net\/index.php?rest_route=\/wp\/v2\/posts\/642418","targetHints":{"allow":["GET"]}}],"collection":[{"href":"https:\/\/www.diarioimagen.net\/index.php?rest_route=\/wp\/v2\/posts"}],"about":[{"href":"https:\/\/www.diarioimagen.net\/index.php?rest_route=\/wp\/v2\/types\/post"}],"author":[{"embeddable":true,"href":"https:\/\/www.diarioimagen.net\/index.php?rest_route=\/wp\/v2\/users\/12"}],"replies":[{"embeddable":true,"href":"https:\/\/www.diarioimagen.net\/index.php?rest_route=%2Fwp%2Fv2%2Fcomments&post=642418"}],"version-history":[{"count":1,"href":"https:\/\/www.diarioimagen.net\/index.php?rest_route=\/wp\/v2\/posts\/642418\/revisions"}],"predecessor-version":[{"id":642420,"href":"https:\/\/www.diarioimagen.net\/index.php?rest_route=\/wp\/v2\/posts\/642418\/revisions\/642420"}],"wp:featuredmedia":[{"embeddable":true,"href":"https:\/\/www.diarioimagen.net\/index.php?rest_route=\/wp\/v2\/media\/642419"}],"wp:attachment":[{"href":"https:\/\/www.diarioimagen.net\/index.php?rest_route=%2Fwp%2Fv2%2Fmedia&parent=642418"}],"wp:term":[{"taxonomy":"category","embeddable":true,"href":"https:\/\/www.diarioimagen.net\/index.php?rest_route=%2Fwp%2Fv2%2Fcategories&post=642418"},{"taxonomy":"post_tag","embeddable":true,"href":"https:\/\/www.diarioimagen.net\/index.php?rest_route=%2Fwp%2Fv2%2Ftags&post=642418"}],"curies":[{"name":"wp","href":"https:\/\/api.w.org\/{rel}","templated":true}]}}