{"id":642470,"date":"2024-12-12T00:09:32","date_gmt":"2024-12-12T06:09:32","guid":{"rendered":"https:\/\/www.diarioimagen.net\/?p=642470"},"modified":"2024-12-11T23:00:48","modified_gmt":"2024-12-12T05:00:48","slug":"servicios-publicos-deben-ser-prioridad-en-ayuntamientos-pide-horacio-duarte","status":"publish","type":"post","link":"https:\/\/www.diarioimagen.net\/?p=642470","title":{"rendered":"Servicios p\u00fablicos deben ser prioridad  en Ayuntamientos, pide Horacio Duarte"},"content":{"rendered":"<p>&nbsp;<\/p>\n<div id=\"attachment_642471\" style=\"width: 415px\" class=\"wp-caption aligncenter\"><img loading=\"lazy\" decoding=\"async\" aria-describedby=\"caption-attachment-642471\" class=\"wp-image-642471 size-large\" src=\"https:\/\/www.diarioimagen.net\/wp-content\/uploads\/2024\/12\/EDOMEX-1-ok-2-405x270.jpg\" alt=\"\" width=\"405\" height=\"270\" srcset=\"https:\/\/www.diarioimagen.net\/wp-content\/uploads\/2024\/12\/EDOMEX-1-ok-2-405x270.jpg 405w, https:\/\/www.diarioimagen.net\/wp-content\/uploads\/2024\/12\/EDOMEX-1-ok-2-240x160.jpg 240w, https:\/\/www.diarioimagen.net\/wp-content\/uploads\/2024\/12\/EDOMEX-1-ok-2-768x512.jpg 768w, https:\/\/www.diarioimagen.net\/wp-content\/uploads\/2024\/12\/EDOMEX-1-ok-2.jpg 1500w\" sizes=\"auto, (max-width: 405px) 100vw, 405px\" \/><p id=\"caption-attachment-642471\" class=\"wp-caption-text\">Horacio Duarte Olivares, Secretario General de Gobierno, asisti\u00f3 con la representaci\u00f3n de la gobernadora Delfina G\u00f3mez \u00c1lvarez, a la Toma de Protesta de Nancy Valdez Ruiz, como Presidenta Municipal de Ocoyoacac.<\/p><\/div>\n<p>&nbsp;<\/p>\n<p>Ocoyoacac, Estado de M\u00e9xico.- Los servicios p\u00fablicos, los programas sociales, la obra p\u00fablica y la seguridad son temas a los que deben dar prioridad los ayuntamientos, por ser quienes tienen el primer contacto con la ciudadan\u00eda, se\u00f1al\u00f3 Horacio Duarte Olivares, Secretario General de Gobierno.<\/p>\n<p>Lo anterior al asistir con la representaci\u00f3n de la Gobernadora del Estado de M\u00e9xico, Delfina G\u00f3mez \u00c1lvarez, a la Toma de Protesta de Nancy Valdez Ruiz, como Presidenta Municipal Constitucional de Ocoyoacac.<\/p>\n<p>Horacio Duarte Olivares, Secretario General de Gobierno, resalt\u00f3 que, en el pa\u00eds, en la entidad y en los municipios se vive un momento hist\u00f3rico, \u201cpues es tiempo de mujeres\u201d.<\/p>\n<p>Hoy, con la Presidenta Claudia Sheinbaum Pardo, la Gobernadora Delfina G\u00f3mez \u00c1lvarez y las 53 presidentas municipales, las mujeres son la gu\u00eda de la transformaci\u00f3n de la vida p\u00fablica del pa\u00eds, asever\u00f3 Horacio Duarte Olivares, Secretario General de Gobierno.<\/p>\n<p>En su participaci\u00f3n, Nancy Valdez Ruiz, Presidenta Municipal de Ocoyoacac, asegur\u00f3 que mantendr\u00e1 una colaboraci\u00f3n directa con el Gobierno de M\u00e9xico y del Estado de M\u00e9xico para que en unidad se impulsen proyectos y servicios p\u00fablicos para lograr un Ocoyoacac m\u00e1s justo y equitativo.<\/p>\n","protected":false},"excerpt":{"rendered":"<p>&nbsp; &nbsp; Ocoyoacac, Estado de M\u00e9xico.- Los servicios p\u00fablicos, los programas sociales, la obra p\u00fablica y la seguridad son temas a los que deben dar prioridad los ayuntamientos, por ser quienes tienen el primer contacto con la ciudadan\u00eda, se\u00f1al\u00f3 Horacio Duarte Olivares, Secretario General de Gobierno. Lo anterior al asistir con la representaci\u00f3n de la [&hellip;]<\/p>\n","protected":false},"author":12,"featured_media":642471,"comment_status":"open","ping_status":"open","sticky":false,"template":"","format":"standard","meta":{"_monsterinsights_skip_tracking":false,"_monsterinsights_sitenote_active":false,"_monsterinsights_sitenote_note":"","_monsterinsights_sitenote_category":0,"footnotes":""},"categories":[5],"tags":[],"class_list":["post-642470","post","type-post","status-publish","format-standard","has-post-thumbnail","hentry","category-estado-de-mexico"],"_links":{"self":[{"href":"https:\/\/www.diarioimagen.net\/index.php?rest_route=\/wp\/v2\/posts\/642470","targetHints":{"allow":["GET"]}}],"collection":[{"href":"https:\/\/www.diarioimagen.net\/index.php?rest_route=\/wp\/v2\/posts"}],"about":[{"href":"https:\/\/www.diarioimagen.net\/index.php?rest_route=\/wp\/v2\/types\/post"}],"author":[{"embeddable":true,"href":"https:\/\/www.diarioimagen.net\/index.php?rest_route=\/wp\/v2\/users\/12"}],"replies":[{"embeddable":true,"href":"https:\/\/www.diarioimagen.net\/index.php?rest_route=%2Fwp%2Fv2%2Fcomments&post=642470"}],"version-history":[{"count":1,"href":"https:\/\/www.diarioimagen.net\/index.php?rest_route=\/wp\/v2\/posts\/642470\/revisions"}],"predecessor-version":[{"id":642472,"href":"https:\/\/www.diarioimagen.net\/index.php?rest_route=\/wp\/v2\/posts\/642470\/revisions\/642472"}],"wp:featuredmedia":[{"embeddable":true,"href":"https:\/\/www.diarioimagen.net\/index.php?rest_route=\/wp\/v2\/media\/642471"}],"wp:attachment":[{"href":"https:\/\/www.diarioimagen.net\/index.php?rest_route=%2Fwp%2Fv2%2Fmedia&parent=642470"}],"wp:term":[{"taxonomy":"category","embeddable":true,"href":"https:\/\/www.diarioimagen.net\/index.php?rest_route=%2Fwp%2Fv2%2Fcategories&post=642470"},{"taxonomy":"post_tag","embeddable":true,"href":"https:\/\/www.diarioimagen.net\/index.php?rest_route=%2Fwp%2Fv2%2Ftags&post=642470"}],"curies":[{"name":"wp","href":"https:\/\/api.w.org\/{rel}","templated":true}]}}