{"id":642530,"date":"2024-12-13T00:10:14","date_gmt":"2024-12-13T06:10:14","guid":{"rendered":"https:\/\/www.diarioimagen.net\/?p=642530"},"modified":"2024-12-13T06:17:03","modified_gmt":"2024-12-13T12:17:03","slug":"el-aicm-aumentara-desde-enero-el-tua-en-todos-sus-vuelos","status":"publish","type":"post","link":"https:\/\/www.diarioimagen.net\/?p=642530","title":{"rendered":"El AICM aumentar\u00e1, desde enero, el TUA en todos sus vuelos"},"content":{"rendered":"<p>&nbsp;<\/p>\n<div id=\"attachment_642531\" style=\"width: 415px\" class=\"wp-caption aligncenter\"><img loading=\"lazy\" decoding=\"async\" aria-describedby=\"caption-attachment-642531\" class=\"wp-image-642531 size-large\" src=\"https:\/\/www.diarioimagen.net\/wp-content\/uploads\/2024\/12\/AUMENTA-TUA-ok-405x270.jpg\" alt=\"\" width=\"405\" height=\"270\" srcset=\"https:\/\/www.diarioimagen.net\/wp-content\/uploads\/2024\/12\/AUMENTA-TUA-ok-405x270.jpg 405w, https:\/\/www.diarioimagen.net\/wp-content\/uploads\/2024\/12\/AUMENTA-TUA-ok-240x160.jpg 240w, https:\/\/www.diarioimagen.net\/wp-content\/uploads\/2024\/12\/AUMENTA-TUA-ok-768x512.jpg 768w, https:\/\/www.diarioimagen.net\/wp-content\/uploads\/2024\/12\/AUMENTA-TUA-ok.jpg 1500w\" sizes=\"auto, (max-width: 405px) 100vw, 405px\" \/><p id=\"caption-attachment-642531\" class=\"wp-caption-text\">El AICM aumentar\u00e1 la Tarifa de Uso de Aeropuerto en vuelos nacionales e internacionales a partir del primero de enero de 2025, que impactar\u00e1 en el precio de boletos de avi\u00f3n.<\/p><\/div>\n<p>&nbsp;<\/p>\n<p>El Aeropuerto Internacional de la Ciudad de M\u00e9xico (AICM) aumentar\u00e1 la Tarifa de Uso de Aeropuerto (TUA) a partir del 1 de enero de 2025, por lo que la nacional ser\u00e1 de 29.70 d\u00f3lares y la internacional ser\u00e1 de 56.39 d\u00f3lares.<\/p>\n<p>Este incremento impactar\u00e1 directamente en el costo de los boletos de avi\u00f3n de usuarios que viajen desde el Aeropuerto Internacional Benito Ju\u00e1rez.<\/p>\n<p>El ajuste anual aprobado por la Secretar\u00eda de Hacienda representa un incremento del 2.6% en comparaci\u00f3n con el a\u00f1o en curso, inform\u00f3 el AICM en el Diario Oficial de la Federaci\u00f3n (DOF),<\/p>\n<p>Expuso que la TUA nacional e internacional est\u00e1n expresadas en d\u00f3lares de Estados Unidos, por lo que AICM determinar\u00e1 mensualmente su equivalente en pesos, utilizando el promedio mensual del tipo de cambio del mes inmediato anterior, para solventar obligaciones denominadas en d\u00f3lares estadounidenses que publica Banco de M\u00e9xico en el DOF-.<\/p>\n<p>&nbsp;<\/p>\n<p>&nbsp;<\/p>\n<p><strong>La TUA del AICM, de las m\u00e1s caras del pa\u00eds<\/strong><\/p>\n<p>&nbsp;<\/p>\n<p>La Tarifa de Uso de Aeropuerto del AICM es una de las m\u00e1s caras del pa\u00eds, despu\u00e9s de las terminales a\u00e9reas de Culiac\u00e1n, Torre\u00f3n, Durango, Mazatl\u00e1n o Zacatecas. Esta tarifa puede llegar a rebasar el 80% del costo de un boleto, dependiendo de la aerol\u00ednea. En 2024 el aumento de la TUA en el AICM fue de 3,2%, lo que dejaba, para vuelos nacionales, una tarifa de 28,95 d\u00f3lares (582.54 pesos) mientras que la internacional se fij\u00f3 en 54,96 d\u00f3lares (1.106 pesos).<\/p>\n<p>Por el AICM, el aeropuerto m\u00e1s importante de M\u00e9xico, pasan al a\u00f1o m\u00e1s de 48 millones de viajeros. Casi la mitad son pasajeros internacionales: turistas y viajeros en tr\u00e1nsito que realizan escala para conectar con Estados Unidos, Centroam\u00e9rica o Suram\u00e9rica. En 2022, el Gobierno de L\u00f3pez Obrador tom\u00f3 la pol\u00e9mica decisi\u00f3n de reducir el n\u00famero de operaciones diarias como respuesta a la saturaci\u00f3n del AICM. El descontrol que exist\u00eda entre las aerol\u00edneas y el aeropuerto provoc\u00f3 protestas, enfrentamientos con las compa\u00f1\u00edas y denuncias entre los consumidores.<\/p>\n<p>El n\u00famero de aterrizajes y despegues se redujo primero de 61 a 52 y despu\u00e9s, el aeropuerto estableci\u00f3 un m\u00e1ximo de 43 operaciones cada hora. El sector a\u00e9reo ha protestado contra la medida, mientras pide que el AICM aumente los slots, el espacio de tiempo asignado a una aerol\u00ednea para realizar operaciones. El director considera que despu\u00e9s de resolver el problema, el aeropuerto vuelve a tener la capacidad de aumentar sus operaciones.<\/p>\n<p>En diciembre de 2023, adem\u00e1s, la organizaci\u00f3n ALTA, que integra a Aerom\u00e9xico y otras 160 compa\u00f1\u00edas de la regi\u00f3n, alert\u00f3 de que el AICM se convertir\u00eda en uno de los aeropuertos m\u00e1s caros de Latinoam\u00e9rica y el Caribe por una subida de tasas aeroportuarias del 77%. La organizaci\u00f3n hab\u00eda rechazado entonces el aumento de las tarifas y explicaban que resultar\u00edan en un impacto en el precio de los billetes. Un comunicado que el aeropuerto capitalino, lanzado unos d\u00edas antes, defend\u00eda que estos impuestos no hab\u00edan variado desde 2010.<\/p>\n","protected":false},"excerpt":{"rendered":"<p>&nbsp; &nbsp; El Aeropuerto Internacional de la Ciudad de M\u00e9xico (AICM) aumentar\u00e1 la Tarifa de Uso de Aeropuerto (TUA) a partir del 1 de enero de 2025, por lo que la nacional ser\u00e1 de 29.70 d\u00f3lares y la internacional ser\u00e1 de 56.39 d\u00f3lares. Este incremento impactar\u00e1 directamente en el costo de los boletos de avi\u00f3n [&hellip;]<\/p>\n","protected":false},"author":12,"featured_media":642531,"comment_status":"open","ping_status":"open","sticky":false,"template":"","format":"standard","meta":{"_monsterinsights_skip_tracking":false,"_monsterinsights_sitenote_active":false,"_monsterinsights_sitenote_note":"","_monsterinsights_sitenote_category":0,"footnotes":""},"categories":[8],"tags":[],"class_list":["post-642530","post","type-post","status-publish","format-standard","has-post-thumbnail","hentry","category-finanzas"],"_links":{"self":[{"href":"https:\/\/www.diarioimagen.net\/index.php?rest_route=\/wp\/v2\/posts\/642530","targetHints":{"allow":["GET"]}}],"collection":[{"href":"https:\/\/www.diarioimagen.net\/index.php?rest_route=\/wp\/v2\/posts"}],"about":[{"href":"https:\/\/www.diarioimagen.net\/index.php?rest_route=\/wp\/v2\/types\/post"}],"author":[{"embeddable":true,"href":"https:\/\/www.diarioimagen.net\/index.php?rest_route=\/wp\/v2\/users\/12"}],"replies":[{"embeddable":true,"href":"https:\/\/www.diarioimagen.net\/index.php?rest_route=%2Fwp%2Fv2%2Fcomments&post=642530"}],"version-history":[{"count":1,"href":"https:\/\/www.diarioimagen.net\/index.php?rest_route=\/wp\/v2\/posts\/642530\/revisions"}],"predecessor-version":[{"id":642532,"href":"https:\/\/www.diarioimagen.net\/index.php?rest_route=\/wp\/v2\/posts\/642530\/revisions\/642532"}],"wp:featuredmedia":[{"embeddable":true,"href":"https:\/\/www.diarioimagen.net\/index.php?rest_route=\/wp\/v2\/media\/642531"}],"wp:attachment":[{"href":"https:\/\/www.diarioimagen.net\/index.php?rest_route=%2Fwp%2Fv2%2Fmedia&parent=642530"}],"wp:term":[{"taxonomy":"category","embeddable":true,"href":"https:\/\/www.diarioimagen.net\/index.php?rest_route=%2Fwp%2Fv2%2Fcategories&post=642530"},{"taxonomy":"post_tag","embeddable":true,"href":"https:\/\/www.diarioimagen.net\/index.php?rest_route=%2Fwp%2Fv2%2Ftags&post=642530"}],"curies":[{"name":"wp","href":"https:\/\/api.w.org\/{rel}","templated":true}]}}