{"id":642533,"date":"2024-12-13T00:09:33","date_gmt":"2024-12-13T06:09:33","guid":{"rendered":"https:\/\/www.diarioimagen.net\/?p=642533"},"modified":"2024-12-13T00:03:02","modified_gmt":"2024-12-13T06:03:02","slug":"alertan-el-infonavit-e-imss-por-despidos-de-fin-de-ano","status":"publish","type":"post","link":"https:\/\/www.diarioimagen.net\/?p=642533","title":{"rendered":"Alertan el Infonavit e IMSS  por despidos de fin de a\u00f1o"},"content":{"rendered":"<p>&nbsp;<\/p>\n<div id=\"attachment_642534\" style=\"width: 470px\" class=\"wp-caption aligncenter\"><img loading=\"lazy\" decoding=\"async\" aria-describedby=\"caption-attachment-642534\" class=\"wp-image-642534 size-large\" src=\"https:\/\/www.diarioimagen.net\/wp-content\/uploads\/2024\/12\/DESPIDOS-ok-460x251.jpg\" alt=\"\" width=\"460\" height=\"251\" srcset=\"https:\/\/www.diarioimagen.net\/wp-content\/uploads\/2024\/12\/DESPIDOS-ok-460x251.jpg 460w, https:\/\/www.diarioimagen.net\/wp-content\/uploads\/2024\/12\/DESPIDOS-ok-240x131.jpg 240w, https:\/\/www.diarioimagen.net\/wp-content\/uploads\/2024\/12\/DESPIDOS-ok-768x419.jpg 768w, https:\/\/www.diarioimagen.net\/wp-content\/uploads\/2024\/12\/DESPIDOS-ok.jpg 1500w\" sizes=\"auto, (max-width: 460px) 100vw, 460px\" \/><p id=\"caption-attachment-642534\" class=\"wp-caption-text\">La Secretar\u00eda del Trabajo y Previsi\u00f3n Social, el IMSS y el Infonavit enviaron cartas a patrones para evitar los despidos de trabajadores a fin de a\u00f1o, impactando negativamente en la continuidad de derechos laborales de los trabajadores.<\/p><\/div>\n<p>&nbsp;<\/p>\n<p>Ante la pr\u00e1ctica recurrente de varias empresas de recurrir al despido de trabajadores en diciembre y recontratarlas al siguiente mes, vulnerando sus derechos laborales, la Secretar\u00eda del Trabajo y Previsi\u00f3n Social, el IMSS y el Infonavit enviaron cartas a patrones para evitar estas pr\u00e1cticas irregulares.<\/p>\n<p>Las dependencias informaron que entre noviembre y diciembre de 2023 se perdieron 385 mil puestos de trabajo, de los cuales 69 por ciento estaban registrados como permanentes. Al mes siguiente, en enero del a\u00f1o en curso, fueron recontratadas por la misma empresa 112 mil 519 trabajadores dadas de baja en diciembre pasado, informaron<\/p>\n<p>Ese n\u00famero de empleados dados de baja el a\u00f1o anterior, es superior a lo registrado en el mismo periodo del 2022, cuando se perdieron 346 mil puestos, de los cuales 69 por ciento tambi\u00e9n eran permanentes. Al a\u00f1o siguiente, en enero del 2023, fueron recontratados por la misma empresa en la que laboraban 126 mil 727 trabajadores que antes hab\u00edan sido dados de baja<\/p>\n<p>De acuerdo con los registros oficiales, en noviembre y diciembre de 2021 se dieron de baja de manera irregular a 312 mil 902 trabajadores, y al empezar 2022 se reficharon con la misma empresa 126 mil 256 empleados.<\/p>\n<p>Las dependencias se\u00f1alaron que si bien existen contrataciones temporales leg\u00edtimas, lo cierto es que muchos de los trabajadores dados de baja en diciembre y recontratadas en enero est\u00e1n registradas por los patrones ante el IMSS como permanentes. Por tanto, \u201cestas bajas son una pr\u00e1ctica totalmente irregular\u201d.<\/p>\n<p>Por quinto a\u00f1o consecutivo, el gobierno federal \u201cidentific\u00f3 a patrones que, hist\u00f3ricamente, durante diciembre, dan de baja ante el IMSS y el Infonavit a personas trabajadoras para volverlas a llamar en enero del a\u00f1o entrante\u201d.<\/p>\n<p>De acuerdo con los dos organismos, las bajas injustificadas impactan negativamente en la continuidad de derechos laborales de los trabajadores tanto de seguridad social y de vivienda.<\/p>\n<p>\u201cEl incumplimiento de obligaciones laborales y de seguridad social tiene consecuencias legales que pueden poner en riesgo las finanzas de las empresas e incluso ocasionar que los patrones enfrenten responsabilidades administrativas y fiscales\u201d, se puede leer en el comunicado.<\/p>\n<p>&nbsp;<\/p>\n<p><strong>\u00bfQu\u00e9 hacer?<\/strong><\/p>\n<p>&nbsp;<\/p>\n<p>Las autoridades indicaron que es importante que los trabajadores, as\u00ed como sus familias, siempre est\u00e9n protegidos con todas las prestaciones a las que tienen derecho.<\/p>\n<p>En caso de que un trabajador tenga dudas y requiera m\u00e1s informaci\u00f3n, puede realizar los siguientes pasos:<\/p>\n<ul>\n<li>El IMSS ofrece el tel\u00e9fono 800 623 2323, opci\u00f3n 5, luego opci\u00f3n 1.<\/li>\n<li>El Infonavit atiende por medio de su l\u00ednea Infonatel Patrones 55 9171 5050 para la Ciudad de M\u00e9xico y la zona metropolitana, as\u00ed como 800 008 3900 (sin costo) desde cualquier parte del pa\u00eds. \u00b7 En materia de derechos laborales, Procuradur\u00eda Federal de la Defensa del Trabajo orienta en el 800 717 2942 y 800 911 7877.<\/li>\n<li>El Registro de Prestadoras de Servicios Especializados u Obras Especializadas (REPSE) resuelve dudas en el 55 3067 3000 y 55 3000 2100 extensiones 20005, 63160, 65104, 65235, 65311 y 65344, as\u00ed como mediante el correo electr\u00f3nico buzonciudadano.repse@stps.gob.mx.<\/li>\n<li>Inspecci\u00f3n Federal del trabajo recibe quejas y denuncias a trav\u00e9s del Tel: 5530002700 extensiones 65338 y 65314, as\u00ed como de los correos electr\u00f3nicos inspeccionfederal@stps.gob.mx y centromando.dgift@stps.gob.mx.<\/li>\n<\/ul>\n","protected":false},"excerpt":{"rendered":"<p>&nbsp; &nbsp; Ante la pr\u00e1ctica recurrente de varias empresas de recurrir al despido de trabajadores en diciembre y recontratarlas al siguiente mes, vulnerando sus derechos laborales, la Secretar\u00eda del Trabajo y Previsi\u00f3n Social, el IMSS y el Infonavit enviaron cartas a patrones para evitar estas pr\u00e1cticas irregulares. Las dependencias informaron que entre noviembre y diciembre [&hellip;]<\/p>\n","protected":false},"author":12,"featured_media":642534,"comment_status":"open","ping_status":"open","sticky":false,"template":"","format":"standard","meta":{"_monsterinsights_skip_tracking":false,"_monsterinsights_sitenote_active":false,"_monsterinsights_sitenote_note":"","_monsterinsights_sitenote_category":0,"footnotes":""},"categories":[8],"tags":[],"class_list":["post-642533","post","type-post","status-publish","format-standard","has-post-thumbnail","hentry","category-finanzas"],"_links":{"self":[{"href":"https:\/\/www.diarioimagen.net\/index.php?rest_route=\/wp\/v2\/posts\/642533","targetHints":{"allow":["GET"]}}],"collection":[{"href":"https:\/\/www.diarioimagen.net\/index.php?rest_route=\/wp\/v2\/posts"}],"about":[{"href":"https:\/\/www.diarioimagen.net\/index.php?rest_route=\/wp\/v2\/types\/post"}],"author":[{"embeddable":true,"href":"https:\/\/www.diarioimagen.net\/index.php?rest_route=\/wp\/v2\/users\/12"}],"replies":[{"embeddable":true,"href":"https:\/\/www.diarioimagen.net\/index.php?rest_route=%2Fwp%2Fv2%2Fcomments&post=642533"}],"version-history":[{"count":1,"href":"https:\/\/www.diarioimagen.net\/index.php?rest_route=\/wp\/v2\/posts\/642533\/revisions"}],"predecessor-version":[{"id":642535,"href":"https:\/\/www.diarioimagen.net\/index.php?rest_route=\/wp\/v2\/posts\/642533\/revisions\/642535"}],"wp:featuredmedia":[{"embeddable":true,"href":"https:\/\/www.diarioimagen.net\/index.php?rest_route=\/wp\/v2\/media\/642534"}],"wp:attachment":[{"href":"https:\/\/www.diarioimagen.net\/index.php?rest_route=%2Fwp%2Fv2%2Fmedia&parent=642533"}],"wp:term":[{"taxonomy":"category","embeddable":true,"href":"https:\/\/www.diarioimagen.net\/index.php?rest_route=%2Fwp%2Fv2%2Fcategories&post=642533"},{"taxonomy":"post_tag","embeddable":true,"href":"https:\/\/www.diarioimagen.net\/index.php?rest_route=%2Fwp%2Fv2%2Ftags&post=642533"}],"curies":[{"name":"wp","href":"https:\/\/api.w.org\/{rel}","templated":true}]}}