{"id":642769,"date":"2024-12-19T00:10:31","date_gmt":"2024-12-19T06:10:31","guid":{"rendered":"https:\/\/www.diarioimagen.net\/?p=642769"},"modified":"2024-12-18T22:03:55","modified_gmt":"2024-12-19T04:03:55","slug":"en-marcha-operativo-vacacional-de-invierno-2024-en-carreteras-y-centrales-de-autobuses","status":"publish","type":"post","link":"https:\/\/www.diarioimagen.net\/?p=642769","title":{"rendered":"En marcha, Operativo  Vacacional de  Invierno 2024 en carreteras y centrales de autobuses"},"content":{"rendered":"<p>&nbsp;<\/p>\n<div id=\"attachment_642770\" style=\"width: 323px\" class=\"wp-caption aligncenter\"><img loading=\"lazy\" decoding=\"async\" aria-describedby=\"caption-attachment-642770\" class=\"wp-image-642770 size-large\" src=\"https:\/\/www.diarioimagen.net\/wp-content\/uploads\/2024\/12\/OPERATIVO-ok-313x270.jpg\" alt=\"\" width=\"313\" height=\"270\" srcset=\"https:\/\/www.diarioimagen.net\/wp-content\/uploads\/2024\/12\/OPERATIVO-ok-313x270.jpg 313w, https:\/\/www.diarioimagen.net\/wp-content\/uploads\/2024\/12\/OPERATIVO-ok-240x207.jpg 240w, https:\/\/www.diarioimagen.net\/wp-content\/uploads\/2024\/12\/OPERATIVO-ok-768x663.jpg 768w, https:\/\/www.diarioimagen.net\/wp-content\/uploads\/2024\/12\/OPERATIVO-ok.jpg 1500w\" sizes=\"auto, (max-width: 313px) 100vw, 313px\" \/><p id=\"caption-attachment-642770\" class=\"wp-caption-text\">El Operativo 30 Delta lleva a cabo revisiones m\u00e9dicas en puntos carreteros identificados por su siniestralidad, as\u00ed como en terminales de autobuses.<\/p><\/div>\n<p>&nbsp;<\/p>\n<p>La Secretar\u00eda de Infraestructura, Comunicaciones y Transportes (SICT), en coordinaci\u00f3n con la Guardia Nacional, implementa el Operativo Vacacional de Invierno 2024, en el que se realizar\u00e1n diversas acciones preventivas en carreteras federales y terminales de autobuses, del 16 de diciembre de 2024 al 12 de enero de 2025.<\/p>\n<p>&nbsp;<\/p>\n<p>En estas acciones participar\u00e1n servidores p\u00fablicos de la Direcci\u00f3n General de Autotransporte Federal (DGAF), los Centros SICT y la Direcci\u00f3n General de Protecci\u00f3n y Medicina Preventiva en el Transporte (DGPMPT).<\/p>\n<p>&nbsp;<\/p>\n<p>El objetivo es prevenir la ocurrencia de accidentes y con ello proporcionar confianza y seguridad a los usuarios del transporte p\u00fablico federal, mediante la verificaci\u00f3n de la integridad psicof\u00edsica del personal que interviene en la conducci\u00f3n, operaci\u00f3n y auxilio del transporte p\u00fablico federal.<\/p>\n<p>&nbsp;<\/p>\n<p>Los m\u00e9dicos realizan pruebas m\u00e9dicas en puntos carreteros identificados por su siniestralidad y terminales de autobuses a nivel nacional, adem\u00e1s se revisar\u00e1n las bit\u00e1coras de horas de servicio en cumplimiento de la NOM-087-SCT-2-2017.<\/p>\n<p>&nbsp;<\/p>\n<p>Se realizar\u00e1n ex\u00e1menes m\u00e9dicos que comprenden: inspecci\u00f3n general; interrogatorio intencionado; valoraci\u00f3n de signos vitales y de reflejos oculares, osteotendinosos y de coordinaci\u00f3n psicomotriz; exploraci\u00f3n de \u00e1rea cardiaca; detecci\u00f3n de ingesta de bebidas alcoh\u00f3licas y valoraci\u00f3n de signos de cansancio; as\u00ed como pruebas toxicol\u00f3gicas para la detecci\u00f3n de sustancias psicotr\u00f3picas o estupefacientes.<\/p>\n<p>&nbsp;<\/p>\n<p>En esta acci\u00f3n participar\u00e1n 15 unidades m\u00e9dicas distribuidas en 11 puntos carreteros y 12 terminales de autobuses del territorio nacional identificados por su siniestralidad.<\/p>\n<p>&nbsp;<\/p>\n<p>La DGAF y los Centros SICT llevar\u00e1n a cabo la revisi\u00f3n de unidades del Autotransporte Federal en operativos de Peso y Dimensiones y de Condiciones F\u00edsico-Mec\u00e1nicas en 20 puntos de las carreteras de jurisdicci\u00f3n federal.<\/p>\n<p>&nbsp;<\/p>\n<p>El objetivo es constatar que el autotransporte federal de carga cumpla con los pesos y las dimensiones m\u00e1ximos establecidas en la norma respectiva y que los diferentes tipos de unidades verificadas cumplan con las condiciones de seguridad necesarias para evitar al m\u00e1ximo cualquier tipo de hecho de tr\u00e1nsito y\/o descompostura de dichas unidades, ya que las inspecciones estar\u00e1s enfocadas principalmente en la revisi\u00f3n del sistema de frenos, ruedas, rines y llantas.<\/p>\n<p>&nbsp;<\/p>\n<p>Asimismo, se verificar\u00e1n las condiciones f\u00edsico-mec\u00e1nicas de unidades en las principales terminales de autobuses de las 32 entidades federativas, a fin de garantizar la seguridad de los viajeros, de acuerdo con el procedimiento establecido en la Norma Oficial Mexicana NOM-068-SCT-2-2014.<\/p>\n<p>&nbsp;<\/p>\n<p>Con estas acciones la SICT reitera su compromiso de prevenir accidentes en las carreteras federales durante este periodo vacacional de invierno en beneficio de los usuarios.<\/p>\n","protected":false},"excerpt":{"rendered":"<p>&nbsp; &nbsp; La Secretar\u00eda de Infraestructura, Comunicaciones y Transportes (SICT), en coordinaci\u00f3n con la Guardia Nacional, implementa el Operativo Vacacional de Invierno 2024, en el que se realizar\u00e1n diversas acciones preventivas en carreteras federales y terminales de autobuses, del 16 de diciembre de 2024 al 12 de enero de 2025. &nbsp; En estas acciones participar\u00e1n [&hellip;]<\/p>\n","protected":false},"author":12,"featured_media":642770,"comment_status":"open","ping_status":"open","sticky":false,"template":"","format":"standard","meta":{"_monsterinsights_skip_tracking":false,"_monsterinsights_sitenote_active":false,"_monsterinsights_sitenote_note":"","_monsterinsights_sitenote_category":0,"footnotes":""},"categories":[16,8],"tags":[],"class_list":["post-642769","post","type-post","status-publish","format-standard","has-post-thumbnail","hentry","category-destacadas","category-finanzas"],"_links":{"self":[{"href":"https:\/\/www.diarioimagen.net\/index.php?rest_route=\/wp\/v2\/posts\/642769","targetHints":{"allow":["GET"]}}],"collection":[{"href":"https:\/\/www.diarioimagen.net\/index.php?rest_route=\/wp\/v2\/posts"}],"about":[{"href":"https:\/\/www.diarioimagen.net\/index.php?rest_route=\/wp\/v2\/types\/post"}],"author":[{"embeddable":true,"href":"https:\/\/www.diarioimagen.net\/index.php?rest_route=\/wp\/v2\/users\/12"}],"replies":[{"embeddable":true,"href":"https:\/\/www.diarioimagen.net\/index.php?rest_route=%2Fwp%2Fv2%2Fcomments&post=642769"}],"version-history":[{"count":1,"href":"https:\/\/www.diarioimagen.net\/index.php?rest_route=\/wp\/v2\/posts\/642769\/revisions"}],"predecessor-version":[{"id":642771,"href":"https:\/\/www.diarioimagen.net\/index.php?rest_route=\/wp\/v2\/posts\/642769\/revisions\/642771"}],"wp:featuredmedia":[{"embeddable":true,"href":"https:\/\/www.diarioimagen.net\/index.php?rest_route=\/wp\/v2\/media\/642770"}],"wp:attachment":[{"href":"https:\/\/www.diarioimagen.net\/index.php?rest_route=%2Fwp%2Fv2%2Fmedia&parent=642769"}],"wp:term":[{"taxonomy":"category","embeddable":true,"href":"https:\/\/www.diarioimagen.net\/index.php?rest_route=%2Fwp%2Fv2%2Fcategories&post=642769"},{"taxonomy":"post_tag","embeddable":true,"href":"https:\/\/www.diarioimagen.net\/index.php?rest_route=%2Fwp%2Fv2%2Ftags&post=642769"}],"curies":[{"name":"wp","href":"https:\/\/api.w.org\/{rel}","templated":true}]}}