{"id":652188,"date":"2025-01-06T00:10:06","date_gmt":"2025-01-06T06:10:06","guid":{"rendered":"https:\/\/www.diarioimagen.net\/?p=652188"},"modified":"2025-01-06T04:17:00","modified_gmt":"2025-01-06T10:17:00","slug":"se-avizoran-alzas-en-alimentos-y-mercancias-por-diesel-mas-caro","status":"publish","type":"post","link":"https:\/\/www.diarioimagen.net\/?p=652188","title":{"rendered":"Se avizoran alzas en alimentos y mercanc\u00edas por di\u00e9sel m\u00e1s caro"},"content":{"rendered":"<div id=\"attachment_652189\" style=\"width: 470px\" class=\"wp-caption aligncenter\"><img loading=\"lazy\" decoding=\"async\" aria-describedby=\"caption-attachment-652189\" class=\"wp-image-652189 size-large\" src=\"https:\/\/www.diarioimagen.net\/wp-content\/uploads\/2025\/01\/CUESTA-DE-ENERO-ok-460x259.jpg\" alt=\"\" width=\"460\" height=\"259\" srcset=\"https:\/\/www.diarioimagen.net\/wp-content\/uploads\/2025\/01\/CUESTA-DE-ENERO-ok-460x259.jpg 460w, https:\/\/www.diarioimagen.net\/wp-content\/uploads\/2025\/01\/CUESTA-DE-ENERO-ok-240x135.jpg 240w, https:\/\/www.diarioimagen.net\/wp-content\/uploads\/2025\/01\/CUESTA-DE-ENERO-ok-768x432.jpg 768w, https:\/\/www.diarioimagen.net\/wp-content\/uploads\/2025\/01\/CUESTA-DE-ENERO-ok-1536x864.jpg 1536w, https:\/\/www.diarioimagen.net\/wp-content\/uploads\/2025\/01\/CUESTA-DE-ENERO-ok-2048x1152.jpg 2048w, https:\/\/www.diarioimagen.net\/wp-content\/uploads\/2025\/01\/CUESTA-DE-ENERO-ok-480x270.jpg 480w, https:\/\/www.diarioimagen.net\/wp-content\/uploads\/2025\/01\/CUESTA-DE-ENERO-ok-235x132.jpg 235w, https:\/\/www.diarioimagen.net\/wp-content\/uploads\/2025\/01\/CUESTA-DE-ENERO-ok-202x114.jpg 202w, https:\/\/www.diarioimagen.net\/wp-content\/uploads\/2025\/01\/CUESTA-DE-ENERO-ok-350x196.jpg 350w, https:\/\/www.diarioimagen.net\/wp-content\/uploads\/2025\/01\/CUESTA-DE-ENERO-ok-220x123.jpg 220w, https:\/\/www.diarioimagen.net\/wp-content\/uploads\/2025\/01\/CUESTA-DE-ENERO-ok-237x132.jpg 237w\" sizes=\"auto, (max-width: 460px) 100vw, 460px\" \/><p id=\"caption-attachment-652189\" class=\"wp-caption-text\">El precio del di\u00e9sel ya es 8.8% mayor respecto al nivel de los primeros d\u00edas del 2024, alcanzando los 25.76 pesos por litro, por lo que esta alza repercutir\u00e1 en los precios finales de alimentos y productos del campo.<\/p><\/div>\n<p>&nbsp;<\/p>\n<p>Debido al ajuste del el Impuesto Especial sobre Producci\u00f3n y Servicios (IEPS) el precio del diesel ya es 8.8% mayor respecto al nivel de los primeros d\u00edas del 2024, alcanzando los 25.76 pesos por litro, por lo que esta alza repercutir\u00e1 en los precios finales de alimentos y productos, pues este combustible se utiliza para transportarlos.<\/p>\n<p>Manuel Sotelo, vicepresidente de la C\u00e1mara Nacional del Autotransporte de Carga (Canacar) de la Regi\u00f3n Norte, destac\u00f3 que el di\u00e9sel representa entre 30 al 40 % del costo de una empresa transportista, por lo que cualquier incremento se traslada de inmediato a las tarifas.<\/p>\n<p>Por ejemplo, el a\u00f1o pasado el alza en el di\u00e9sel impact\u00f3 aproximadamente el 10 % del costo de las empresas del ramo.\u00a0 \u201cHay contratos entre clientes y transportistas en donde est\u00e1 establecido que en cuanto sube el precio del di\u00e9sel se actualiza el precio de las tarifas, y como sucede tanto y tan seguido, ya hay muchas empresas que as\u00ed trabajan\u201d, acot\u00f3 Sotelo.<\/p>\n<p>Es decir, si una empresa transportista tiene un impacto del 10 %, donde se destina 30% al gasto del di\u00e9sel, en autom\u00e1tico eso ya gener\u00f3 un 3% de incremento en toda su estructura del costo del di\u00e9sel\u201d, refiri\u00f3.<\/p>\n<p>Por ello, el aumento de 8.8 % en el di\u00e9sel ya impact\u00f3 a los transportistas entre un 2.22 y un 3.37 %, lo que terminar\u00e1 impactando en las tarifas de los fletes, expuso el empresario.<\/p>\n<p>Pese a que en Estados Unidos el incremento anual del di\u00e9sel fue de 9.10 % anual al cierre de 2024, el costo por litro sigue siendo menor que en M\u00e9xico con un precio de 19.12 pesos.<\/p>\n<p>La Costa del Golfo es la regi\u00f3n con el menor precio, de 17.44 pesos, mientras que, en la zona de California, donde se registra el valor m\u00e1s alto, fue de 24.97 pesos por litro al cierre del a\u00f1o pasado.<\/p>\n<p>En Estados Unidos, el 48% del precio del di\u00e9sel depende del precio del petr\u00f3leo, el 14% corresponde a los costos de refinaci\u00f3n, el 21 % a la distribuci\u00f3n y el 17 % a impuestos.<\/p>\n<p>&nbsp;<\/p>\n<p><strong>Cuesta de enero se extender\u00e1 hasta marzo 2025<\/strong><\/p>\n<p>&nbsp;<\/p>\n<p>Por su parte, Gerardo Cleto L\u00f3pez Becerra, presidente del Consejo para el Desarrollo del Comercio en Peque\u00f1o y la Empresa Familiar (ConComercioPeque\u00f1o SC), se\u00f1al\u00f3 que el aumento en precios de productos sujetos al IEPS y otros m\u00e1s que han trasladado sus mayores costos de insumos o producci\u00f3n, har\u00e1n que la \u201ccuesta de enero\u201d se extienda hasta marzo.<\/p>\n<p>\u201cPara el comercio en peque\u00f1o a nivel nacional, as\u00ed como para la gran mayor\u00eda de consumidores, la cascada de incrementos en los precios, tanto de la canasta b\u00e1sica como de alto consumo popular, es indicador de que se presenta una cuesta de enero que ser\u00e1 dif\u00edcil este 2025 y que se podr\u00e1 extender hasta febrero o marzo\u201d, coment\u00f3.<\/p>\n<p>Las tiendas de abarrotes son uno de los giros m\u00e1s afectados por los incrementos anunciados desde finales de diciembre y que entraron en vigor a partir del pasado 1 de enero.<\/p>\n<p>\u201cMuchos de los productos que vendemos en las miscel\u00e1neas como son refrescos y bebidas saborizadas, galletas y pan, dulces y chocolates, cigarrillos, caf\u00e9 o cervezas, son los que registran incremento en sus precios, ya sea por las alzas en los costos de producci\u00f3n o los impuestos aplicados por la Secretar\u00eda de Hacienda a partir de este mes. Los abarroteros no tienen otra alternativa m\u00e1s que poner los precios al p\u00fablico que nos sugieren los proveedores, aunque esto nos ponga en desventaja frente a las cadenas de tiendas de autoservicio que manejan \u201cofertas\u201d o estrategias de venta con las que el comercio popular no puede competir\u201d, coment\u00f3 el presidente de ConComercioPeque\u00f1o.<\/p>\n<p>Un consumidor que en la zona metropolitana de la Ciudad de M\u00e9xico pagaba 135 pesos por un refresco de 600 mililitros, un paquete de galletas, una cajetilla de cigarros y un encendedor, a partir del primero de enero pagar\u00e1 m\u00e1s de150.00 pesos, lo que representa un incremento superior al 11 por ciento, dijo L\u00f3pez Becerra.<\/p>\n<p>&nbsp;<\/p>\n<p><strong>\u00bfQu\u00e9 otros productos de la canasta b\u00e1sica elevan su costo?<\/strong><\/p>\n<p>&nbsp;<\/p>\n<p>Productos de la canasta b\u00e1sica tambi\u00e9n han subido de precio, seg\u00fan Alberto Vargas Lucio presidente del Movimiento Nacional del Comercio Social AC., (Monacoso) que agrupa a locatarios de mercados p\u00fablicos.<\/p>\n<p>\u201cDesde mediados de diciembre comenzaron a registrarse aumentos en el precio al p\u00fablico en alimentos como la carne, l\u00e1cteos o verduras\u201d, se\u00f1al\u00f3 en el posicionamiento conjunto con ConComercio en Peque\u00f1o.<\/p>\n<p>Refiri\u00f3 aumentos en el kilo del huevo de 44 a 50 pesos, la pechuga de pollo por arriba de los $120.00 pesos y la carne de puerco en pierna o costilla en $130.00 el kilo.<\/p>\n<p>\u201cLas amas de casa que pod\u00edan hacer sus compras del d\u00eda en un mercado popular con 250.00 pesos para un consumo de 4 personas ahora requieren m\u00e1s de 300.00, lo que representa un incremento aproximado del 20 por ciento en los costos\u201d, dijo.<\/p>\n<p>Los aumentos en precio registrados desde diciembre, seg\u00fan los l\u00edderes empresariales, ponen en desventaja a los locatarios de los mercados p\u00fablicos frente a la competencia desleal de las cadenas de tiendas de autoservicio que han incrementado su presencia en zonas populares a trav\u00e9s de las famosas bodeguitas\u201d, dijo Vargas Lucio.<\/p>\n<p>Adem\u00e1s del incremento en los precios de los productos, los comerciantes enfrentan aumentos de las rentas de sus locales de entre 8 y hasta 15 por ciento; el aumento del 12 por ciento al salario m\u00ednimo -por lo que pasar\u00e1 de 248.93 pesos a 278.80 pesos diarios en la zona centro del pa\u00eds-, as\u00ed como alrededor del 5 por ciento a los salarios contractuales, lo cual es una obligaci\u00f3n que deber\u00e1 calcular el empresario entre sus responsabilidades.<\/p>\n","protected":false},"excerpt":{"rendered":"<p>&nbsp; Debido al ajuste del el Impuesto Especial sobre Producci\u00f3n y Servicios (IEPS) el precio del diesel ya es 8.8% mayor respecto al nivel de los primeros d\u00edas del 2024, alcanzando los 25.76 pesos por litro, por lo que esta alza repercutir\u00e1 en los precios finales de alimentos y productos, pues este combustible se utiliza [&hellip;]<\/p>\n","protected":false},"author":12,"featured_media":652189,"comment_status":"open","ping_status":"open","sticky":false,"template":"","format":"standard","meta":{"_monsterinsights_skip_tracking":false,"_monsterinsights_sitenote_active":false,"_monsterinsights_sitenote_note":"","_monsterinsights_sitenote_category":0,"footnotes":""},"categories":[16,8],"tags":[],"class_list":["post-652188","post","type-post","status-publish","format-standard","has-post-thumbnail","hentry","category-destacadas","category-finanzas"],"_links":{"self":[{"href":"https:\/\/www.diarioimagen.net\/index.php?rest_route=\/wp\/v2\/posts\/652188","targetHints":{"allow":["GET"]}}],"collection":[{"href":"https:\/\/www.diarioimagen.net\/index.php?rest_route=\/wp\/v2\/posts"}],"about":[{"href":"https:\/\/www.diarioimagen.net\/index.php?rest_route=\/wp\/v2\/types\/post"}],"author":[{"embeddable":true,"href":"https:\/\/www.diarioimagen.net\/index.php?rest_route=\/wp\/v2\/users\/12"}],"replies":[{"embeddable":true,"href":"https:\/\/www.diarioimagen.net\/index.php?rest_route=%2Fwp%2Fv2%2Fcomments&post=652188"}],"version-history":[{"count":1,"href":"https:\/\/www.diarioimagen.net\/index.php?rest_route=\/wp\/v2\/posts\/652188\/revisions"}],"predecessor-version":[{"id":652190,"href":"https:\/\/www.diarioimagen.net\/index.php?rest_route=\/wp\/v2\/posts\/652188\/revisions\/652190"}],"wp:featuredmedia":[{"embeddable":true,"href":"https:\/\/www.diarioimagen.net\/index.php?rest_route=\/wp\/v2\/media\/652189"}],"wp:attachment":[{"href":"https:\/\/www.diarioimagen.net\/index.php?rest_route=%2Fwp%2Fv2%2Fmedia&parent=652188"}],"wp:term":[{"taxonomy":"category","embeddable":true,"href":"https:\/\/www.diarioimagen.net\/index.php?rest_route=%2Fwp%2Fv2%2Fcategories&post=652188"},{"taxonomy":"post_tag","embeddable":true,"href":"https:\/\/www.diarioimagen.net\/index.php?rest_route=%2Fwp%2Fv2%2Ftags&post=652188"}],"curies":[{"name":"wp","href":"https:\/\/api.w.org\/{rel}","templated":true}]}}