{"id":652191,"date":"2025-01-06T00:10:56","date_gmt":"2025-01-06T06:10:56","guid":{"rendered":"https:\/\/www.diarioimagen.net\/?p=652191"},"modified":"2025-01-06T04:16:36","modified_gmt":"2025-01-06T10:16:36","slug":"se-intensificaran-los-operativos-contra-la-pirateria-en-el-pais","status":"publish","type":"post","link":"https:\/\/www.diarioimagen.net\/?p=652191","title":{"rendered":"Se intensificar\u00e1n los operativos  contra la \u201cpirater\u00eda\u201d en el pa\u00eds"},"content":{"rendered":"<div id=\"attachment_652192\" style=\"width: 417px\" class=\"wp-caption aligncenter\"><img loading=\"lazy\" decoding=\"async\" aria-describedby=\"caption-attachment-652192\" class=\"wp-image-652192 size-large\" src=\"https:\/\/www.diarioimagen.net\/wp-content\/uploads\/2025\/01\/PIRATERIA1-ok-407x270.jpg\" alt=\"\" width=\"407\" height=\"270\" srcset=\"https:\/\/www.diarioimagen.net\/wp-content\/uploads\/2025\/01\/PIRATERIA1-ok-407x270.jpg 407w, https:\/\/www.diarioimagen.net\/wp-content\/uploads\/2025\/01\/PIRATERIA1-ok-240x159.jpg 240w, https:\/\/www.diarioimagen.net\/wp-content\/uploads\/2025\/01\/PIRATERIA1-ok-768x509.jpg 768w, https:\/\/www.diarioimagen.net\/wp-content\/uploads\/2025\/01\/PIRATERIA1-ok.jpg 1500w\" sizes=\"auto, (max-width: 407px) 100vw, 407px\" \/><p id=\"caption-attachment-652192\" class=\"wp-caption-text\">Los operativos para la incautaci\u00f3n de mercanc\u00edas il\u00edcitas procedentes de pa\u00edses asi\u00e1ticos, abarcar\u00e1n todo el pa\u00eds, anunci\u00f3 Marcelo Ebrard Casaub\u00f3n, titular de la Secretar\u00eda de Econom\u00eda.<\/p><\/div>\n<p>&nbsp;<\/p>\n<p>La Secretar\u00eda de Econom\u00eda (SE) espera abarcar todo el pa\u00eds con operativos para la incautaci\u00f3n de mercanc\u00edas il\u00edcitas procedentes de pa\u00edses asi\u00e1ticos, detall\u00f3 Marcelo Ebrard Casaub\u00f3n, titular de esta dependencia federal.<\/p>\n<p>\u201cLa instrucci\u00f3n que tenemos es continuar con estos operativos para cubrir toda la Rep\u00fablica Mexicana. A esta fecha llevamos cinco entidades federativas y pensamos hacia el mes de febrero ver ya terminado todo el territorio nacional\u201d, asegur\u00f3.<\/p>\n<p>\u00abHemos encontrado en todas las entidades federativas presencia de tiendas de esta naturaleza, con varios miles de metros cuadrados, que fueron instaladas particularmente en los \u00faltimos meses, por eso se ha actuado con oportunidad para impedir que esto siga creciendo en toda la Rep\u00fablica\u00bb.<\/p>\n<p>Desde que arrancaron las acciones del \u201cOperativo Limpieza\u201d a finales de noviembre en la Ciudad de M\u00e9xico, al momento ya se han realizado tambi\u00e9n acciones de aseguramiento de productos en Baja California, Coahuila y Sonora.<\/p>\n<p>Como parte del operativo ordenado por el Gobierno federal, la semana pasada se aseguraron cerca de 3 millones de mercanc\u00edas en tres plazas comerciales en Durango, por un valor que puede alcanzar los 350 millones de pesos, de acuerdo con estimaciones del gobierno estatal.<\/p>\n<p>En conjunto, por las operaciones realizadas en varias ciudades dentro de cinco estados del pa\u00eds, al momento se calcula un valor de mil millones de pesos de mercanc\u00edas incautadas, seg\u00fan las cifras publicadas por la Secretar\u00eda de Econom\u00eda.<\/p>\n<p>&nbsp;<\/p>\n<p><strong>El mayor decomiso de pirater\u00eda en 12 a\u00f1os<\/strong><\/p>\n<p>&nbsp;<\/p>\n<p>Del 28 de noviembre a la fecha, fue decomisada mercanc\u00eda pirata con un valor mil millones de pesos, seg\u00fan la informaci\u00f3n presentada por el funcionario del operativo realizado en la Ciudad de M\u00e9xico, Sonora, Coahuila y Baja California, superando lo realizado en las administraciones presidenciales de Andr\u00e9s Manuel L\u00f3pez Obrador y Enr\u00edque Pe\u00f1a Nieto.<\/p>\n<p>\u201cVamos a pedir la cancelaci\u00f3n de la patente de las aduanas involucradas, ya tengo la lista\u2026 No es nada m\u00e1s recoger la mercanc\u00eda, sino ver al agente aduanal que hizo la gesti\u00f3n. Es una medida que no tiene precedentes, pero si t\u00fa tienes una agencia que est\u00e1 haciendo eso, t\u00fa eres parte tambi\u00e9n del negocio, lo que llamamos el baile, la fiesta. Se acab\u00f3 la fiesta\u201d, manifest\u00f3 Marcelo Ebrard.<\/p>\n<p>Tanto el decomiso como las nuevas disposiciones del SAT buscan frenar las importaciones ilegales provenientes de China, as\u00ed como incrementar la recaudaci\u00f3n. Estas acciones del gobierno de Claudia Sheinbaum se dan bajo el contexto en el que el presidente electo de Estados Unidos, Donald Trump, busca frenar la incursi\u00f3n de productos chinos a Am\u00e9rica del Norte.<\/p>\n<p>&nbsp;<\/p>\n<p><strong>El SAT incrementar\u00e1 vigilancia fiscal a empresas chinas\u00a0<\/strong><\/p>\n<p><strong>\u00a0<\/strong><\/p>\n<p>Por su parte, la Secretar\u00eda de Hacienda public\u00f3 en el Diario Oficial de la Federaci\u00f3n (DOF) las Reglas Generales de Comercio Exterior para 2025, por lo que a partir de este 2025 se aplican medidas para continuar \u201cfortaleciendo el combate\u201d a pr\u00e1cticas abusivas en el comercio electr\u00f3nico por parte de empresas chinas como Temu y Shein.<\/p>\n<p>En la Resoluci\u00f3n Miscel\u00e1nea Fiscal (RMF) para 2025 y sus anexos, entre estas acciones se especifica que \u201csi la mercanc\u00eda no proviene de pa\u00edses con tratados internacionales, se pagar\u00e1 la tasa \u00fanica de 19%\u201d, se\u00f1al\u00f3 el Servicio de Administraci\u00f3n Tributaria (SAT).<\/p>\n<p>En tanto, si la mercanc\u00eda proviene de pa\u00edses con tratados internacionales, y su valor excede 1 d\u00f3lar o 50 d\u00f3lares, seg\u00fan corresponda, se pagar\u00e1 la tasa de 19%, salvo los pa\u00edses del T-MEC, que pagar\u00e1n 17% si el valor es mayor a 50 d\u00f3lares pero no excede los 117 d\u00f3lares<\/p>\n<p>\u201cCon estas acciones, el SAT refrenda su compromiso de dar la mejor atenci\u00f3n a los contribuyentes para el cumplimiento de sus obligaciones fiscales, aumentar la recaudaci\u00f3n, reducir la evasi\u00f3n y elusi\u00f3n fiscal y combatir el contrabando\u201d, indic\u00f3 la instituci\u00f3n.<\/p>\n<p><strong>\u00a0<\/strong><\/p>\n<p><strong>Miscel\u00e1nea fiscal 2025\u00a0<\/strong><\/p>\n<p>&nbsp;<\/p>\n<p>Por otro lado, el SAT se\u00f1al\u00f3 que clasific\u00f3 y agrup\u00f3 la normatividad para facilitar su aplicaci\u00f3n en los tr\u00e1mites de devoluciones, asimismo, elimin\u00f3 requisitos de diversos tr\u00e1mites de autorizaciones.<\/p>\n<p>\u201cAdem\u00e1s, los tr\u00e1mites que se realizan de manera presencial, podr\u00e1n presentarse por medios electr\u00f3nicos\u201d, indic\u00f3 la oficina.<\/p>\n<p>Tambi\u00e9n se\u00f1al\u00f3 que se dieron a conocer las reglas de operaci\u00f3n para obtener los beneficios del programa de regularizaci\u00f3n y estar en condiciones de aplicar el est\u00edmulo fiscal a que se refiere el Trig\u00e9simo Cuarto transitorio de la Ley de Ingresos de la Federaci\u00f3n para el ejercicio fiscal de 2025.<\/p>\n<p>\u201cSe aclara que los dep\u00f3sitos que obtengan las personas f\u00edsicas por concepto de programas sociales del Gobierno Federal, son inembargables\u201d, apunt\u00f3.<\/p>\n<p>Tambi\u00e9n inform\u00f3 que se brindar\u00e1 la facilidad a las personas f\u00edsicas que tributen en el R\u00e9gimen Simplificado de Confianza, que obtengan saldos a favor, de solicitar su devoluci\u00f3n en los pagos mensuales o de forma conjunta en enero del ejercicio inmediato posterior.<\/p>\n<p>\u201cDe igual forma, se recuerda que quienes deseen regresar a tributar en este r\u00e9gimen y cumplan con los requisitos para ello, podr\u00e1n presentar su aviso a m\u00e1s tardar el 31 de enero de 2025\u201d, detall\u00f3.<\/p>\n","protected":false},"excerpt":{"rendered":"<p>&nbsp; La Secretar\u00eda de Econom\u00eda (SE) espera abarcar todo el pa\u00eds con operativos para la incautaci\u00f3n de mercanc\u00edas il\u00edcitas procedentes de pa\u00edses asi\u00e1ticos, detall\u00f3 Marcelo Ebrard Casaub\u00f3n, titular de esta dependencia federal. \u201cLa instrucci\u00f3n que tenemos es continuar con estos operativos para cubrir toda la Rep\u00fablica Mexicana. A esta fecha llevamos cinco entidades federativas y [&hellip;]<\/p>\n","protected":false},"author":12,"featured_media":652192,"comment_status":"open","ping_status":"open","sticky":false,"template":"","format":"standard","meta":{"_monsterinsights_skip_tracking":false,"_monsterinsights_sitenote_active":false,"_monsterinsights_sitenote_note":"","_monsterinsights_sitenote_category":0,"footnotes":""},"categories":[16,8],"tags":[],"class_list":["post-652191","post","type-post","status-publish","format-standard","has-post-thumbnail","hentry","category-destacadas","category-finanzas"],"_links":{"self":[{"href":"https:\/\/www.diarioimagen.net\/index.php?rest_route=\/wp\/v2\/posts\/652191","targetHints":{"allow":["GET"]}}],"collection":[{"href":"https:\/\/www.diarioimagen.net\/index.php?rest_route=\/wp\/v2\/posts"}],"about":[{"href":"https:\/\/www.diarioimagen.net\/index.php?rest_route=\/wp\/v2\/types\/post"}],"author":[{"embeddable":true,"href":"https:\/\/www.diarioimagen.net\/index.php?rest_route=\/wp\/v2\/users\/12"}],"replies":[{"embeddable":true,"href":"https:\/\/www.diarioimagen.net\/index.php?rest_route=%2Fwp%2Fv2%2Fcomments&post=652191"}],"version-history":[{"count":1,"href":"https:\/\/www.diarioimagen.net\/index.php?rest_route=\/wp\/v2\/posts\/652191\/revisions"}],"predecessor-version":[{"id":652193,"href":"https:\/\/www.diarioimagen.net\/index.php?rest_route=\/wp\/v2\/posts\/652191\/revisions\/652193"}],"wp:featuredmedia":[{"embeddable":true,"href":"https:\/\/www.diarioimagen.net\/index.php?rest_route=\/wp\/v2\/media\/652192"}],"wp:attachment":[{"href":"https:\/\/www.diarioimagen.net\/index.php?rest_route=%2Fwp%2Fv2%2Fmedia&parent=652191"}],"wp:term":[{"taxonomy":"category","embeddable":true,"href":"https:\/\/www.diarioimagen.net\/index.php?rest_route=%2Fwp%2Fv2%2Fcategories&post=652191"},{"taxonomy":"post_tag","embeddable":true,"href":"https:\/\/www.diarioimagen.net\/index.php?rest_route=%2Fwp%2Fv2%2Ftags&post=652191"}],"curies":[{"name":"wp","href":"https:\/\/api.w.org\/{rel}","templated":true}]}}