{"id":652200,"date":"2025-01-06T00:10:54","date_gmt":"2025-01-06T06:10:54","guid":{"rendered":"https:\/\/www.diarioimagen.net\/?p=652200"},"modified":"2025-01-06T04:25:43","modified_gmt":"2025-01-06T10:25:43","slug":"veronica-plata-estudiante-uaemex-realiza-una-critica-a-la-oferta-de-la-vivienda-mediante-el-arte","status":"publish","type":"post","link":"https:\/\/www.diarioimagen.net\/?p=652200","title":{"rendered":"Ver\u00f3nica Plata, estudiante UAEM\u00e9x, realiza una  cr\u00edtica a la oferta de la vivienda mediante el arte"},"content":{"rendered":"<div id=\"attachment_652201\" style=\"width: 415px\" class=\"wp-caption aligncenter\"><img loading=\"lazy\" decoding=\"async\" aria-describedby=\"caption-attachment-652201\" class=\"wp-image-652201 size-large\" src=\"https:\/\/www.diarioimagen.net\/wp-content\/uploads\/2025\/01\/UAEM2--405x270.jpg\" alt=\"\" width=\"405\" height=\"270\" srcset=\"https:\/\/www.diarioimagen.net\/wp-content\/uploads\/2025\/01\/UAEM2--405x270.jpg 405w, https:\/\/www.diarioimagen.net\/wp-content\/uploads\/2025\/01\/UAEM2--240x160.jpg 240w, https:\/\/www.diarioimagen.net\/wp-content\/uploads\/2025\/01\/UAEM2--768x512.jpg 768w, https:\/\/www.diarioimagen.net\/wp-content\/uploads\/2025\/01\/UAEM2-.jpg 1333w\" sizes=\"auto, (max-width: 405px) 100vw, 405px\" \/><p id=\"caption-attachment-652201\" class=\"wp-caption-text\">Ver\u00f3nica Plata Reyeros, estudiante de la Licenciatura en Artes Pl\u00e1sticas de la Facultad de Artes de la UAEM\u00e9x, se\u00f1al\u00f3 que el arte es una de las formas m\u00e1s subjetivas al momento de conceptualizar.<\/p><\/div>\n<p>&nbsp;<\/p>\n<p>Toluca, M\u00e9x.- \u201cEl arte es una de las formas m\u00e1s subjetivas al momento de conceptualizar, porque depende de la mirada de lo que cada persona puede percibir sobre su vida y conocer lo que plasmaron es una forma de conocer su realidad\u201d, expres\u00f3 la estudiante de la Licenciatura en Artes Pl\u00e1sticas de la Facultad de Artes de la Universidad Aut\u00f3noma del Estado de M\u00e9xico (UAEM\u00e9x), Ver\u00f3nica Plata Reyeros, ganadora del tercer lugar, en la categor\u00eda de Estudiantes de Nivel Superior, de la d\u00e9cima edici\u00f3n de la Bienal Internacional de Arte Visual Universitario.<\/p>\n<p>La Bienal tiene como objetivo fomentar, identificar, reconocer y promover la actividad creativa de estudiantes, docentes y egresadas\/os en el \u00e1rea de las artes visuales de instituciones nacionales e internacionales, lo que permite conocer sus inquietudes por medio de sus obras.<\/p>\n<p>Con la tem\u00e1tica de esta edici\u00f3n sobre tolerancia, respeto y paz, una mirada desde el arte, Plata Reyeros realiza una introspecci\u00f3n sobre su vida a partir de las casas que ha habitado a lo largo de veinticinco a\u00f1os para hacer una cr\u00edtica a la crisis de vivienda que se expande en la entidad mexiquense y la apropiaci\u00f3n de los espacios.<\/p>\n<p>Su obra, que se titula \u201cYo tambi\u00e9n quiero un hogar\u201d, consta de una r\u00e9plica de la puerta de su vivienda actual que lleva sobre su espalda y hace un recorrido por los municipios de Toluca y Metepec para recopilar, por medio de la t\u00e9cnica del frotagge, las formas de las puertas de los hogares en los que ha habitado en alg\u00fan momento de su vida.<\/p>\n<p>Este proyecto es tambi\u00e9n una reflexi\u00f3n sobre el capitalismo que afecta a la necesidad habitacional de los individuos, es decir, que actualmente, las personas buscan una manera de habitar un lugar, pero no es posible porque la demanda y adquisici\u00f3n es costosa o complicada. El tsunami de concreto y el crecimiento en vertical sobre la habitabilidad de un espacio es un problema que no se est\u00e1 solucionando\u201d.<\/p>\n<p>\u201c\u00bfQu\u00e9 es lo que hace que un hogar sea un hogar?, \u00bfc\u00f3mo hacer nuestro un espacio? Eso es lo que quise plasmar, al pasar por tantos espacios y luego dejarlos para ir al siguiente, es complejo porque nos enfrentamos a una crisis de vivienda en donde las necesidades de las personas no importan, importa m\u00e1s el costo del alquiler y entonces tenemos que intervenir para sentir nuestro un espacio\u201d, detall\u00f3.<\/p>\n<p>Plata Reyeros acompa\u00f1a su obra con un video en el cual se puede observar su peregrinaje para capturar los detalles de las casas, calles, colores y zonas que conoci\u00f3 y con los que ahora se reencuentra. Asimismo, realiza una narraci\u00f3n sobre la inspiraci\u00f3n que retoma de su madre para habitar cada lugar que compartieron.<\/p>\n<p>\u201cYo tambi\u00e9n quiero un hogar\u201d es una invitaci\u00f3n a cuestionar c\u00f3mo se modifica una persona a partir del espacio y su apropiaci\u00f3n. Esta y otras obras que participaron en la Bienal 2024 se encontrar\u00e1n exhibidas en la Galer\u00eda D\u00e9lfica del Edificio UAEMITAS hasta el 31 de enero de 2025, en un horario de 9:00 a 18:00 horas.<\/p>\n","protected":false},"excerpt":{"rendered":"<p>&nbsp; Toluca, M\u00e9x.- \u201cEl arte es una de las formas m\u00e1s subjetivas al momento de conceptualizar, porque depende de la mirada de lo que cada persona puede percibir sobre su vida y conocer lo que plasmaron es una forma de conocer su realidad\u201d, expres\u00f3 la estudiante de la Licenciatura en Artes Pl\u00e1sticas de la Facultad [&hellip;]<\/p>\n","protected":false},"author":12,"featured_media":652201,"comment_status":"open","ping_status":"open","sticky":false,"template":"","format":"standard","meta":{"_monsterinsights_skip_tracking":false,"_monsterinsights_sitenote_active":false,"_monsterinsights_sitenote_note":"","_monsterinsights_sitenote_category":0,"footnotes":""},"categories":[16,5],"tags":[],"class_list":["post-652200","post","type-post","status-publish","format-standard","has-post-thumbnail","hentry","category-destacadas","category-estado-de-mexico"],"_links":{"self":[{"href":"https:\/\/www.diarioimagen.net\/index.php?rest_route=\/wp\/v2\/posts\/652200","targetHints":{"allow":["GET"]}}],"collection":[{"href":"https:\/\/www.diarioimagen.net\/index.php?rest_route=\/wp\/v2\/posts"}],"about":[{"href":"https:\/\/www.diarioimagen.net\/index.php?rest_route=\/wp\/v2\/types\/post"}],"author":[{"embeddable":true,"href":"https:\/\/www.diarioimagen.net\/index.php?rest_route=\/wp\/v2\/users\/12"}],"replies":[{"embeddable":true,"href":"https:\/\/www.diarioimagen.net\/index.php?rest_route=%2Fwp%2Fv2%2Fcomments&post=652200"}],"version-history":[{"count":1,"href":"https:\/\/www.diarioimagen.net\/index.php?rest_route=\/wp\/v2\/posts\/652200\/revisions"}],"predecessor-version":[{"id":652202,"href":"https:\/\/www.diarioimagen.net\/index.php?rest_route=\/wp\/v2\/posts\/652200\/revisions\/652202"}],"wp:featuredmedia":[{"embeddable":true,"href":"https:\/\/www.diarioimagen.net\/index.php?rest_route=\/wp\/v2\/media\/652201"}],"wp:attachment":[{"href":"https:\/\/www.diarioimagen.net\/index.php?rest_route=%2Fwp%2Fv2%2Fmedia&parent=652200"}],"wp:term":[{"taxonomy":"category","embeddable":true,"href":"https:\/\/www.diarioimagen.net\/index.php?rest_route=%2Fwp%2Fv2%2Fcategories&post=652200"},{"taxonomy":"post_tag","embeddable":true,"href":"https:\/\/www.diarioimagen.net\/index.php?rest_route=%2Fwp%2Fv2%2Ftags&post=652200"}],"curies":[{"name":"wp","href":"https:\/\/api.w.org\/{rel}","templated":true}]}}