{"id":652251,"date":"2025-01-07T00:10:28","date_gmt":"2025-01-07T06:10:28","guid":{"rendered":"https:\/\/www.diarioimagen.net\/?p=652251"},"modified":"2025-01-06T21:24:25","modified_gmt":"2025-01-07T03:24:25","slug":"se-incrementan-muertes-de-mexicanos-en-busca-del-sueno-americano","status":"publish","type":"post","link":"https:\/\/www.diarioimagen.net\/?p=652251","title":{"rendered":"Se incrementan muertes  de mexicanos en busca  del \u201csue\u00f1o americano\u201d"},"content":{"rendered":"<div id=\"attachment_652252\" style=\"width: 470px\" class=\"wp-caption aligncenter\"><img loading=\"lazy\" decoding=\"async\" aria-describedby=\"caption-attachment-652252\" class=\"wp-image-652252 size-large\" src=\"https:\/\/www.diarioimagen.net\/wp-content\/uploads\/2025\/01\/MIGRACION-OK-460x248.jpg\" alt=\"\" width=\"460\" height=\"248\" srcset=\"https:\/\/www.diarioimagen.net\/wp-content\/uploads\/2025\/01\/MIGRACION-OK-460x248.jpg 460w, https:\/\/www.diarioimagen.net\/wp-content\/uploads\/2025\/01\/MIGRACION-OK-240x130.jpg 240w, https:\/\/www.diarioimagen.net\/wp-content\/uploads\/2025\/01\/MIGRACION-OK-768x415.jpg 768w, https:\/\/www.diarioimagen.net\/wp-content\/uploads\/2025\/01\/MIGRACION-OK.jpg 1500w\" sizes=\"auto, (max-width: 460px) 100vw, 460px\" \/><p id=\"caption-attachment-652252\" class=\"wp-caption-text\">Los migrantes mexicanos no s\u00f3lo son el principal grupo con el mayor n\u00famero de detenciones, sino tambi\u00e9n los que m\u00e1s muertes acumulan al intentar cruzar de forma ilegal hacia suelo estadounidense.<\/p><\/div>\n<p>&nbsp;<\/p>\n<p>Pese al aumento de las restricciones de las pol\u00edticas migratorias en los Estados Unidos y a una mayor presencia de grupos delictivos en el trayecto hacia la frontera norte, los migrantes mexicanos no pierden la esperanza de alcanzar el \u201csue\u00f1o americano\u201d, por lo que estos no s\u00f3lo son el principal grupo con el mayor n\u00famero de detenciones, sino tambi\u00e9n los que m\u00e1s muertes acumulan al intentar cruzar de forma ilegal hacia suelo estadounidense.<\/p>\n<p>La cifra de connacionales que murieron buscando llegar a la Uni\u00f3n Americana aument\u00f3 467% en cinco a\u00f1os, al pasar de 124 fallecimientos en 2019, a 704 en 2023, de acuerdo con el \u00faltimo registro de la Oficina de Aduanas y Protecci\u00f3n Fronteriza de los Estados Unidos (CBP). El reporte revela que una de las principales causas de las muertes de migrantes son por la exposici\u00f3n al calor o al fr\u00edo, por querer atravesar el r\u00edo Bravo.<\/p>\n<p>Tonatiuh Guill\u00e9n L\u00f3pez, ex comisionado del Instituto Nacional de Migraci\u00f3n (INM), se\u00f1ala que mexicanos y no mexicanos en movilidad enfrentan condiciones muy vulnerables, y entre m\u00e1s duras sean las restricciones, entre m\u00e1s fuertes sean los aparatos de contenci\u00f3n, y sobre todo entre m\u00e1s obst\u00e1culos se encuentren, especialmente en el \u00faltimo momento del cruce fronterizo, las personas toman todo tipo de riesgo.<\/p>\n<p>\u201cHay personas que han fallecido en el r\u00edo, en el cruce especialmente en la parte de Texas, otras que tambi\u00e9n son v\u00edctimas de unas condiciones muy dif\u00edciles de cruce, fallecen con gran frecuencia por excesos de calor y deshidrataci\u00f3n, tambi\u00e9n es muy com\u00fan esto, sobre todo en la parte que corresponde a Arizona y parte de California o en las zonas altas, de monta\u00f1a y desierto, en este tiempo en particular. Incluso, sufren hasta agresiones que han terminado en la muerte de migrantes\u201d, comenta.<\/p>\n<p>La CBP reporta que la mayor\u00eda de las muertes registradas ocurren en los sectores Valle del R\u00edo Grande, Laredo, La Gran Curva, El Paso, Tucson, Yuma y San Diego.<\/p>\n<p>&nbsp;<\/p>\n<p><strong>Las muertes de migrantes, en el olvido<\/strong><\/p>\n<p><strong>\u00a0<\/strong><\/p>\n<p>Comenta el ex comisionado Guill\u00e9n L\u00f3pez que las muertes de connacionales registradas por la b\u00fasqueda del \u201camerican dream\u201d se encuentran en el olvido y en una completa invisibilidad.<\/p>\n<p>\u201cNo les hemos puesto suficiente relevancia. Y es un asunto fundamental y uno de los efectos m\u00e1s crudos y duros de la movilidad en la regi\u00f3n. Deber\u00edamos tenerlos con mucho m\u00e1s visibilidad y con las medidas adecuadas de previsi\u00f3n y con las medidas de reparaci\u00f3n, de alguna manera el Estado mexicano debe ser solidario.<\/p>\n<p>\u201cEn ocasiones, no hay ni para recursos ni para la repatriaci\u00f3n de cad\u00e1veres o para la identificaci\u00f3n de cad\u00e1veres, que es un asunto cr\u00edtico. Hay much\u00edsimos cad\u00e1veres que no tienen la adecuada identificaci\u00f3n, aunque se sospeche de qu\u00e9 nacionalidades sean y ah\u00ed creo que nos falta un ejercicio de solidaridad clara, pero tambi\u00e9n de responsabilidad del Estado de c\u00f3mo finalmente, aunque sea en esa circunstancia tan dif\u00edcil, tener los recursos y las estrategias apropiadas para hacer m\u00ednimos de reparaci\u00f3n del da\u00f1o de las personas y de sus familias\u201d, dice<\/p>\n<p>El ex funcionario federal explica que si los migrantes mexicanos son los que acumulan el mayor n\u00famero de muertes en la frontera norte, es debido a que son el principal grupo que intenta llegar a Estados Unidos ilegalmente.<\/p>\n<p>\u201cLa migraci\u00f3n no es un asunto menor, ni de \u00e9xito, sino todo lo contrario; es decir, cuando los mexicanos empezamos a movernos de nuevo es porque estamos enfrentando dificultades internas serias y a esto se le agrega que parte de la migraci\u00f3n de connacionales tambi\u00e9n es consecuencia de regiones que tienen un alto grado de criminalidad, como Michoac\u00e1n o Guerrero o parte de Jalisco, Zacatecas\u201d, refiere.<\/p>\n<p>Precisa que la violencia e inseguridad que enfrenta el pa\u00eds, no s\u00f3lo genera migraci\u00f3n, sino la b\u00fasqueda de refugio. \u201cEsta curva de deterioros econ\u00f3micos, de deterioro en el ambiente de seguridad, son los factores que han motivado a que los mexicanos volvi\u00e9ramos a salir a buscar alternativas en el extranjero\u201d, menciona.<\/p>\n<p>&nbsp;<\/p>\n<p><strong>Obligados a tomar rutas m\u00e1s dif\u00edciles<\/strong><\/p>\n<p>&nbsp;<\/p>\n<p>Por su parte, Eunice Rend\u00f3n, especialista en temas de migraci\u00f3n y seguridad nacional, se\u00f1ala que en el caso de mexicanos y no mexicanos, en ocasiones tienen que tomar rutas m\u00e1s dif\u00edciles por las amenazas de control, de la securitizaci\u00f3n y de la militarizaci\u00f3n, lo que aumenta los riesgos de perder la vida.<\/p>\n<p>\u201cUn tema importante es que son unidades familiares, no son migrantes solos, entonces eso tambi\u00e9n podr\u00eda aumentar los da\u00f1os, los accidentes para ni\u00f1os, por ejemplo, en los caminos m\u00e1s agrestes, resalta.<\/p>\n<p>Al igual que el ex comisionado Guill\u00e9n L\u00f3pez, Rend\u00f3n asegura que la principal causa por la que huyen los mexicanos es por la inseguridad.<\/p>\n<p>\u201cDe 2020 a la fecha han ido aumentando los flujos de mexicanos. De hecho, si vemos los n\u00fameros de la Patrulla Fronteriza, detuvieron a m\u00e1s de 350 mil mexicanos en 2020, en plena temporada de pandemia. Luego esa cifra subi\u00f3 a 650 mil, luego 750 mil y m\u00e1s o menos estamos en 800, entre 800 mil y un mill\u00f3n de mexicanos detenidos por la Patrulla Fronteriza en los dos a\u00f1os\u201d, agrega.<\/p>\n<p>&nbsp;<\/p>\n<p><strong>De la Fuente pide a c\u00f3nsules en EU desplegar la mejor diplomacia para proteger a mexicanos<\/strong><\/p>\n<p>&nbsp;<\/p>\n<p>Juan Ram\u00f3n de la Fuente, titular de la Secretar\u00eda de Relaciones Exteriores (SRE) pidi\u00f3 a los y las c\u00f3nsules en Estados Unidos desplegar \u201ccon toda su energ\u00eda, esa mejor diplomacia consular posible\u201d para proteger a los connacionales.<\/p>\n<p>Al encabezar este lunes 6 de enero la 36 Reuni\u00f3n de Titulares de Embajadas y Consulados 2025 (REC), el canciller tambi\u00e9n pidi\u00f3 a embajadores, embajadoras y representantes de M\u00e9xico en el exterior a proteger a las personas mexicanas, independientemente de su condici\u00f3n migratoria.<\/p>\n<p>\u201cQue esta red consular sea en los pr\u00f3ximos tiempos una fuente de apoyo, de confianza y de defensa de nuestros principios y de los derechos de nuestras y nuestros connacionales\u201d, expres\u00f3 el canciller en la Canciller\u00eda, tambi\u00e9n ante el contexto de la pr\u00f3xima entrada de Donald Trump a la Presidencia estadounidense y la amenaza de una deportaci\u00f3n masiva.<\/p>\n<p>De la Fuente se\u00f1al\u00f3 que en la SRE conf\u00edan en el Derecho como una herramienta para proteger a los connacionales que lo requieran y defender con herramientas sus derechos.<\/p>\n<p>\u201cSon tiempos para desplegar nuestra mejor diplomacia\u201d, expres\u00f3 De la Fuente al mencionar que M\u00e9xico espera una diplomacia profesional, \u00e9tica y efectiva. Les dijo que M\u00e9xico conf\u00eda en su experiencia, compromiso, dedicaci\u00f3n y vocaci\u00f3n de servicio.<\/p>\n<p>\u201cQueremos consulados de puertas abiertas, capaces de escuchar, entender y atender los puntos de vista, necesidades, preocupaciones y anhelos de nuestros paisanos\u201d, agreg\u00f3 el secretario de Relaciones Exteriores al refrendar que los mexicanos y las mexicanas en el exterior \u201cno est\u00e1n solos\u201d.<\/p>\n","protected":false},"excerpt":{"rendered":"<p>&nbsp; Pese al aumento de las restricciones de las pol\u00edticas migratorias en los Estados Unidos y a una mayor presencia de grupos delictivos en el trayecto hacia la frontera norte, los migrantes mexicanos no pierden la esperanza de alcanzar el \u201csue\u00f1o americano\u201d, por lo que estos no s\u00f3lo son el principal grupo con el mayor [&hellip;]<\/p>\n","protected":false},"author":12,"featured_media":652252,"comment_status":"open","ping_status":"open","sticky":false,"template":"","format":"standard","meta":{"_monsterinsights_skip_tracking":false,"_monsterinsights_sitenote_active":false,"_monsterinsights_sitenote_note":"","_monsterinsights_sitenote_category":0,"footnotes":""},"categories":[16,3],"tags":[],"class_list":["post-652251","post","type-post","status-publish","format-standard","has-post-thumbnail","hentry","category-destacadas","category-nacional"],"_links":{"self":[{"href":"https:\/\/www.diarioimagen.net\/index.php?rest_route=\/wp\/v2\/posts\/652251","targetHints":{"allow":["GET"]}}],"collection":[{"href":"https:\/\/www.diarioimagen.net\/index.php?rest_route=\/wp\/v2\/posts"}],"about":[{"href":"https:\/\/www.diarioimagen.net\/index.php?rest_route=\/wp\/v2\/types\/post"}],"author":[{"embeddable":true,"href":"https:\/\/www.diarioimagen.net\/index.php?rest_route=\/wp\/v2\/users\/12"}],"replies":[{"embeddable":true,"href":"https:\/\/www.diarioimagen.net\/index.php?rest_route=%2Fwp%2Fv2%2Fcomments&post=652251"}],"version-history":[{"count":1,"href":"https:\/\/www.diarioimagen.net\/index.php?rest_route=\/wp\/v2\/posts\/652251\/revisions"}],"predecessor-version":[{"id":652253,"href":"https:\/\/www.diarioimagen.net\/index.php?rest_route=\/wp\/v2\/posts\/652251\/revisions\/652253"}],"wp:featuredmedia":[{"embeddable":true,"href":"https:\/\/www.diarioimagen.net\/index.php?rest_route=\/wp\/v2\/media\/652252"}],"wp:attachment":[{"href":"https:\/\/www.diarioimagen.net\/index.php?rest_route=%2Fwp%2Fv2%2Fmedia&parent=652251"}],"wp:term":[{"taxonomy":"category","embeddable":true,"href":"https:\/\/www.diarioimagen.net\/index.php?rest_route=%2Fwp%2Fv2%2Fcategories&post=652251"},{"taxonomy":"post_tag","embeddable":true,"href":"https:\/\/www.diarioimagen.net\/index.php?rest_route=%2Fwp%2Fv2%2Ftags&post=652251"}],"curies":[{"name":"wp","href":"https:\/\/api.w.org\/{rel}","templated":true}]}}