{"id":652257,"date":"2025-01-07T00:10:00","date_gmt":"2025-01-07T06:10:00","guid":{"rendered":"https:\/\/www.diarioimagen.net\/?p=652257"},"modified":"2025-01-06T21:28:18","modified_gmt":"2025-01-07T03:28:18","slug":"alarma-por-un-aumento-de-enfermedades-respiratorias","status":"publish","type":"post","link":"https:\/\/www.diarioimagen.net\/?p=652257","title":{"rendered":"Alarma por un aumento de enfermedades respiratorias"},"content":{"rendered":"<div id=\"attachment_652258\" style=\"width: 402px\" class=\"wp-caption aligncenter\"><img loading=\"lazy\" decoding=\"async\" aria-describedby=\"caption-attachment-652258\" class=\"wp-image-652258 size-large\" src=\"https:\/\/www.diarioimagen.net\/wp-content\/uploads\/2025\/01\/NEUMONIA-OK-392x270.jpg\" alt=\"\" width=\"392\" height=\"270\" srcset=\"https:\/\/www.diarioimagen.net\/wp-content\/uploads\/2025\/01\/NEUMONIA-OK-392x270.jpg 392w, https:\/\/www.diarioimagen.net\/wp-content\/uploads\/2025\/01\/NEUMONIA-OK-240x165.jpg 240w, https:\/\/www.diarioimagen.net\/wp-content\/uploads\/2025\/01\/NEUMONIA-OK-768x529.jpg 768w, https:\/\/www.diarioimagen.net\/wp-content\/uploads\/2025\/01\/NEUMONIA-OK.jpg 1500w\" sizes=\"auto, (max-width: 392px) 100vw, 392px\" \/><p id=\"caption-attachment-652258\" class=\"wp-caption-text\">En redes sociales se han viralizado diversas publicaciones sobre el aumento de casos de neumon\u00eda y enfermedades respiratorias en varias regiones de China, pero se descarta una nueva pandemia.<\/p><\/div>\n<p>&nbsp;<\/p>\n<p>En los \u00faltimos d\u00edas se ha registrado un aumento de casos de neumon\u00eda y enfermedades respiratorias en varias partes del mundo, espec\u00edficamente en regiones de China, lo que ha ocasionado que en redes sociales se hable de una \u201cnueva pandemia\u201d.<\/p>\n<p>Este virus, conocido por causar infecciones respiratorias agudas (IRA), ha encendido las alarmas al mostrar un aumento significativo de casos, especialmente entre ni\u00f1os menores de 14 a\u00f1os en las provincias del norte del pa\u00eds asi\u00e1tico.<\/p>\n<p>Ante la preocupaci\u00f3n de varios usuarios, Alejandro Mac\u00edas, catedr\u00e1tico y m\u00e9dico mexicano, inform\u00f3 que el aumento de casos es una respuesta a los factores estacionales y climatol\u00f3gicos, por lo que no representa una emergencia sanitaria ni el inicio de una nueva pandemia.<\/p>\n<p>\u201cChina no ha declarado emergencias sanitarias por HMPV, solo ha estado informando de incremento de incidencia de virus estacionales en varias regiones. En algunas de esas regiones predomina, s\u00ed, el HMPV. No se trata de una emergencia sanitaria o del inicio de una pandemia\u201d, escribi\u00f3 Alejandro Mac\u00edas a trav\u00e9s de su cuenta de X.<\/p>\n<p>Asimismo, agreg\u00f3 que aunque el HMPV predomina en algunas regiones, no se trata de una situaci\u00f3n alarmante, pues el metapneumovirus humano (HMPV) se descubri\u00f3 en 2001 y se ha mantenido a lo largo de los a\u00f1os.<\/p>\n<p><strong>\u00a0<\/strong><\/p>\n<p><strong>\u00bfQu\u00e9 es el metapneumovirus humano (HMPV)?<\/strong><\/p>\n<p>&nbsp;<\/p>\n<p>El metapneumovirus humano ha estado presente en la poblaci\u00f3n mundial desde principios del siglo XXI y afecta principalmente el sistema respiratorio; principalmente, a ni\u00f1os y adultos mayores, quienes son los grupos m\u00e1s vulnerables a sus efectos.<\/p>\n<p>Dentro de sus s\u00edntomas, se encuentran: dificultad para respirar, tos, secreci\u00f3n nasal y dolor de garganta, similares a los de un resfriado com\u00fan. Sin embargo, la gravedad de la enfermedad puede variar dependiendo del estado de salud previo de cada paciente.<\/p>\n<p>En casos m\u00e1s severos, especialmente en personas con enfermedades preexistentes o sistemas inmunol\u00f3gicos debilitados, el HMPV puede derivar en complicaciones graves como neumon\u00eda o el agravamiento de enfermedades respiratorias cr\u00f3nicas.<\/p>\n<p>&nbsp;<\/p>\n<p><strong>El metapneumovirus humano no es nuevo<\/strong><\/p>\n<p>&nbsp;<\/p>\n<p>De acuerdo con la Facultad de Medicina de la Universidad Nacional Aut\u00f3noma de M\u00e9xico (UNAM) el virus fue descubierto hace m\u00e1s de dos d\u00e9cadas.<\/p>\n<p>Por lo que, seg\u00fan especialistas, como el profesor Alejandro Mac\u00edas, el aumento de casos en China responde a patrones estacionales que facilitan la propagaci\u00f3n de enfermedades respiratorias, particularmente durante los meses m\u00e1s fr\u00edos.<\/p>\n<p>Sin embargo, el reciente incremento de casos en China ha ocasionado que usuarios expresen su temor ante la posibilidad de enfrentar una nueva crisis sanitaria global, apenas cinco a\u00f1os despu\u00e9s del brote de coronavirus.<\/p>\n<p>Ante las especulaciones que circulan en Internet, expertos aseguran que no existen indicios de que el HMPV pueda desencadenar una situaci\u00f3n similar a la que se vivi\u00f3 con la pandemia de Covid-19.<\/p>\n","protected":false},"excerpt":{"rendered":"<p>&nbsp; En los \u00faltimos d\u00edas se ha registrado un aumento de casos de neumon\u00eda y enfermedades respiratorias en varias partes del mundo, espec\u00edficamente en regiones de China, lo que ha ocasionado que en redes sociales se hable de una \u201cnueva pandemia\u201d. Este virus, conocido por causar infecciones respiratorias agudas (IRA), ha encendido las alarmas al [&hellip;]<\/p>\n","protected":false},"author":12,"featured_media":652258,"comment_status":"open","ping_status":"open","sticky":false,"template":"","format":"standard","meta":{"_monsterinsights_skip_tracking":false,"_monsterinsights_sitenote_active":false,"_monsterinsights_sitenote_note":"","_monsterinsights_sitenote_category":0,"footnotes":""},"categories":[16,8],"tags":[],"class_list":["post-652257","post","type-post","status-publish","format-standard","has-post-thumbnail","hentry","category-destacadas","category-finanzas"],"_links":{"self":[{"href":"https:\/\/www.diarioimagen.net\/index.php?rest_route=\/wp\/v2\/posts\/652257","targetHints":{"allow":["GET"]}}],"collection":[{"href":"https:\/\/www.diarioimagen.net\/index.php?rest_route=\/wp\/v2\/posts"}],"about":[{"href":"https:\/\/www.diarioimagen.net\/index.php?rest_route=\/wp\/v2\/types\/post"}],"author":[{"embeddable":true,"href":"https:\/\/www.diarioimagen.net\/index.php?rest_route=\/wp\/v2\/users\/12"}],"replies":[{"embeddable":true,"href":"https:\/\/www.diarioimagen.net\/index.php?rest_route=%2Fwp%2Fv2%2Fcomments&post=652257"}],"version-history":[{"count":1,"href":"https:\/\/www.diarioimagen.net\/index.php?rest_route=\/wp\/v2\/posts\/652257\/revisions"}],"predecessor-version":[{"id":652259,"href":"https:\/\/www.diarioimagen.net\/index.php?rest_route=\/wp\/v2\/posts\/652257\/revisions\/652259"}],"wp:featuredmedia":[{"embeddable":true,"href":"https:\/\/www.diarioimagen.net\/index.php?rest_route=\/wp\/v2\/media\/652258"}],"wp:attachment":[{"href":"https:\/\/www.diarioimagen.net\/index.php?rest_route=%2Fwp%2Fv2%2Fmedia&parent=652257"}],"wp:term":[{"taxonomy":"category","embeddable":true,"href":"https:\/\/www.diarioimagen.net\/index.php?rest_route=%2Fwp%2Fv2%2Fcategories&post=652257"},{"taxonomy":"post_tag","embeddable":true,"href":"https:\/\/www.diarioimagen.net\/index.php?rest_route=%2Fwp%2Fv2%2Ftags&post=652257"}],"curies":[{"name":"wp","href":"https:\/\/api.w.org\/{rel}","templated":true}]}}