{"id":652305,"date":"2025-01-08T00:10:53","date_gmt":"2025-01-08T06:10:53","guid":{"rendered":"https:\/\/www.diarioimagen.net\/?p=652305"},"modified":"2025-01-07T23:42:21","modified_gmt":"2025-01-08T05:42:21","slug":"se-registra-perdida-historica-de-empleos-formales-en-diciembre","status":"publish","type":"post","link":"https:\/\/www.diarioimagen.net\/?p=652305","title":{"rendered":"Se registra p\u00e9rdida hist\u00f3rica de  empleos formales en diciembre"},"content":{"rendered":"<div id=\"attachment_652306\" style=\"width: 470px\" class=\"wp-caption aligncenter\"><img loading=\"lazy\" decoding=\"async\" aria-describedby=\"caption-attachment-652306\" class=\"wp-image-652306 size-large\" src=\"https:\/\/www.diarioimagen.net\/wp-content\/uploads\/2025\/01\/PERDIDA-DE-EMPLEOS-ok-460x259.jpg\" alt=\"\" width=\"460\" height=\"259\" srcset=\"https:\/\/www.diarioimagen.net\/wp-content\/uploads\/2025\/01\/PERDIDA-DE-EMPLEOS-ok-460x259.jpg 460w, https:\/\/www.diarioimagen.net\/wp-content\/uploads\/2025\/01\/PERDIDA-DE-EMPLEOS-ok-240x135.jpg 240w, https:\/\/www.diarioimagen.net\/wp-content\/uploads\/2025\/01\/PERDIDA-DE-EMPLEOS-ok-768x432.jpg 768w, https:\/\/www.diarioimagen.net\/wp-content\/uploads\/2025\/01\/PERDIDA-DE-EMPLEOS-ok-480x270.jpg 480w, https:\/\/www.diarioimagen.net\/wp-content\/uploads\/2025\/01\/PERDIDA-DE-EMPLEOS-ok-235x132.jpg 235w, https:\/\/www.diarioimagen.net\/wp-content\/uploads\/2025\/01\/PERDIDA-DE-EMPLEOS-ok-202x114.jpg 202w, https:\/\/www.diarioimagen.net\/wp-content\/uploads\/2025\/01\/PERDIDA-DE-EMPLEOS-ok-350x196.jpg 350w, https:\/\/www.diarioimagen.net\/wp-content\/uploads\/2025\/01\/PERDIDA-DE-EMPLEOS-ok-220x123.jpg 220w, https:\/\/www.diarioimagen.net\/wp-content\/uploads\/2025\/01\/PERDIDA-DE-EMPLEOS-ok-237x132.jpg 237w, https:\/\/www.diarioimagen.net\/wp-content\/uploads\/2025\/01\/PERDIDA-DE-EMPLEOS-ok.jpg 1500w\" sizes=\"auto, (max-width: 460px) 100vw, 460px\" \/><p id=\"caption-attachment-652306\" class=\"wp-caption-text\">En diciembre fueron eliminados m\u00e1s de 400,000 empleos formales, la desaparici\u00f3n de puestos de trabajo m\u00e1s profunda para ese mes desde que se tiene registro.<\/p><\/div>\n<p>&nbsp;<\/p>\n<p><strong>La econom\u00eda podr\u00eda estar cerca de un estancamiento o recesi\u00f3n, seg\u00fan Grupo Base<\/strong><\/p>\n<p>&nbsp;<\/p>\n<p>El empleo formal en M\u00e9xico sufri\u00f3 una fuerte ca\u00edda en diciembre de 2024, con la p\u00e9rdida de 405,259 plazas laborales, la cifra m\u00e1s alta registrada en m\u00e1s de una d\u00e9cada, pese a los esfuerzos del gobierno federal, que, incluso, envi\u00f3 cartas a las empresas para evitar la cancelaci\u00f3n irregular de empleos.<\/p>\n<p>De acuerdo con el reporte mensual del Instituto Mexicano del Seguro Social (IMSS), las empresas eliminaron 256,998 empleos permanentes, es decir, aquellos con contrato por tiempo indefinido, lo que representa el 63.4% de la p\u00e9rdida total. Adem\u00e1s, el empleo eventual, relacionado con trabajos temporales, tambi\u00e9n se vio afectado con la cancelaci\u00f3n de 148,261 puestos.<\/p>\n<p>A pesar de que los especialistas hab\u00edan anticipado un cierre complicado para el empleo en 2024, con una p\u00e9rdida estimada de m\u00e1s de 300,000 puestos, los datos fueron a\u00fan m\u00e1s negativos, resultando en la creaci\u00f3n de s\u00f3lo 213,993 nuevas plazas laborales, la peor cifra para un inicio de sexenio.<\/p>\n<p>El informe del IMSS tambi\u00e9n resalta que, en t\u00e9rminos anuales, el pa\u00eds registr\u00f3 un crecimiento de apenas 213,993 empleos, equivalente a una tasa de crecimiento del 1.0%. Esta cifra es significativamente inferior a la de 2023 (651,490 empleos creados) y a la de 2021 (846,416 empleos).<\/p>\n<p>Los sectores m\u00e1s afectados fueron la construcci\u00f3n, con una reducci\u00f3n del 6.3% en la ocupaci\u00f3n, y el sector agropecuario, que registr\u00f3 una ca\u00edda del 2.5%. Por el contrario, los sectores de transportes y comunicaciones (+3.9%), comercio (+2.8%), y electricidad (+2.3%) mostraron los mayores aumentos en empleo.<\/p>\n<p>A nivel estatal, Tabasco destac\u00f3 con la mayor ca\u00edda en el empleo, perdiendo un 12.2% de puestos, seguido por Campeche (-4.2%) y Zacatecas (-2.8%). En contraste, el Estado de M\u00e9xico, Hidalgo, Guerrero, Chiapas y Nuevo Le\u00f3n fueron las entidades con el mayor incremento en el empleo.<\/p>\n<p>Adem\u00e1s de la ca\u00edda en la creaci\u00f3n de empleos, tambi\u00e9n se observ\u00f3 una reducci\u00f3n en el n\u00famero de empleadores registrados ante el IMSS, con una disminuci\u00f3n del 1.7%.<\/p>\n<p>&nbsp;<\/p>\n<p><strong>La econom\u00eda podr\u00eda estar cerca de un estancamiento <\/strong><\/p>\n<p>&nbsp;<\/p>\n<p>Al respecto, el \u00e1rea de an\u00e1lisis de Grupo Financiero BASE, advirti\u00f3 que la ca\u00edda de 1.8% en el empleo formal es la m\u00e1s alta para un mismo mes desde que se tiene registro, en el a\u00f1o 2000.<\/p>\n<p>Precis\u00f3 que si bien en diciembre siempre se reporta una disminuci\u00f3n fuerte en el nivel de empleo formal, la ca\u00edda es la mayor para cualquier mes desde abril de 2020, cuando se perdieron poco m\u00e1s de medio mill\u00f3n de empleos a causa del impacto de la pandemia del Covid-19.<\/p>\n<p>En t\u00e9rminos relativos, la ca\u00edda de 1.8% tambi\u00e9n es la mayor desde abril de 2020, cuando cay\u00f3 2.71%.<\/p>\n<p>Ignorando las variaciones que se debieron a la pandemia, la ca\u00edda de 1.8% en diciembre es la mayor desde diciembre de 2018 (1.85%); es decir, supera la ca\u00edda observada en 2019, cuando en M\u00e9xico se tuvo una recesi\u00f3n.<\/p>\n<p>\u201cLa fuerte p\u00e9rdida de empleo en diciembre es preocupante, ya que sugiere que la econom\u00eda podr\u00eda encontrarse cerca de entrar en un estancamiento o recesi\u00f3n. La tendencia en la tasa de crecimiento anual tambi\u00e9n parece mostrar que pronto se podr\u00edan registrar tasas negativas\u201d, apunt\u00f3 la instituci\u00f3n financiera.<\/p>\n<p>\u201cSin embargo, es importante considerar que la desaceleraci\u00f3n tambi\u00e9n se da en un momento en que la tasa de desempleo se ubica cerca de m\u00ednimos hist\u00f3ricos\u201d, agreg\u00f3.<\/p>\n<p>Base indic\u00f3 que a tasa anual el empleo registr\u00f3 un crecimiento de 0.97% en diciembre, la m\u00e1s d\u00e9bil desde abril de 2021, cuando las variaciones anuales se moderaron despu\u00e9s de que transcurriera un a\u00f1o completo desde el golpe fuerte de la pandemia en abril de 2020.<\/p>\n<p>&nbsp;<\/p>\n<p><strong>El salario promedio y otros datos relevantes<\/strong><\/p>\n<p>&nbsp;<\/p>\n<p>En cuanto al salario, el salario base de cotizaci\u00f3n promedio alcanz\u00f3 los 587.4 pesos diarios, lo que representa un aumento anual del 9.2%, el tercero m\u00e1s alto registrado en los \u00faltimos 23 a\u00f1os. A pesar de la p\u00e9rdida de empleos, el IMSS inform\u00f3 que sigue brindando seguridad social a m\u00e1s de 8.5 millones de personas en diversas modalidades de ocupaci\u00f3n.<\/p>\n<p>En resumen, 2024 cerr\u00f3 con una cifra preocupante de p\u00e9rdida de empleos formales, lo que plantea desaf\u00edos significativos para la econom\u00eda mexicana en los pr\u00f3ximos a\u00f1os.<\/p>\n","protected":false},"excerpt":{"rendered":"<p>&nbsp; La econom\u00eda podr\u00eda estar cerca de un estancamiento o recesi\u00f3n, seg\u00fan Grupo Base &nbsp; El empleo formal en M\u00e9xico sufri\u00f3 una fuerte ca\u00edda en diciembre de 2024, con la p\u00e9rdida de 405,259 plazas laborales, la cifra m\u00e1s alta registrada en m\u00e1s de una d\u00e9cada, pese a los esfuerzos del gobierno federal, que, incluso, envi\u00f3 [&hellip;]<\/p>\n","protected":false},"author":12,"featured_media":652306,"comment_status":"open","ping_status":"open","sticky":false,"template":"","format":"standard","meta":{"_monsterinsights_skip_tracking":false,"_monsterinsights_sitenote_active":false,"_monsterinsights_sitenote_note":"","_monsterinsights_sitenote_category":0,"footnotes":""},"categories":[16,8],"tags":[],"class_list":["post-652305","post","type-post","status-publish","format-standard","has-post-thumbnail","hentry","category-destacadas","category-finanzas"],"_links":{"self":[{"href":"https:\/\/www.diarioimagen.net\/index.php?rest_route=\/wp\/v2\/posts\/652305","targetHints":{"allow":["GET"]}}],"collection":[{"href":"https:\/\/www.diarioimagen.net\/index.php?rest_route=\/wp\/v2\/posts"}],"about":[{"href":"https:\/\/www.diarioimagen.net\/index.php?rest_route=\/wp\/v2\/types\/post"}],"author":[{"embeddable":true,"href":"https:\/\/www.diarioimagen.net\/index.php?rest_route=\/wp\/v2\/users\/12"}],"replies":[{"embeddable":true,"href":"https:\/\/www.diarioimagen.net\/index.php?rest_route=%2Fwp%2Fv2%2Fcomments&post=652305"}],"version-history":[{"count":1,"href":"https:\/\/www.diarioimagen.net\/index.php?rest_route=\/wp\/v2\/posts\/652305\/revisions"}],"predecessor-version":[{"id":652307,"href":"https:\/\/www.diarioimagen.net\/index.php?rest_route=\/wp\/v2\/posts\/652305\/revisions\/652307"}],"wp:featuredmedia":[{"embeddable":true,"href":"https:\/\/www.diarioimagen.net\/index.php?rest_route=\/wp\/v2\/media\/652306"}],"wp:attachment":[{"href":"https:\/\/www.diarioimagen.net\/index.php?rest_route=%2Fwp%2Fv2%2Fmedia&parent=652305"}],"wp:term":[{"taxonomy":"category","embeddable":true,"href":"https:\/\/www.diarioimagen.net\/index.php?rest_route=%2Fwp%2Fv2%2Fcategories&post=652305"},{"taxonomy":"post_tag","embeddable":true,"href":"https:\/\/www.diarioimagen.net\/index.php?rest_route=%2Fwp%2Fv2%2Ftags&post=652305"}],"curies":[{"name":"wp","href":"https:\/\/api.w.org\/{rel}","templated":true}]}}