{"id":652326,"date":"2025-01-08T00:10:16","date_gmt":"2025-01-08T06:10:16","guid":{"rendered":"https:\/\/www.diarioimagen.net\/?p=652326"},"modified":"2025-01-08T00:00:29","modified_gmt":"2025-01-08T06:00:29","slug":"alista-gem-el-plan-de-restauracion-ecologica-del-rio-lerma-santiago","status":"publish","type":"post","link":"https:\/\/www.diarioimagen.net\/?p=652326","title":{"rendered":"Alista GEM el Plan de Restauraci\u00f3n Ecol\u00f3gica del R\u00edo Lerma-Santiago"},"content":{"rendered":"<div id=\"attachment_652327\" style=\"width: 415px\" class=\"wp-caption aligncenter\"><img loading=\"lazy\" decoding=\"async\" aria-describedby=\"caption-attachment-652327\" class=\"wp-image-652327 size-large\" src=\"https:\/\/www.diarioimagen.net\/wp-content\/uploads\/2025\/01\/EDOMEX-2-ok-3-405x270.jpg\" alt=\"\" width=\"405\" height=\"270\" srcset=\"https:\/\/www.diarioimagen.net\/wp-content\/uploads\/2025\/01\/EDOMEX-2-ok-3-405x270.jpg 405w, https:\/\/www.diarioimagen.net\/wp-content\/uploads\/2025\/01\/EDOMEX-2-ok-3-240x160.jpg 240w, https:\/\/www.diarioimagen.net\/wp-content\/uploads\/2025\/01\/EDOMEX-2-ok-3-768x511.jpg 768w, https:\/\/www.diarioimagen.net\/wp-content\/uploads\/2025\/01\/EDOMEX-2-ok-3.jpg 1500w\" sizes=\"auto, (max-width: 405px) 100vw, 405px\" \/><p id=\"caption-attachment-652327\" class=\"wp-caption-text\">Se prepara la primera etapa del Plan de Saneamiento y Restauraci\u00f3n Ecol\u00f3gica del R\u00edo Lerma-Santiago, que beneficiar\u00e1 a m\u00e1s de 1.2 millones de mexiquenses<\/p><\/div>\n<p>&nbsp;<\/p>\n<p>La presidenta Claudia Sheinbaum Pardo present\u00f3 Olinia, la primera armadora de mini veh\u00edculos el\u00e9ctricos desarrollados en M\u00e9xico, cuyo objetivo es brindar una opci\u00f3n de movilidad urbana segura, eficiente y sustentable, al alcance de millones de mexicanos y mexicanas.<\/p>\n<p>Toluca, Estado de M\u00e9xico.- El Gobierno del Estado de M\u00e9xico, encabezado por la Maestra Delfina G\u00f3mez \u00c1lvarez prepara la primera etapa del Plan de Saneamiento y Restauraci\u00f3n Ecol\u00f3gica del R\u00edo Lerma-Santiago, que beneficiar\u00e1 a m\u00e1s de 1.2 millones de mexiquenses, una acci\u00f3n que forma parte del proyecto presidencial de rescate del afluente anunciado por la Presidenta Claudia Sheinbaum Pardo.<\/p>\n<p>A trav\u00e9s de la Secretar\u00eda del Agua estatal (SAGUA) la primera etapa iniciar\u00e1 en el alto Lerma, en territorio mexiquense, de acuerdo con una propuesta que combina los conocimientos tradicionales de las comunidades, en el rescate de la ci\u00e9nega de Lerma y de los ecosistemas en la entidad asociados al r\u00edo, con la adopci\u00f3n de tecnolog\u00edas de punta.<\/p>\n<p>Se contempla la gesti\u00f3n circular del agua, combinada con la cosmovisi\u00f3n de los pueblos ind\u00edgenas y pobladores de las comunidades vecinas al R\u00edo Lerma, a trav\u00e9s de un taller participativo que abona al Programa H\u00eddrico Integral de esta regi\u00f3n.<\/p>\n<p>&nbsp;<\/p>\n<p>Como parte del cambio de paradigma, la Secretar\u00eda del Agua trabaja desde la base social para impulsar proyectos enfocados al contexto y beneficio de los habitantes de la zona.<\/p>\n<p>El plan de rescate del alto Lerma representa una oportunidad para reactivar la econom\u00eda de las comunidades pr\u00f3ximas a este afluente, por lo que se buscar\u00e1 el impulso mediante humedales, parques, ciclov\u00edas y otras actividades culturales.<\/p>\n<p>El saneamiento de este cuerpo de agua, adem\u00e1s de abonar a la restauraci\u00f3n ambiental del entorno, encaminar\u00e1 al mejoramiento de la regi\u00f3n en cuanto a calidad de vida, la econom\u00eda y la lucha contra el cambio clim\u00e1tico.<\/p>\n<p>Desde la SAGUA se recuperar\u00e1n las fuentes h\u00eddricas y las corrientes que abastecen al R\u00edo Lerma, en lo que corresponde a saneamiento. Tambi\u00e9n, se aprovechar\u00e1n las mejores tecnolog\u00edas para la recuperaci\u00f3n de las plantas de tratamiento de aguas residuales que se encuentran en el trayecto del r\u00edo, en territorio mexiquense, lo que permitir\u00e1 el intercambio del recurso h\u00eddrico con los agricultores.<\/p>\n<p>Cabe se\u00f1alar que el R\u00edo Lerma, pasa por 43 municipios del Estado de M\u00e9xico y cruza por cuatro estados m\u00e1s: Quer\u00e9taro, Jalisco, Michoac\u00e1n y Guanajuato; conformando la macrorregi\u00f3n de la Cuenca Lerma-Chapala-Santiago; nace en el valle m\u00e1s elevado de M\u00e9xico, el de Toluca, hasta llegar al Lago de Chapala, en Jalisco, por lo que, al dar inicio a los citados trabajos, se lograr\u00e1 un efecto inmediato en beneficios de las comunidades ribere\u00f1as.<\/p>\n","protected":false},"excerpt":{"rendered":"<p>&nbsp; La presidenta Claudia Sheinbaum Pardo present\u00f3 Olinia, la primera armadora de mini veh\u00edculos el\u00e9ctricos desarrollados en M\u00e9xico, cuyo objetivo es brindar una opci\u00f3n de movilidad urbana segura, eficiente y sustentable, al alcance de millones de mexicanos y mexicanas. Toluca, Estado de M\u00e9xico.- El Gobierno del Estado de M\u00e9xico, encabezado por la Maestra Delfina G\u00f3mez [&hellip;]<\/p>\n","protected":false},"author":12,"featured_media":652327,"comment_status":"open","ping_status":"open","sticky":false,"template":"","format":"standard","meta":{"_monsterinsights_skip_tracking":false,"_monsterinsights_sitenote_active":false,"_monsterinsights_sitenote_note":"","_monsterinsights_sitenote_category":0,"footnotes":""},"categories":[5],"tags":[],"class_list":["post-652326","post","type-post","status-publish","format-standard","has-post-thumbnail","hentry","category-estado-de-mexico"],"_links":{"self":[{"href":"https:\/\/www.diarioimagen.net\/index.php?rest_route=\/wp\/v2\/posts\/652326","targetHints":{"allow":["GET"]}}],"collection":[{"href":"https:\/\/www.diarioimagen.net\/index.php?rest_route=\/wp\/v2\/posts"}],"about":[{"href":"https:\/\/www.diarioimagen.net\/index.php?rest_route=\/wp\/v2\/types\/post"}],"author":[{"embeddable":true,"href":"https:\/\/www.diarioimagen.net\/index.php?rest_route=\/wp\/v2\/users\/12"}],"replies":[{"embeddable":true,"href":"https:\/\/www.diarioimagen.net\/index.php?rest_route=%2Fwp%2Fv2%2Fcomments&post=652326"}],"version-history":[{"count":1,"href":"https:\/\/www.diarioimagen.net\/index.php?rest_route=\/wp\/v2\/posts\/652326\/revisions"}],"predecessor-version":[{"id":652328,"href":"https:\/\/www.diarioimagen.net\/index.php?rest_route=\/wp\/v2\/posts\/652326\/revisions\/652328"}],"wp:featuredmedia":[{"embeddable":true,"href":"https:\/\/www.diarioimagen.net\/index.php?rest_route=\/wp\/v2\/media\/652327"}],"wp:attachment":[{"href":"https:\/\/www.diarioimagen.net\/index.php?rest_route=%2Fwp%2Fv2%2Fmedia&parent=652326"}],"wp:term":[{"taxonomy":"category","embeddable":true,"href":"https:\/\/www.diarioimagen.net\/index.php?rest_route=%2Fwp%2Fv2%2Fcategories&post=652326"},{"taxonomy":"post_tag","embeddable":true,"href":"https:\/\/www.diarioimagen.net\/index.php?rest_route=%2Fwp%2Fv2%2Ftags&post=652326"}],"curies":[{"name":"wp","href":"https:\/\/api.w.org\/{rel}","templated":true}]}}