{"id":652426,"date":"2025-01-09T00:10:21","date_gmt":"2025-01-09T06:10:21","guid":{"rendered":"https:\/\/www.diarioimagen.net\/?p=652426"},"modified":"2025-01-08T23:41:26","modified_gmt":"2025-01-09T05:41:26","slug":"diego-calva-y-noe-hernandez-protagonizaran-celda-211","status":"publish","type":"post","link":"https:\/\/www.diarioimagen.net\/?p=652426","title":{"rendered":"Diego Calva y No\u00e9 Hern\u00e1ndez  protagonizar\u00e1n \u201cCelda 211\u201d"},"content":{"rendered":"<div id=\"attachment_652427\" style=\"width: 226px\" class=\"wp-caption aligncenter\"><img loading=\"lazy\" decoding=\"async\" aria-describedby=\"caption-attachment-652427\" class=\"wp-image-652427 size-large\" src=\"https:\/\/www.diarioimagen.net\/wp-content\/uploads\/2025\/01\/NETFLIX-216x270.jpg\" alt=\"\" width=\"216\" height=\"270\" srcset=\"https:\/\/www.diarioimagen.net\/wp-content\/uploads\/2025\/01\/NETFLIX-216x270.jpg 216w, https:\/\/www.diarioimagen.net\/wp-content\/uploads\/2025\/01\/NETFLIX-192x240.jpg 192w, https:\/\/www.diarioimagen.net\/wp-content\/uploads\/2025\/01\/NETFLIX-768x960.jpg 768w, https:\/\/www.diarioimagen.net\/wp-content\/uploads\/2025\/01\/NETFLIX-1228x1536.jpg 1228w, https:\/\/www.diarioimagen.net\/wp-content\/uploads\/2025\/01\/NETFLIX.jpg 1333w\" sizes=\"auto, (max-width: 216px) 100vw, 216px\" \/><p id=\"caption-attachment-652427\" class=\"wp-caption-text\">Celda 211 es una serie limitada de seis episodios que oscila entre el drama y el thriller.<\/p><\/div>\n<p>&nbsp;<\/p>\n<p>Inspirada en los hechos que sucedieron en el Centro de Reinserci\u00f3n Social para Adultos 3, de Ciudad Ju\u00e1rez, Chihuahua, el 1 de enero del 2023, Celda 211 es una serie limitada de seis episodios que oscila entre el drama y el thriller, al adaptar a la realidad mexicana la novela hom\u00f3nima de Francisco P\u00e9rez Gandul. La historia llegar\u00e1 a Netflix el pr\u00f3ximo 5 de febrero.<\/p>\n<p>&nbsp;<\/p>\n<p>Protagonizada por Diego Calva, en un tipo de rol en el que nunca antes lo hemos visto, y No\u00e9 Hern\u00e1ndez, quien interpreta a un reo que llevar\u00e1 al personaje de Calva a vivir situaciones l\u00edmite y contrarreloj, tambi\u00e9n cuenta con las actuaciones de Ana Sof\u00eda Gatica, Karina Gidi, \u00darsula Pruneda, Roberto Duarte, Giovanna Zacar\u00edas, Alejandro Puente, entre otros. Cuenta con la direcci\u00f3n de Jaime Reynoso y Gerardo Naranjo, bajo la producci\u00f3n de Woo Films.<\/p>\n<p>&nbsp;<\/p>\n<p>Celda 211 se estrena el 5 de febrero solo en Netflix.<\/p>\n<p>&nbsp;<\/p>\n<p>Acerca de Celda 211<\/p>\n<p>SINOPSIS: Atrapado en un mot\u00edn en prisi\u00f3n, un abogado de derechos humanos se hace pasar por recluso para sobrevivir, hasta que el caos y una p\u00e9rdida personal revelan su lado m\u00e1s oscuro.<\/p>\n<p>DIRECCI\u00d3N: Jaime Reynoso, Gerardo Naranjo<\/p>\n<p>ESCRITA POR: Umaru Robles, Enrique Videla, Gibr\u00e1n Portela, Paula del Fierro, Javier Pe\u00f1alosa, Tania Tinajero y C\u00e9sar G\u00e1ndara<\/p>\n<p>PRODUCCI\u00d3N: Woo Films<\/p>\n<p>PRODUCCI\u00d3N EJECUTIVA: Rafael Ley, Vanessa Castro, Mariana Aceves y Alejandra Gonz\u00e1lez Reygadas<\/p>\n<p>ELENCO: Diego Calva (El secreto del r\u00edo), No\u00e9 Hern\u00e1ndez (Pedro P\u00e1ramo), Ana Sof\u00eda Gatica (Control Z), Karina Gidi (Los adioses), \u00darsula Pruneda (El sue\u00f1o de Lu), Roberto Duarte (El baile de los 41), Giovanna Zacar\u00edas (Pedro P\u00e1ramo), Alejandro Puente (Rebelde), Pedro de Tavira (Belascoar\u00e1n), entre otros.<\/p>\n<p>&nbsp;<\/p>\n<p>Netflix es uno de los principales servicios de entretenimiento del mundo, con m\u00e1s de 283 millones de membres\u00edas de pago en m\u00e1s de 190 pa\u00edses. Nuestros miembros disfrutan de series, pel\u00edculas y juegos en una variedad de g\u00e9neros e idiomas. Adem\u00e1s, pueden reproducir, pausar y reanudar contenido cuando y donde quieran, y pueden cambiar de plan en cualquier momento.<\/p>\n","protected":false},"excerpt":{"rendered":"<p>&nbsp; Inspirada en los hechos que sucedieron en el Centro de Reinserci\u00f3n Social para Adultos 3, de Ciudad Ju\u00e1rez, Chihuahua, el 1 de enero del 2023, Celda 211 es una serie limitada de seis episodios que oscila entre el drama y el thriller, al adaptar a la realidad mexicana la novela hom\u00f3nima de Francisco P\u00e9rez [&hellip;]<\/p>\n","protected":false},"author":12,"featured_media":652427,"comment_status":"open","ping_status":"open","sticky":false,"template":"","format":"standard","meta":{"_monsterinsights_skip_tracking":false,"_monsterinsights_sitenote_active":false,"_monsterinsights_sitenote_note":"","_monsterinsights_sitenote_category":0,"footnotes":""},"categories":[13,12,29846,30291],"tags":[],"class_list":["post-652426","post","type-post","status-publish","format-standard","has-post-thumbnail","hentry","category-consejos","category-espectaculos","category-memes-espectaculos","category-opinion-espectaculos"],"_links":{"self":[{"href":"https:\/\/www.diarioimagen.net\/index.php?rest_route=\/wp\/v2\/posts\/652426","targetHints":{"allow":["GET"]}}],"collection":[{"href":"https:\/\/www.diarioimagen.net\/index.php?rest_route=\/wp\/v2\/posts"}],"about":[{"href":"https:\/\/www.diarioimagen.net\/index.php?rest_route=\/wp\/v2\/types\/post"}],"author":[{"embeddable":true,"href":"https:\/\/www.diarioimagen.net\/index.php?rest_route=\/wp\/v2\/users\/12"}],"replies":[{"embeddable":true,"href":"https:\/\/www.diarioimagen.net\/index.php?rest_route=%2Fwp%2Fv2%2Fcomments&post=652426"}],"version-history":[{"count":1,"href":"https:\/\/www.diarioimagen.net\/index.php?rest_route=\/wp\/v2\/posts\/652426\/revisions"}],"predecessor-version":[{"id":652428,"href":"https:\/\/www.diarioimagen.net\/index.php?rest_route=\/wp\/v2\/posts\/652426\/revisions\/652428"}],"wp:featuredmedia":[{"embeddable":true,"href":"https:\/\/www.diarioimagen.net\/index.php?rest_route=\/wp\/v2\/media\/652427"}],"wp:attachment":[{"href":"https:\/\/www.diarioimagen.net\/index.php?rest_route=%2Fwp%2Fv2%2Fmedia&parent=652426"}],"wp:term":[{"taxonomy":"category","embeddable":true,"href":"https:\/\/www.diarioimagen.net\/index.php?rest_route=%2Fwp%2Fv2%2Fcategories&post=652426"},{"taxonomy":"post_tag","embeddable":true,"href":"https:\/\/www.diarioimagen.net\/index.php?rest_route=%2Fwp%2Fv2%2Ftags&post=652426"}],"curies":[{"name":"wp","href":"https:\/\/api.w.org\/{rel}","templated":true}]}}