{"id":652547,"date":"2025-01-13T00:10:33","date_gmt":"2025-01-13T06:10:33","guid":{"rendered":"https:\/\/www.diarioimagen.net\/?p=652547"},"modified":"2025-01-13T03:54:05","modified_gmt":"2025-01-13T09:54:05","slug":"continua-renovacion-de-infraestructura-de-todos-los-campus-de-la-uaemex","status":"publish","type":"post","link":"https:\/\/www.diarioimagen.net\/?p=652547","title":{"rendered":"Contin\u00faa renovaci\u00f3n de  infraestructura de todos  los campus de la UAEM\u00e9x"},"content":{"rendered":"<div id=\"attachment_652548\" style=\"width: 430px\" class=\"wp-caption aligncenter\"><img loading=\"lazy\" decoding=\"async\" aria-describedby=\"caption-attachment-652548\" class=\"wp-image-652548 size-large\" src=\"https:\/\/www.diarioimagen.net\/wp-content\/uploads\/2025\/01\/UAEM-1-3-420x270.jpg\" alt=\"\" width=\"420\" height=\"270\" srcset=\"https:\/\/www.diarioimagen.net\/wp-content\/uploads\/2025\/01\/UAEM-1-3-420x270.jpg 420w, https:\/\/www.diarioimagen.net\/wp-content\/uploads\/2025\/01\/UAEM-1-3-240x154.jpg 240w, https:\/\/www.diarioimagen.net\/wp-content\/uploads\/2025\/01\/UAEM-1-3-768x494.jpg 768w, https:\/\/www.diarioimagen.net\/wp-content\/uploads\/2025\/01\/UAEM-1-3.jpg 1333w\" sizes=\"auto, (max-width: 420px) 100vw, 420px\" \/><p id=\"caption-attachment-652548\" class=\"wp-caption-text\">Carlos Eduardo Barrera D\u00edaz, rector de la UAEM\u00e9x, entreg\u00f3 el Edificio \u00abG\u00bb de la Unidad Acad\u00e9mica Profesional Chimalhuac\u00e1n, espacio destinado a la formaci\u00f3n de universitarios profesionales y comprometidos con la sociedad.<\/p><\/div>\n<p>&nbsp;<\/p>\n<p>Chimalhuac\u00e1n, M\u00e9x.- El rector de la Universidad Aut\u00f3noma del Estado de M\u00e9xico (UAEM\u00e9x), Carlos Eduardo Barrera D\u00edaz, entreg\u00f3 el Edificio \u00abG\u00bb de la Unidad Acad\u00e9mica Profesional Chimalhuac\u00e1n, espacio destinado a la formaci\u00f3n de universitarios profesionales y comprometidos con la sociedad.<\/p>\n<p>Acompa\u00f1ado de la secretaria de Administraci\u00f3n de la instituci\u00f3n, Er\u00e9ndira Fierro Moreno, el rector entreg\u00f3 tambi\u00e9n 15 computadoras de \u00faltima generaci\u00f3n, cinco pantallas, cinco proyectores, 15 c\u00e1maras y 15 sillas, en beneficio de la comunidad verde y oro de este municipio mexiquense.<\/p>\n<p>En tanto, en el Centro Universitario Nezahualc\u00f3yotl entreg\u00f3 40 computadoras de \u00faltima generaci\u00f3n -25 de ellas destinadas a laboratorios-, 15 c\u00e1maras, 10 pantallas, cinco proyectores y 15 sillas.<\/p>\n<p>En el marco de la visita a ambos espacios universitarios, el rector agradeci\u00f3 el incremento presupuestal para la instituci\u00f3n gestionado por la gobernadora mexiquense Delfina G\u00f3mez \u00c1lvarez y aprobado por la LXII Legislatura mexiquense.<\/p>\n<p>Ante los encargados del despacho de la coordinaci\u00f3n de la Unidad Acad\u00e9mica Profesional Chimalhuac\u00e1n, Perla Jessica Garc\u00eda Manzano, y del Centro Universitario Nezahualc\u00f3yotl, Francisco Javier G\u00f3mez Giles, as\u00ed como estudiantes, acad\u00e9micos y trabajadores administrativos de ambos espacios, el rector reiter\u00f3 el compromiso de la administraci\u00f3n que encabeza para seguir renovando la infraestructura de todos los campus de la instituci\u00f3n.<\/p>\n<p>La UAEM\u00e9x, puntualiz\u00f3, trabaja de la mano de los gobiernos municipales, estatal y federal para continuar consolid\u00e1ndose como la mejor universidad p\u00fablica estatal del pa\u00eds, con instalaciones e infraestructura dignas y un ambiente seguro para su comunidad.<\/p>\n","protected":false},"excerpt":{"rendered":"<p>&nbsp; Chimalhuac\u00e1n, M\u00e9x.- El rector de la Universidad Aut\u00f3noma del Estado de M\u00e9xico (UAEM\u00e9x), Carlos Eduardo Barrera D\u00edaz, entreg\u00f3 el Edificio \u00abG\u00bb de la Unidad Acad\u00e9mica Profesional Chimalhuac\u00e1n, espacio destinado a la formaci\u00f3n de universitarios profesionales y comprometidos con la sociedad. Acompa\u00f1ado de la secretaria de Administraci\u00f3n de la instituci\u00f3n, Er\u00e9ndira Fierro Moreno, el rector [&hellip;]<\/p>\n","protected":false},"author":12,"featured_media":652548,"comment_status":"open","ping_status":"open","sticky":false,"template":"","format":"standard","meta":{"_monsterinsights_skip_tracking":false,"_monsterinsights_sitenote_active":false,"_monsterinsights_sitenote_note":"","_monsterinsights_sitenote_category":0,"footnotes":""},"categories":[16,5],"tags":[],"class_list":["post-652547","post","type-post","status-publish","format-standard","has-post-thumbnail","hentry","category-destacadas","category-estado-de-mexico"],"_links":{"self":[{"href":"https:\/\/www.diarioimagen.net\/index.php?rest_route=\/wp\/v2\/posts\/652547","targetHints":{"allow":["GET"]}}],"collection":[{"href":"https:\/\/www.diarioimagen.net\/index.php?rest_route=\/wp\/v2\/posts"}],"about":[{"href":"https:\/\/www.diarioimagen.net\/index.php?rest_route=\/wp\/v2\/types\/post"}],"author":[{"embeddable":true,"href":"https:\/\/www.diarioimagen.net\/index.php?rest_route=\/wp\/v2\/users\/12"}],"replies":[{"embeddable":true,"href":"https:\/\/www.diarioimagen.net\/index.php?rest_route=%2Fwp%2Fv2%2Fcomments&post=652547"}],"version-history":[{"count":1,"href":"https:\/\/www.diarioimagen.net\/index.php?rest_route=\/wp\/v2\/posts\/652547\/revisions"}],"predecessor-version":[{"id":652549,"href":"https:\/\/www.diarioimagen.net\/index.php?rest_route=\/wp\/v2\/posts\/652547\/revisions\/652549"}],"wp:featuredmedia":[{"embeddable":true,"href":"https:\/\/www.diarioimagen.net\/index.php?rest_route=\/wp\/v2\/media\/652548"}],"wp:attachment":[{"href":"https:\/\/www.diarioimagen.net\/index.php?rest_route=%2Fwp%2Fv2%2Fmedia&parent=652547"}],"wp:term":[{"taxonomy":"category","embeddable":true,"href":"https:\/\/www.diarioimagen.net\/index.php?rest_route=%2Fwp%2Fv2%2Fcategories&post=652547"},{"taxonomy":"post_tag","embeddable":true,"href":"https:\/\/www.diarioimagen.net\/index.php?rest_route=%2Fwp%2Fv2%2Ftags&post=652547"}],"curies":[{"name":"wp","href":"https:\/\/api.w.org\/{rel}","templated":true}]}}