{"id":652550,"date":"2025-01-13T00:10:46","date_gmt":"2025-01-13T06:10:46","guid":{"rendered":"https:\/\/www.diarioimagen.net\/?p=652550"},"modified":"2025-01-13T03:53:47","modified_gmt":"2025-01-13T09:53:47","slug":"leonardo-hernandez-valdespino-estudiante-uaemex-resignifico-espacio-atravesado-por-la-violencia","status":"publish","type":"post","link":"https:\/\/www.diarioimagen.net\/?p=652550","title":{"rendered":"Leonardo Hern\u00e1ndez Valdespino,  estudiante UAEM\u00e9x, resignific\u00f3  espacio atravesado por la violencia"},"content":{"rendered":"<div id=\"attachment_652551\" style=\"width: 415px\" class=\"wp-caption aligncenter\"><img loading=\"lazy\" decoding=\"async\" aria-describedby=\"caption-attachment-652551\" class=\"wp-image-652551 size-large\" src=\"https:\/\/www.diarioimagen.net\/wp-content\/uploads\/2025\/01\/UAEM2-405x270.jpg\" alt=\"\" width=\"405\" height=\"270\" srcset=\"https:\/\/www.diarioimagen.net\/wp-content\/uploads\/2025\/01\/UAEM2-405x270.jpg 405w, https:\/\/www.diarioimagen.net\/wp-content\/uploads\/2025\/01\/UAEM2-240x160.jpg 240w, https:\/\/www.diarioimagen.net\/wp-content\/uploads\/2025\/01\/UAEM2-768x512.jpg 768w, https:\/\/www.diarioimagen.net\/wp-content\/uploads\/2025\/01\/UAEM2.jpg 1333w\" sizes=\"auto, (max-width: 405px) 100vw, 405px\" \/><p id=\"caption-attachment-652551\" class=\"wp-caption-text\">\u201cPuente (No) Nuestro\u201d, de Leonardo Cassiel Hern\u00e1ndez Valdespino, estudiante de la Escuela de Artes Esc\u00e9nicas de la UAEM\u00e9x), tiene como objetivo resignificar los espacios que han sido marcados por la violencia.<\/p><\/div>\n<p>&nbsp;<\/p>\n<p>Toluca, M\u00e9x.-\u00a0 La obra \u201cPuente (No) Nuestro\u201d, de Leonardo Cassiel Hern\u00e1ndez Valdespino, estudiante de la Escuela de Artes Esc\u00e9nicas de la Universidad Aut\u00f3noma del Estado de M\u00e9xico (UAEM\u00e9x), la cual fue una de las seleccionadas en la Bienal Internacional de Arte Universitario, tiene como objetivo resignificar los espacios que han sido marcados por la violencia.<\/p>\n<p>Esta obra consiste en un video registro de lo que ser\u00eda una instalaci\u00f3n en el puente de Paseo Tollocan, cercano a la Facultad de Humanidades. Para Hern\u00e1ndez Valdespino en este espacio naci\u00f3 una inquietud sobre la crisis de violencia que vive M\u00e9xico actualmente.<\/p>\n<p>\u201cLos actos de violencia nos han arrancado espacios p\u00fablicos y las v\u00edas de tr\u00e1nsito por ello es necesario contrarrestarlos, haber hecho esto me ha llevado a muchas reflexiones sobre lo que era la resignificaci\u00f3n de espacios antes y despu\u00e9s de hacer esto. Estos ejercicios parten no de quitar el significado original, sino de transformarlo\u201d, apunt\u00f3.<\/p>\n<p>En este sentido, Leonardo Hern\u00e1ndez destac\u00f3 que para \u00e9l hacer esta resignificaci\u00f3n naci\u00f3 por el deseo de hacer algo diferente e inspirado por el poema \u201cYo nac\u00ed para cruzar puentes\u201d de Maliyel Beverido.<\/p>\n<p>Para Hern\u00e1ndez Valdespino es importante resignificar este espacio y otros espacios a nivel nacional, ya que como ciudadan\u00eda estamos acostumbrados a vivir en ciudades en donde no podemos transitar a causa de la violencia. Es por ello que esta obra es una invitaci\u00f3n para las y los habitantes del territorio a recuperar los espacios que se han perdido.<\/p>\n<p>En este sentido, mencion\u00f3 que a\u00fan hay un largo camino que recorrer hac\u00eda la paz, el cual no es lineal, pero que desde el arte se significa libertad, por ello es necesario que la gente se sienta libre en sus lugares de origen.<\/p>\n<p>Finalmente, Leonardo Cassiel exhort\u00f3 al estudiantado a expresarse desde el mejor lienzo y plataforma que se pueda colocar para que los mensajes sean escuchados. La obra \u201cPuente (No) Nuestro\u201d puede ser apreciada en la Galer\u00eda D\u00e9lfica, ubicada en el Edificio UAEMITAS de la UAEM\u00e9x hasta el 31 de enero de 2025, en un horario de 9:00 a 18:00 horas.<\/p>\n","protected":false},"excerpt":{"rendered":"<p>&nbsp; Toluca, M\u00e9x.-\u00a0 La obra \u201cPuente (No) Nuestro\u201d, de Leonardo Cassiel Hern\u00e1ndez Valdespino, estudiante de la Escuela de Artes Esc\u00e9nicas de la Universidad Aut\u00f3noma del Estado de M\u00e9xico (UAEM\u00e9x), la cual fue una de las seleccionadas en la Bienal Internacional de Arte Universitario, tiene como objetivo resignificar los espacios que han sido marcados por la [&hellip;]<\/p>\n","protected":false},"author":12,"featured_media":652551,"comment_status":"open","ping_status":"open","sticky":false,"template":"","format":"standard","meta":{"_monsterinsights_skip_tracking":false,"_monsterinsights_sitenote_active":false,"_monsterinsights_sitenote_note":"","_monsterinsights_sitenote_category":0,"footnotes":""},"categories":[16,5],"tags":[],"class_list":["post-652550","post","type-post","status-publish","format-standard","has-post-thumbnail","hentry","category-destacadas","category-estado-de-mexico"],"_links":{"self":[{"href":"https:\/\/www.diarioimagen.net\/index.php?rest_route=\/wp\/v2\/posts\/652550","targetHints":{"allow":["GET"]}}],"collection":[{"href":"https:\/\/www.diarioimagen.net\/index.php?rest_route=\/wp\/v2\/posts"}],"about":[{"href":"https:\/\/www.diarioimagen.net\/index.php?rest_route=\/wp\/v2\/types\/post"}],"author":[{"embeddable":true,"href":"https:\/\/www.diarioimagen.net\/index.php?rest_route=\/wp\/v2\/users\/12"}],"replies":[{"embeddable":true,"href":"https:\/\/www.diarioimagen.net\/index.php?rest_route=%2Fwp%2Fv2%2Fcomments&post=652550"}],"version-history":[{"count":1,"href":"https:\/\/www.diarioimagen.net\/index.php?rest_route=\/wp\/v2\/posts\/652550\/revisions"}],"predecessor-version":[{"id":652552,"href":"https:\/\/www.diarioimagen.net\/index.php?rest_route=\/wp\/v2\/posts\/652550\/revisions\/652552"}],"wp:featuredmedia":[{"embeddable":true,"href":"https:\/\/www.diarioimagen.net\/index.php?rest_route=\/wp\/v2\/media\/652551"}],"wp:attachment":[{"href":"https:\/\/www.diarioimagen.net\/index.php?rest_route=%2Fwp%2Fv2%2Fmedia&parent=652550"}],"wp:term":[{"taxonomy":"category","embeddable":true,"href":"https:\/\/www.diarioimagen.net\/index.php?rest_route=%2Fwp%2Fv2%2Fcategories&post=652550"},{"taxonomy":"post_tag","embeddable":true,"href":"https:\/\/www.diarioimagen.net\/index.php?rest_route=%2Fwp%2Fv2%2Ftags&post=652550"}],"curies":[{"name":"wp","href":"https:\/\/api.w.org\/{rel}","templated":true}]}}