{"id":652553,"date":"2025-01-13T00:10:33","date_gmt":"2025-01-13T06:10:33","guid":{"rendered":"https:\/\/www.diarioimagen.net\/?p=652553"},"modified":"2025-01-13T03:55:31","modified_gmt":"2025-01-13T09:55:31","slug":"linea-iii-del-mexicable-beneficiara-a-700-mil-personas-en-naucalpan","status":"publish","type":"post","link":"https:\/\/www.diarioimagen.net\/?p=652553","title":{"rendered":"L\u00ednea III del Mexicable beneficiar\u00e1  a 700 mil personas en Naucalpan"},"content":{"rendered":"<div id=\"attachment_652554\" style=\"width: 414px\" class=\"wp-caption aligncenter\"><img loading=\"lazy\" decoding=\"async\" aria-describedby=\"caption-attachment-652554\" class=\"wp-image-652554 size-large\" src=\"https:\/\/www.diarioimagen.net\/wp-content\/uploads\/2025\/01\/EDOMEX-1-1-404x270.jpeg\" alt=\"\" width=\"404\" height=\"270\" srcset=\"https:\/\/www.diarioimagen.net\/wp-content\/uploads\/2025\/01\/EDOMEX-1-1-404x270.jpeg 404w, https:\/\/www.diarioimagen.net\/wp-content\/uploads\/2025\/01\/EDOMEX-1-1-240x160.jpeg 240w, https:\/\/www.diarioimagen.net\/wp-content\/uploads\/2025\/01\/EDOMEX-1-1-768x513.jpeg 768w, https:\/\/www.diarioimagen.net\/wp-content\/uploads\/2025\/01\/EDOMEX-1-1-1536x1025.jpeg 1536w, https:\/\/www.diarioimagen.net\/wp-content\/uploads\/2025\/01\/EDOMEX-1-1.jpeg 1600w\" sizes=\"auto, (max-width: 404px) 100vw, 404px\" \/><p id=\"caption-attachment-652554\" class=\"wp-caption-text\">El Gobierno del Estado de M\u00e9xico, a trav\u00e9s de la Secretar\u00eda de Movilidad, present\u00f3 el proyecto de la L\u00ednea 3 del Mexicable a diputados federales, estatales y a las nuevas autoridades municipales de Naucalpan.<\/p><\/div>\n<p>&nbsp;<\/p>\n<p>Naucalpan, Estado de M\u00e9xico.- Con el fin de sumar esfuerzos y socializar los beneficios de la l\u00ednea III del Mexicable, Mexipuerto Toreo-Chamapa Izcalli-Lomas del Cadete, el Gobierno del Estado de M\u00e9xico, a trav\u00e9s de la Secretar\u00eda de Movilidad, present\u00f3 el proyecto a diputados federales, estatales y a las nuevas autoridades municipales de Naucalpan.<\/p>\n<p>Durante la reuni\u00f3n realizada en la estaci\u00f3n Jorge Jim\u00e9nez Cant\u00fa de la l\u00ednea II del Mexicable, Daniel Sibaja, Secretario de Movilidad, destac\u00f3 que cada una de las 10 estaciones de la l\u00ednea III del Mexicable ser\u00e1n parte del desarrollo integral de la comunidad en la zona alta de Naucalpan; adem\u00e1s de que se convertir\u00e1 en un transporte digno, seguro, r\u00e1pido, ecol\u00f3gico y silencioso.<\/p>\n<p>Asegur\u00f3 que la prioridad para el Gobierno de la Maestra Delfina G\u00f3mez \u00c1lvarez es llevar un transporte de calidad a las comunidades y a los que menos tienen, por lo que la suma de esfuerzos entre legisladores y autoridades locales es fundamental para llevar lo antes posible un nuevo beneficio a las y los mexiquenses.<\/p>\n<p>Por su parte, Isaac Montoya M\u00e1rquez, Presidente Municipal de Naucalpan de Ju\u00e1rez, celebr\u00f3 que la construcci\u00f3n de la L\u00ednea III del Mexicable sea una realidad, con un avance del 30 por ciento en la infraestructura. \u201cEste proyecto de transporte cambiar\u00e1 por completo la vida de las y los naucalpenses\u201d, dijo.<\/p>\n<p>A su vez, Rosa Mar\u00eda Z\u00fa\u00f1iga Canales, Directora General del Sistema de Transporte Masivo y Telef\u00e9rico (Sitramytem) dijo que la l\u00ednea III del Mexicable beneficiar\u00e1 a m\u00e1s de 700 mil personas de la parte alta de Naucalpan y se reducir\u00e1n los tiempos de traslado de una hora a 30 minutos.<\/p>\n<p>Este proyecto est\u00e1 integrado por 10 estaciones, seis troncales y dos antenas, con dos estaciones cada una, y se estima que en una etapa inicial se tendr\u00e1 una demanda de 40 mil usuarios.<\/p>\n<p>A este recorrido tambi\u00e9n asistieron Jos\u00e9 Luis Dur\u00e1n Reveles y Martha Amalia Moya Bast\u00f3n, diputados federales; Israel Esp\u00edndola L\u00f3pez, diputado local y regidores de Naucalpan de Ju\u00e1rez.<\/p>\n","protected":false},"excerpt":{"rendered":"<p>&nbsp; Naucalpan, Estado de M\u00e9xico.- Con el fin de sumar esfuerzos y socializar los beneficios de la l\u00ednea III del Mexicable, Mexipuerto Toreo-Chamapa Izcalli-Lomas del Cadete, el Gobierno del Estado de M\u00e9xico, a trav\u00e9s de la Secretar\u00eda de Movilidad, present\u00f3 el proyecto a diputados federales, estatales y a las nuevas autoridades municipales de Naucalpan. Durante [&hellip;]<\/p>\n","protected":false},"author":12,"featured_media":652554,"comment_status":"open","ping_status":"open","sticky":false,"template":"","format":"standard","meta":{"_monsterinsights_skip_tracking":false,"_monsterinsights_sitenote_active":false,"_monsterinsights_sitenote_note":"","_monsterinsights_sitenote_category":0,"footnotes":""},"categories":[5],"tags":[],"class_list":["post-652553","post","type-post","status-publish","format-standard","has-post-thumbnail","hentry","category-estado-de-mexico"],"_links":{"self":[{"href":"https:\/\/www.diarioimagen.net\/index.php?rest_route=\/wp\/v2\/posts\/652553","targetHints":{"allow":["GET"]}}],"collection":[{"href":"https:\/\/www.diarioimagen.net\/index.php?rest_route=\/wp\/v2\/posts"}],"about":[{"href":"https:\/\/www.diarioimagen.net\/index.php?rest_route=\/wp\/v2\/types\/post"}],"author":[{"embeddable":true,"href":"https:\/\/www.diarioimagen.net\/index.php?rest_route=\/wp\/v2\/users\/12"}],"replies":[{"embeddable":true,"href":"https:\/\/www.diarioimagen.net\/index.php?rest_route=%2Fwp%2Fv2%2Fcomments&post=652553"}],"version-history":[{"count":1,"href":"https:\/\/www.diarioimagen.net\/index.php?rest_route=\/wp\/v2\/posts\/652553\/revisions"}],"predecessor-version":[{"id":652555,"href":"https:\/\/www.diarioimagen.net\/index.php?rest_route=\/wp\/v2\/posts\/652553\/revisions\/652555"}],"wp:featuredmedia":[{"embeddable":true,"href":"https:\/\/www.diarioimagen.net\/index.php?rest_route=\/wp\/v2\/media\/652554"}],"wp:attachment":[{"href":"https:\/\/www.diarioimagen.net\/index.php?rest_route=%2Fwp%2Fv2%2Fmedia&parent=652553"}],"wp:term":[{"taxonomy":"category","embeddable":true,"href":"https:\/\/www.diarioimagen.net\/index.php?rest_route=%2Fwp%2Fv2%2Fcategories&post=652553"},{"taxonomy":"post_tag","embeddable":true,"href":"https:\/\/www.diarioimagen.net\/index.php?rest_route=%2Fwp%2Fv2%2Ftags&post=652553"}],"curies":[{"name":"wp","href":"https:\/\/api.w.org\/{rel}","templated":true}]}}