{"id":652556,"date":"2025-01-13T00:10:44","date_gmt":"2025-01-13T06:10:44","guid":{"rendered":"https:\/\/www.diarioimagen.net\/?p=652556"},"modified":"2025-01-13T03:56:40","modified_gmt":"2025-01-13T09:56:40","slug":"servidores-publicos-deben-presentar-su-declaracion-patrimonial","status":"publish","type":"post","link":"https:\/\/www.diarioimagen.net\/?p=652556","title":{"rendered":"Servidores p\u00fablicos deben presentar su declaraci\u00f3n patrimonial"},"content":{"rendered":"<div id=\"attachment_652557\" style=\"width: 415px\" class=\"wp-caption aligncenter\"><img loading=\"lazy\" decoding=\"async\" aria-describedby=\"caption-attachment-652557\" class=\"wp-image-652557 size-large\" src=\"https:\/\/www.diarioimagen.net\/wp-content\/uploads\/2025\/01\/EDOMEX-2-405x270.jpeg\" alt=\"\" width=\"405\" height=\"270\" srcset=\"https:\/\/www.diarioimagen.net\/wp-content\/uploads\/2025\/01\/EDOMEX-2-405x270.jpeg 405w, https:\/\/www.diarioimagen.net\/wp-content\/uploads\/2025\/01\/EDOMEX-2-240x160.jpeg 240w, https:\/\/www.diarioimagen.net\/wp-content\/uploads\/2025\/01\/EDOMEX-2-768x512.jpeg 768w, https:\/\/www.diarioimagen.net\/wp-content\/uploads\/2025\/01\/EDOMEX-2-1536x1023.jpeg 1536w, https:\/\/www.diarioimagen.net\/wp-content\/uploads\/2025\/01\/EDOMEX-2.jpeg 1600w\" sizes=\"auto, (max-width: 405px) 100vw, 405px\" \/><p id=\"caption-attachment-652557\" class=\"wp-caption-text\">La Secretar\u00eda de la Contralor\u00eda Edomex hace un llamado a todas las personas servidoras p\u00fablicas que se incorporaron a la administraci\u00f3n p\u00fablica estatal y municipal, o que finalizaron, para que presenten su declaraci\u00f3n patrimonial.<\/p><\/div>\n<p>&nbsp;<\/p>\n<p>Toluca, Estado de M\u00e9xico.- La Secretar\u00eda de la Contralor\u00eda del Gobierno del Estado de M\u00e9xico hace un llamado a todas las personas servidoras p\u00fablicas que recientemente se incorporaron a la administraci\u00f3n p\u00fablica estatal y municipal, o que finalizaron su encomienda, para que presenten su Declaraci\u00f3n Patrimonial.<\/p>\n<p>&nbsp;<\/p>\n<p>De acuerdo con la Ley de Responsabilidades Administrativas del Estado de M\u00e9xico y Municipios, las y los servidores p\u00fablicos tienen la obligaci\u00f3n de cumplir con este requerimiento en un plazo m\u00e1ximo de 60 d\u00edas naturales posteriores a la toma de posesi\u00f3n o a la conclusi\u00f3n del empleo, cargo o comisi\u00f3n.<\/p>\n<p>&nbsp;<\/p>\n<p>El incumplimiento de esta responsabilidad es considerado una falta administrativa no grave y puede derivar en sanciones que van desde una amonestaci\u00f3n hasta la inhabilitaci\u00f3n temporal, dependiendo de las circunstancias del caso.<\/p>\n<p>&nbsp;<\/p>\n<p>Con el objetivo de facilitar este proceso, la dependencia encabezada por Hilda Salazar Gil, ha implementado una campa\u00f1a de difusi\u00f3n a trav\u00e9s de las redes sociales institucionales, orientada a informar y asistir a las personas servidoras p\u00fablicas en el cumplimiento de esta obligaci\u00f3n.<\/p>\n<p>&nbsp;<\/p>\n<p>La declaraci\u00f3n puede realizarse mediante el micrositio Decl@ranet, disponible en la p\u00e1gina web oficial de la Secretar\u00eda de la Contralor\u00eda: https:\/\/declaranet.secogem.gob.mx\/.<\/p>\n<p>&nbsp;<\/p>\n<p>En este sitio, las y los interesados encontrar\u00e1n una gu\u00eda para facilitar el llenado y presentaci\u00f3n de su Declaraci\u00f3n, as\u00ed como un video tutorial y un chat de asistencia en l\u00ednea para resolver dudas.<\/p>\n<p>&nbsp;<\/p>\n<p>&nbsp;<\/p>\n<p>La Secretar\u00eda de la Contralor\u00eda reafirma su compromiso con la transparencia y la rendici\u00f3n de cuentas, pilares fundamentales para el fortalecimiento de la confianza ciudadana en el servicio p\u00fablico, en congruencia con la visi\u00f3n de la Gobernadora Delfina G\u00f3mez \u00c1lvarez, de promover una administraci\u00f3n honesta y transparente.<\/p>\n","protected":false},"excerpt":{"rendered":"<p>&nbsp; Toluca, Estado de M\u00e9xico.- La Secretar\u00eda de la Contralor\u00eda del Gobierno del Estado de M\u00e9xico hace un llamado a todas las personas servidoras p\u00fablicas que recientemente se incorporaron a la administraci\u00f3n p\u00fablica estatal y municipal, o que finalizaron su encomienda, para que presenten su Declaraci\u00f3n Patrimonial. &nbsp; De acuerdo con la Ley de Responsabilidades [&hellip;]<\/p>\n","protected":false},"author":12,"featured_media":652557,"comment_status":"open","ping_status":"open","sticky":false,"template":"","format":"standard","meta":{"_monsterinsights_skip_tracking":false,"_monsterinsights_sitenote_active":false,"_monsterinsights_sitenote_note":"","_monsterinsights_sitenote_category":0,"footnotes":""},"categories":[5],"tags":[],"class_list":["post-652556","post","type-post","status-publish","format-standard","has-post-thumbnail","hentry","category-estado-de-mexico"],"_links":{"self":[{"href":"https:\/\/www.diarioimagen.net\/index.php?rest_route=\/wp\/v2\/posts\/652556","targetHints":{"allow":["GET"]}}],"collection":[{"href":"https:\/\/www.diarioimagen.net\/index.php?rest_route=\/wp\/v2\/posts"}],"about":[{"href":"https:\/\/www.diarioimagen.net\/index.php?rest_route=\/wp\/v2\/types\/post"}],"author":[{"embeddable":true,"href":"https:\/\/www.diarioimagen.net\/index.php?rest_route=\/wp\/v2\/users\/12"}],"replies":[{"embeddable":true,"href":"https:\/\/www.diarioimagen.net\/index.php?rest_route=%2Fwp%2Fv2%2Fcomments&post=652556"}],"version-history":[{"count":1,"href":"https:\/\/www.diarioimagen.net\/index.php?rest_route=\/wp\/v2\/posts\/652556\/revisions"}],"predecessor-version":[{"id":652558,"href":"https:\/\/www.diarioimagen.net\/index.php?rest_route=\/wp\/v2\/posts\/652556\/revisions\/652558"}],"wp:featuredmedia":[{"embeddable":true,"href":"https:\/\/www.diarioimagen.net\/index.php?rest_route=\/wp\/v2\/media\/652557"}],"wp:attachment":[{"href":"https:\/\/www.diarioimagen.net\/index.php?rest_route=%2Fwp%2Fv2%2Fmedia&parent=652556"}],"wp:term":[{"taxonomy":"category","embeddable":true,"href":"https:\/\/www.diarioimagen.net\/index.php?rest_route=%2Fwp%2Fv2%2Fcategories&post=652556"},{"taxonomy":"post_tag","embeddable":true,"href":"https:\/\/www.diarioimagen.net\/index.php?rest_route=%2Fwp%2Fv2%2Ftags&post=652556"}],"curies":[{"name":"wp","href":"https:\/\/api.w.org\/{rel}","templated":true}]}}