{"id":652627,"date":"2025-01-14T00:10:53","date_gmt":"2025-01-14T06:10:53","guid":{"rendered":"https:\/\/www.diarioimagen.net\/?p=652627"},"modified":"2025-01-13T23:38:26","modified_gmt":"2025-01-14T05:38:26","slug":"el-estado-de-mexico-de-los-mas-favorecidos-por-la-4t","status":"publish","type":"post","link":"https:\/\/www.diarioimagen.net\/?p=652627","title":{"rendered":"El Estado de M\u00e9xico, de los m\u00e1s favorecidos por la 4T"},"content":{"rendered":"<div id=\"attachment_652628\" style=\"width: 415px\" class=\"wp-caption aligncenter\"><img loading=\"lazy\" decoding=\"async\" aria-describedby=\"caption-attachment-652628\" class=\"wp-image-652628 size-large\" src=\"https:\/\/www.diarioimagen.net\/wp-content\/uploads\/2025\/01\/EDOMEX-2-ok-6-405x270.jpg\" alt=\"\" width=\"405\" height=\"270\" srcset=\"https:\/\/www.diarioimagen.net\/wp-content\/uploads\/2025\/01\/EDOMEX-2-ok-6-405x270.jpg 405w, https:\/\/www.diarioimagen.net\/wp-content\/uploads\/2025\/01\/EDOMEX-2-ok-6-240x160.jpg 240w, https:\/\/www.diarioimagen.net\/wp-content\/uploads\/2025\/01\/EDOMEX-2-ok-6-768x511.jpg 768w, https:\/\/www.diarioimagen.net\/wp-content\/uploads\/2025\/01\/EDOMEX-2-ok-6.jpg 1500w\" sizes=\"auto, (max-width: 405px) 100vw, 405px\" \/><p id=\"caption-attachment-652628\" class=\"wp-caption-text\">La gobernadora Delfina G\u00f3mez acompa\u00f1\u00f3 a la presidenta Claudia Sheinbaum en su mensaje de 100 d\u00edas.<\/p><\/div>\n<p>&nbsp;<\/p>\n<p>Cuauht\u00e9moc, Ciudad de M\u00e9xico. &#8211; El Estado de M\u00e9xico fue una de las entidades m\u00e1s favorecidas en el mensaje de la Presidenta Claudia Sheinbaum Pardo con motivo de los 100 D\u00edas del Segundo Piso de la Cuarta Transformaci\u00f3n, evento al que asisti\u00f3 la Gobernadora Delfina G\u00f3mez \u00c1lvarez.<\/p>\n<p>&nbsp;<\/p>\n<p>\u201c#EDOMEXConClaudia | Acudimos al Z\u00f3calo de la #CDMX para acompa\u00f1ar a nuestra Presidenta @claudiashein en su informe con motivo de los primeros #100D\u00edasDeGobierno. Son muchas las acciones que en el Segundo Piso de la #CuartaTransformaci\u00f3n nuestra Presidenta ha impulsado, viendo por sectores olvidados y reivindicando el papel de las mujeres, porque con ella \u00a1llegamos todas!<\/p>\n<p>&nbsp;<\/p>\n<p>\u201cResalto su apoyo a nuestro #EstadoDeM\u00e9xico, donde de manera coordinada estamos trabajando para que la transformaci\u00f3n se siga haciendo presente con apoyos en educaci\u00f3n, salud, agua, vivienda y tenencia de la tierra. Muchas felicidades, Presidenta, por sus primeros 100 d\u00edas de Gobierno y demostrar que millones de mexicanas y mexicanos elegimos a la mejor mujer para ser la Primera Presidenta de M\u00e9xico. #100D\u00edasPresidenta,\u201d coment\u00f3 la Gobernadora Delfina G\u00f3mez \u00c1lvarez en sus redes sociales.<\/p>\n<p>&nbsp;<\/p>\n<p>La gobernadora mexiquense salud\u00f3 en primera fila a la Presidenta de M\u00e9xico, previ\u00f3 a que \u00e9sta diera cuenta de lo realizado en los primeros cien d\u00edas de gesti\u00f3n y de diversos apoyos comprometidos para la entidad mexiquense para este 2025.<\/p>\n<p>&nbsp;<\/p>\n<p>Entre estos apoyos destacan la creaci\u00f3n de la Universidad Nacional Rosario Castellanos que en este a\u00f1o tendr\u00e1 seis nuevos campus con 25 mil estudiantes; dos de ellos estar\u00e1n ubicados en Chalco y en Naucalpan, Estado de M\u00e9xico.<\/p>\n<p>En este a\u00f1o iniciar\u00e1 tambi\u00e9n la ampliaci\u00f3n de 11 carreteras en el pa\u00eds, entre ellas, la vialidad Toluca-Zihuatanejo.<\/p>\n<p>&nbsp;<\/p>\n<p>En materia de agua y prevenci\u00f3n de inundaciones arrancar\u00e1n 17 proyectos estrat\u00e9gicos, uno de ellos para la Zona Metropolitana del Valle de M\u00e9xico.<\/p>\n<p>&nbsp;<\/p>\n<p>Durante 2025, se destinar\u00e1 una inversi\u00f3n hist\u00f3rica para el saneamiento y la restauraci\u00f3n de los r\u00edos Atoyac, Lerma-Santiago y Tula, lo que permitir\u00e1 el desarrollo de acciones para limpiar los r\u00edos y beneficiar a la poblaci\u00f3n mexiquense que vive alrededor de ellos.<\/p>\n<p>&nbsp;<\/p>\n<p>Y se proyecta la conclusi\u00f3n de 18 hospitales del IMSS-Bienestar y la construcci\u00f3n de 20 puentes y distribuidores viales en diversas entidades, en ambos casos, est\u00e1 considerado el Estado de M\u00e9xico.<\/p>\n","protected":false},"excerpt":{"rendered":"<p>&nbsp; Cuauht\u00e9moc, Ciudad de M\u00e9xico. &#8211; El Estado de M\u00e9xico fue una de las entidades m\u00e1s favorecidas en el mensaje de la Presidenta Claudia Sheinbaum Pardo con motivo de los 100 D\u00edas del Segundo Piso de la Cuarta Transformaci\u00f3n, evento al que asisti\u00f3 la Gobernadora Delfina G\u00f3mez \u00c1lvarez. &nbsp; \u201c#EDOMEXConClaudia | Acudimos al Z\u00f3calo de [&hellip;]<\/p>\n","protected":false},"author":12,"featured_media":652628,"comment_status":"open","ping_status":"open","sticky":false,"template":"","format":"standard","meta":{"_monsterinsights_skip_tracking":false,"_monsterinsights_sitenote_active":false,"_monsterinsights_sitenote_note":"","_monsterinsights_sitenote_category":0,"footnotes":""},"categories":[5],"tags":[],"class_list":["post-652627","post","type-post","status-publish","format-standard","has-post-thumbnail","hentry","category-estado-de-mexico"],"_links":{"self":[{"href":"https:\/\/www.diarioimagen.net\/index.php?rest_route=\/wp\/v2\/posts\/652627","targetHints":{"allow":["GET"]}}],"collection":[{"href":"https:\/\/www.diarioimagen.net\/index.php?rest_route=\/wp\/v2\/posts"}],"about":[{"href":"https:\/\/www.diarioimagen.net\/index.php?rest_route=\/wp\/v2\/types\/post"}],"author":[{"embeddable":true,"href":"https:\/\/www.diarioimagen.net\/index.php?rest_route=\/wp\/v2\/users\/12"}],"replies":[{"embeddable":true,"href":"https:\/\/www.diarioimagen.net\/index.php?rest_route=%2Fwp%2Fv2%2Fcomments&post=652627"}],"version-history":[{"count":1,"href":"https:\/\/www.diarioimagen.net\/index.php?rest_route=\/wp\/v2\/posts\/652627\/revisions"}],"predecessor-version":[{"id":652629,"href":"https:\/\/www.diarioimagen.net\/index.php?rest_route=\/wp\/v2\/posts\/652627\/revisions\/652629"}],"wp:featuredmedia":[{"embeddable":true,"href":"https:\/\/www.diarioimagen.net\/index.php?rest_route=\/wp\/v2\/media\/652628"}],"wp:attachment":[{"href":"https:\/\/www.diarioimagen.net\/index.php?rest_route=%2Fwp%2Fv2%2Fmedia&parent=652627"}],"wp:term":[{"taxonomy":"category","embeddable":true,"href":"https:\/\/www.diarioimagen.net\/index.php?rest_route=%2Fwp%2Fv2%2Fcategories&post=652627"},{"taxonomy":"post_tag","embeddable":true,"href":"https:\/\/www.diarioimagen.net\/index.php?rest_route=%2Fwp%2Fv2%2Ftags&post=652627"}],"curies":[{"name":"wp","href":"https:\/\/api.w.org\/{rel}","templated":true}]}}